{"id":109824,"date":"2022-05-24T13:00:00","date_gmt":"2022-05-24T13:00:00","guid":{"rendered":"https:\/\/www.phorest.com\/?p=109824"},"modified":"2022-05-23T15:36:30","modified_gmt":"2022-05-23T15:36:30","slug":"top-hair-messe-2022","status":"publish","type":"post","link":"https:\/\/www.phorest.com\/de\/blog\/top-hair-messe-2022\/","title":{"rendered":"Top Hair Messe 2022 &#8211; Ein Wochenende voller Wiedersehen"},"content":{"rendered":"\n<p>Nach 2 Jahren Pause hat Top Hair wieder zum Event des Jahres in der Friseurbranche geladen. Der Top Hair Messe in D\u00fcsseldorf. Mit 350 Aussteller:innen und ca. 19.000 Besucher:innen hat sich die Messe um etwas mehr als 50 % im Vergleich zu 2019 verkleinert. Viele Besucher:innen w\u00fcrden jedoch sagen, dass die Messe in vielerlei Hinsicht \u00fcber sich hinausgewachsen ist.<\/p>\n\n\n\n<p>Du hast es dieses Jahr nicht zur Top Hair geschafft? Kein Problem! Begleite uns \u00fcber die 2 Tage auf der Top Hair.<\/p>\n\n\n\n<h2 class=\"wp-block-heading\"><strong><strong>Programm &amp; Plausch &amp; Partnerschaften<\/strong><\/strong><\/h2>\n\n\n\n<p>Neben der Gelegenheit sich endlich wieder pers\u00f6nlich einen Markt\u00fcberblick zu verschaffen, konnten wir uns wieder Mensch zu Mensch miteinander austauschen.<\/p>\n\n\n\n<p>Die Top Hair bot spannende Workshops, Vortr\u00e4ge und neue Eindr\u00fccke, die sowohl Besucher:innen, als auch Aussteller:innen begeistert haben. Branchenexpert:innen sprachen zum Beispiel \u00fcber \u201cDie Krise als Chance\u201d, wor\u00fcber ihr in <a href=\"https:\/\/www.tophair.de\/branche\/branche-detailseite\/die-krise-als-chance-stimmen-auf-der-top-hair-messe?fbclid=IwAR2-M1myhPdLO8AYMM6JJbdvr7l3sh0AAVcVScfhvM7ChhaXjEM-qojrUDU\" target=\"_blank\" rel=\"noreferrer noopener\">diesem Artikel<\/a> mehr lesen k\u00f6nnt.<\/p>\n\n\n\n<p>Austeller:innen zeigten ihre neuesten Produkte und Services und begeisterten mit ihren Auftritten.<\/p>\n\n\n\n<p>Produkte konnten live ausprobiert und Fragen direkt gestellt werden. Diese pers\u00f6nliche Note haben wir \u00fcber 2 Jahre missen m\u00fcssen und sch\u00e4tzten ihn am meisten an der diesj\u00e4hrigen Messe. Durch die \u00fcberschaubare Gr\u00f6\u00dfe der Top Hair konnten wir uns wirklich Zeit f\u00fcreinander nehmen und tiefgehende Gespr\u00e4che mit Interessierten und unseren gesch\u00e4tzten Kund:innen f\u00fchren.<\/p>\n\n\n\n<div class=\"wp-block-image\"><figure class=\"aligncenter size-large is-resized\"><img loading=\"lazy\" decoding=\"async\" src=\"https:\/\/d2dfxqxblmblx4.cloudfront.net\/wp-content\/uploads\/2022\/05\/23152335\/Team-Madlen-Vogel-768x1024.jpeg\" alt=\"\" class=\"wp-image-109834\" width=\"531\" height=\"708\" srcset=\"https:\/\/d2dfxqxblmblx4.cloudfront.net\/wp-content\/uploads\/2022\/05\/23152335\/Team-Madlen-Vogel-768x1024.jpeg 768w, https:\/\/d2dfxqxblmblx4.cloudfront.net\/wp-content\/uploads\/2022\/05\/23152335\/Team-Madlen-Vogel-225x300.jpeg 225w, https:\/\/d2dfxqxblmblx4.cloudfront.net\/wp-content\/uploads\/2022\/05\/23152335\/Team-Madlen-Vogel-1152x1536.jpeg 1152w, https:\/\/d2dfxqxblmblx4.cloudfront.net\/wp-content\/uploads\/2022\/05\/23152335\/Team-Madlen-Vogel.jpeg 1200w\" sizes=\"auto, (max-width: 531px) 100vw, 531px\" \/><figcaption>Unser Support Team Lead Fotios mit dem Team von <a href=\"https:\/\/www.facebook.com\/Haarkunst.madlenvogel48\/\" target=\"_blank\" rel=\"noreferrer noopener\">Haarkunst Madlen Vogel<\/a><\/figcaption><\/figure><\/div>\n\n\n\n<p>Endlich konnten wir unsere Partnerschaften mit greifbaren Personen verkn\u00fcpfen, mit denen wir zuvor nur Kontakt \u00fcber Videokonferenzen oder E-Mails hatten. Wie zum Beispiel Dennis van Lierop von de HALO Academy und Peter Pfister, Phorest-Kunde, Pr\u00e4sident von <a href=\"https:\/\/www.intercoiffure-mondial.org\/aboutus\/presentation\" target=\"_blank\" rel=\"noreferrer noopener\">Intercoiffure Mondial<\/a> und Inhaber von <a href=\"https:\/\/www.copf.at\/\" target=\"_blank\" rel=\"noreferrer noopener\">Intercoiffure Pfister<\/a>. Hier im folgenden Bild mit unserer Marketingleitung Evelyn Wolf zu sehen:<\/p>\n\n\n\n<div class=\"wp-block-image\"><figure class=\"aligncenter size-large\"><img loading=\"lazy\" decoding=\"async\" width=\"1024\" height=\"768\" src=\"https:\/\/d2dfxqxblmblx4.cloudfront.net\/wp-content\/uploads\/2022\/05\/23152509\/Peter-Pfister-1024x768.jpeg\" alt=\"\" class=\"wp-image-109842\" srcset=\"https:\/\/d2dfxqxblmblx4.cloudfront.net\/wp-content\/uploads\/2022\/05\/23152509\/Peter-Pfister-1024x768.jpeg 1024w, https:\/\/d2dfxqxblmblx4.cloudfront.net\/wp-content\/uploads\/2022\/05\/23152509\/Peter-Pfister-300x225.jpeg 300w, https:\/\/d2dfxqxblmblx4.cloudfront.net\/wp-content\/uploads\/2022\/05\/23152509\/Peter-Pfister-768x576.jpeg 768w, https:\/\/d2dfxqxblmblx4.cloudfront.net\/wp-content\/uploads\/2022\/05\/23152509\/Peter-Pfister.jpeg 1200w\" sizes=\"auto, (max-width: 1024px) 100vw, 1024px\" \/><figcaption>Von links nach rechts: Peter Pfister, Evelyn Wolf, Dennis van Lierop<\/figcaption><\/figure><\/div>\n\n\n\n<p>Auch die <a href=\"https:\/\/b-a-b.club\/\" target=\"_blank\" rel=\"noreferrer noopener\">Barber Angels Brotherhood<\/a> war auf der Top Hair vertreten. Sie sind eine gemeinn\u00fctzige Organisation aus Friseurinnen und Friseuren, die ehrenamtlich Menschen in Not die Haare schneiden. Phorest Salon Software ist ein stolzer Sponsor und wir hatten das Gl\u00fcck auch mit ihnen ausf\u00fchrlich sprechen zu k\u00f6nnen.<\/p>\n\n\n\n<figure class=\"wp-block-image size-large\"><img loading=\"lazy\" decoding=\"async\" width=\"1024\" height=\"576\" src=\"https:\/\/d2dfxqxblmblx4.cloudfront.net\/wp-content\/uploads\/2022\/05\/23152622\/Team-BAB.jpeg\" alt=\"\" class=\"wp-image-109850\" srcset=\"https:\/\/d2dfxqxblmblx4.cloudfront.net\/wp-content\/uploads\/2022\/05\/23152622\/Team-BAB.jpeg 1024w, https:\/\/d2dfxqxblmblx4.cloudfront.net\/wp-content\/uploads\/2022\/05\/23152622\/Team-BAB-300x169.jpeg 300w, https:\/\/d2dfxqxblmblx4.cloudfront.net\/wp-content\/uploads\/2022\/05\/23152622\/Team-BAB-768x432.jpeg 768w\" sizes=\"auto, (max-width: 1024px) 100vw, 1024px\" \/><figcaption>Das Phorest Team mit Claus Niedermaier, Pr\u00e4sident der BAB &amp; Mitgliedern der Barber Angels Brotherhood<\/figcaption><\/figure>\n\n\n\n<p>Die Herzlichkeit der Menschen unserer Branche war so greifbar und hat uns mit Freude und noch mehr Tatendrang erf\u00fcllt.&nbsp;<\/p>\n\n\n\n<p>Dieses Event hat uns wieder gezeigt, dass wir Teil einer gro\u00dfartigen Community sind, die wir mit der bestm\u00f6glichen All-In-One-Software begleiten wollen.<\/p>\n\n\n\n<h2 class=\"wp-block-heading\">Eindr\u00fccke &amp; Kundenstimmen<\/h2>\n\n\n\n<p>\u00dcber die 2 Tage auf der Top Hair konnten wir alle viele neue Eindr\u00fccke sammeln. Wir konnten uns austauschen, wieder Verbindungen schaffen und unsere Gemeinschaft st\u00e4rken.&nbsp;<\/p>\n\n\n\n<p>Zum Gl\u00fcck hatten wir am 2. Tag ein Kamerateam mit auf der Messe dabei, um die Stimmung auf diesem Event nach so langer Pause einzufangen.&nbsp;<\/p>\n\n\n\n<p>Wir haben Kundinnen und Kunden gebeten mit uns zu sprechen.&nbsp;<\/p>\n\n\n\n<div class=\"wp-block-image\"><figure class=\"aligncenter size-large\"><img loading=\"lazy\" decoding=\"async\" width=\"768\" height=\"1024\" src=\"https:\/\/d2dfxqxblmblx4.cloudfront.net\/wp-content\/uploads\/2022\/05\/23152733\/Haargenau-Alex-Pia-768x1024.jpeg\" alt=\"\" class=\"wp-image-109858\" srcset=\"https:\/\/d2dfxqxblmblx4.cloudfront.net\/wp-content\/uploads\/2022\/05\/23152733\/Haargenau-Alex-Pia-768x1024.jpeg 768w, https:\/\/d2dfxqxblmblx4.cloudfront.net\/wp-content\/uploads\/2022\/05\/23152733\/Haargenau-Alex-Pia-225x300.jpeg 225w, https:\/\/d2dfxqxblmblx4.cloudfront.net\/wp-content\/uploads\/2022\/05\/23152733\/Haargenau-Alex-Pia-1152x1536.jpeg 1152w, https:\/\/d2dfxqxblmblx4.cloudfront.net\/wp-content\/uploads\/2022\/05\/23152733\/Haargenau-Alex-Pia.jpeg 1200w\" sizes=\"auto, (max-width: 768px) 100vw, 768px\" \/><figcaption>Alexandra &amp; Pia von <a href=\"https:\/\/www.haargenau-iserlohn.de\/\" target=\"_blank\" rel=\"noreferrer noopener\">Haargenau in Iserlohn<\/a><br><\/figcaption><\/figure><\/div>\n\n\n\n<p>Daraus haben wir ein wundervolles Video aus verschiedenen Eindr\u00fccken geschnitten, dass die diesj\u00e4hrige Top Hair perfekt eingefangen hat. Schaut es euch an:<\/p>\n\n\n\n<figure class=\"wp-block-embed is-type-video is-provider-youtube wp-block-embed-youtube wp-embed-aspect-16-9 wp-has-aspect-ratio\"><div class=\"wp-block-embed__wrapper\">\n<iframe loading=\"lazy\" title=\"Phorest - Live auf der Top Hair 2022\" width=\"500\" height=\"281\" src=\"https:\/\/www.youtube.com\/embed\/7qptScmMS0Y?feature=oembed\" frameborder=\"0\" allow=\"accelerometer; autoplay; clipboard-write; encrypted-media; gyroscope; picture-in-picture; web-share\" referrerpolicy=\"strict-origin-when-cross-origin\" allowfullscreen><\/iframe>\n<\/div><figcaption>Phorest Salon Software auf der Top Hair 2022<\/figcaption><\/figure>\n\n\n\n<h2 class=\"wp-block-heading\">Nach der Top Hair ist vor der Top Hair<\/h2>\n\n\n\n<p>Wart ihr dieses Jahr auf der Top Hair mit dabei?\u00a0Wenn ja, wie hat es euch gefallen? Wollt ihr n\u00e4chstes Jahr wieder kommen?<\/p>\n\n\n\n<p>Falls ihr nicht dabei wart, konnten wir mit unseren Social Media Beitr\u00e4gen etwas von der Top Hair Magie zu euch bringen? Wollt ihr n\u00e4chstes Jahr vielleicht sogar am 1. und 2. April dabei sein?<\/p>\n\n\n\n<p><a href=\"https:\/\/www.top-hair-international.de\/de\/Presse\/Pressematerial\/Pressemeldungen\/TOP_HAIR_%E2%80%93_DIE_MESSE_D%C3%BCsseldorf_2022_Das_Beste_rund_um_Cut,_Colour_und_Styling\">Hier<\/a> findet ihr den offiziellen R\u00fcckblick von Top Hair zu ihrer diesj\u00e4hrigen Messe.<\/p>\n\n\n\n<p>Wenn ihr uns auf der Top Hair nicht gesprochen habt, aber noch mehr \u00fcber Phorest Salon Software erfahren wollt, dann bucht euch gerne eine unverbindliche <a href=\"https:\/\/www.phorest.com\/demo\/\">Demo<\/a> mit unserem Expertenteam oder schreibt uns eine E-Mail \u00fcber <a href=\"mailto:hallo@phorest.de\">hallo@phorest.de<\/a>.&nbsp;<\/p>\n\n\n\n<p>Together, We Grow.<\/p>\n","protected":false},"excerpt":{"rendered":"<p>Nach 2 Jahren Pause hat Top Hair wieder zum Event des Jahres in der Friseurbranche geladen. Der Top Hair Messe in D\u00fcsseldorf. Mit 350 Aussteller:innen und ca. 19.000 Besucher:innen hat sich die Messe um etwas mehr als 50 % im Vergleich zu 2019 verkleinert. Viele Besucher:innen w\u00fcrden jedoch sagen, dass die Messe in vielerlei Hinsicht &hellip; <a href=\"https:\/\/www.phorest.com\/de\/blog\/top-hair-messe-2022\/\">Continued<\/a><\/p>\n","protected":false},"author":40060,"featured_media":109826,"comment_status":"open","ping_status":"open","sticky":false,"template":"","format":"standard","meta":{"_acf_changed":false,"footnotes":""},"categories":[3753,256,3748,73],"tags":[11183,11182,11181],"class_list":["post-109824","post","type-post","status-publish","format-standard","has-post-thumbnail","hentry","category-messen","category-mobile-apps","category-news-events","category-online-social","tag-community-2","tag-messe","tag-tophair"],"acf":[],"yoast_head":"<!-- This site is optimized with the Yoast SEO plugin v25.1 - https:\/\/yoast.com\/wordpress\/plugins\/seo\/ -->\n<title>Top Hair Messe 2022 - Ein Wochenende voller Wiedersehen | Phorest<\/title>\n<meta name=\"description\" content=\"Phorest Blog \u2713 Spannende Branchen-News \u2713 R\u00fcckblick Top Hair Messe 2022 \u2713 Interessantes f\u00fcr dich &amp; deinen Salon \u25b7 Jetzt reinschauen!\" \/>\n<meta name=\"robots\" content=\"index, follow, max-snippet:-1, max-image-preview:large, max-video-preview:-1\" \/>\n<link rel=\"canonical\" href=\"https:\/\/www.phorest.com\/de\/blog\/top-hair-messe-2022\/\" \/>\n<meta property=\"og:locale\" content=\"de_DE\" \/>\n<meta property=\"og:type\" content=\"article\" \/>\n<meta property=\"og:title\" content=\"Top Hair Messe 2022 - Ein Wochenende voller Wiedersehen | Phorest\" \/>\n<meta property=\"og:description\" content=\"Phorest Blog \u2713 Spannende Branchen-News \u2713 R\u00fcckblick Top Hair Messe 2022 \u2713 Interessantes f\u00fcr dich &amp; deinen Salon \u25b7 Jetzt reinschauen!\" \/>\n<meta property=\"og:url\" content=\"https:\/\/www.phorest.com\/de\/blog\/top-hair-messe-2022\/\" \/>\n<meta property=\"og:site_name\" content=\"Phorest\" \/>\n<meta property=\"article:publisher\" content=\"https:\/\/www.facebook.com\/phorestsalonsoftware\" \/>\n<meta property=\"article:published_time\" content=\"2022-05-24T13:00:00+00:00\" \/>\n<meta property=\"og:image\" content=\"https:\/\/d2dfxqxblmblx4.cloudfront.net\/wp-content\/uploads\/2022\/05\/23152115\/Team-Picture-Day-1-150x150.jpeg\" \/>\n\t<meta property=\"og:image:width\" content=\"1200\" \/>\n\t<meta property=\"og:image:height\" content=\"900\" \/>\n\t<meta property=\"og:image:type\" content=\"image\/jpeg\" \/>\n<meta name=\"author\" content=\"Ann-Kathrin Helm\" \/>\n<meta name=\"twitter:card\" content=\"summary_large_image\" \/>\n<meta name=\"twitter:image\" content=\"https:\/\/d2dfxqxblmblx4.cloudfront.net\/wp-content\/uploads\/2022\/05\/23152115\/Team-Picture-Day-1-150x150.jpeg\" \/>\n<meta name=\"twitter:creator\" content=\"@thephorestword\" \/>\n<meta name=\"twitter:site\" content=\"@thephorestword\" \/>\n<meta name=\"twitter:label1\" content=\"Written by\" \/>\n\t<meta name=\"twitter:data1\" content=\"Ann-Kathrin Helm\" \/>\n\t<meta name=\"twitter:label2\" content=\"Est. reading time\" \/>\n\t<meta name=\"twitter:data2\" content=\"4 minutes\" \/>\n<script type=\"application\/ld+json\" class=\"yoast-schema-graph\">{\"@context\":\"https:\/\/schema.org\",\"@graph\":[{\"@type\":\"Article\",\"@id\":\"https:\/\/www.phorest.com\/de\/blog\/top-hair-messe-2022\/#article\",\"isPartOf\":{\"@id\":\"https:\/\/www.phorest.com\/de\/blog\/top-hair-messe-2022\/\"},\"author\":{\"name\":\"Ann-Kathrin Helm\",\"@id\":\"https:\/\/www.phorest.com\/de\/#\/schema\/person\/56a1801ae3d5b559a4450b5b0a308d27\"},\"headline\":\"Top Hair Messe 2022 &#8211; Ein Wochenende voller Wiedersehen\",\"datePublished\":\"2022-05-24T13:00:00+00:00\",\"mainEntityOfPage\":{\"@id\":\"https:\/\/www.phorest.com\/de\/blog\/top-hair-messe-2022\/\"},\"wordCount\":656,\"commentCount\":0,\"publisher\":{\"@id\":\"https:\/\/www.phorest.com\/de\/#organization\"},\"image\":{\"@id\":\"https:\/\/www.phorest.com\/de\/blog\/top-hair-messe-2022\/#primaryimage\"},\"thumbnailUrl\":\"https:\/\/d2dfxqxblmblx4.cloudfront.net\/wp-content\/uploads\/2022\/05\/23152115\/Team-Picture-Day-1.jpeg\",\"keywords\":[\"community\",\"messe\",\"tophair\"],\"articleSection\":[\"Messen\",\"Mobile &amp; Apps\",\"News &amp; Events\",\"Online &amp; Social\"],\"inLanguage\":\"de\",\"potentialAction\":[{\"@type\":\"CommentAction\",\"name\":\"Comment\",\"target\":[\"https:\/\/www.phorest.com\/de\/blog\/top-hair-messe-2022\/#respond\"]}]},{\"@type\":\"WebPage\",\"@id\":\"https:\/\/www.phorest.com\/de\/blog\/top-hair-messe-2022\/\",\"url\":\"https:\/\/www.phorest.com\/de\/blog\/top-hair-messe-2022\/\",\"name\":\"Top Hair Messe 2022 - Ein Wochenende voller Wiedersehen | Phorest\",\"isPartOf\":{\"@id\":\"https:\/\/www.phorest.com\/de\/#website\"},\"primaryImageOfPage\":{\"@id\":\"https:\/\/www.phorest.com\/de\/blog\/top-hair-messe-2022\/#primaryimage\"},\"image\":{\"@id\":\"https:\/\/www.phorest.com\/de\/blog\/top-hair-messe-2022\/#primaryimage\"},\"thumbnailUrl\":\"https:\/\/d2dfxqxblmblx4.cloudfront.net\/wp-content\/uploads\/2022\/05\/23152115\/Team-Picture-Day-1.jpeg\",\"datePublished\":\"2022-05-24T13:00:00+00:00\",\"description\":\"Phorest Blog \u2713 Spannende Branchen-News \u2713 R\u00fcckblick Top Hair Messe 2022 \u2713 Interessantes f\u00fcr dich & deinen Salon \u25b7 Jetzt reinschauen!\",\"breadcrumb\":{\"@id\":\"https:\/\/www.phorest.com\/de\/blog\/top-hair-messe-2022\/#breadcrumb\"},\"inLanguage\":\"de\",\"potentialAction\":[{\"@type\":\"ReadAction\",\"target\":[\"https:\/\/www.phorest.com\/de\/blog\/top-hair-messe-2022\/\"]}]},{\"@type\":\"ImageObject\",\"inLanguage\":\"de\",\"@id\":\"https:\/\/www.phorest.com\/de\/blog\/top-hair-messe-2022\/#primaryimage\",\"url\":\"https:\/\/d2dfxqxblmblx4.cloudfront.net\/wp-content\/uploads\/2022\/05\/23152115\/Team-Picture-Day-1.jpeg\",\"contentUrl\":\"https:\/\/d2dfxqxblmblx4.cloudfront.net\/wp-content\/uploads\/2022\/05\/23152115\/Team-Picture-Day-1.jpeg\",\"width\":1200,\"height\":900,\"caption\":\"Team Phorest von links nach rechts: Istvan, Silke, Fotios, Markus, Ann-Kathrin und Evelyn\"},{\"@type\":\"BreadcrumbList\",\"@id\":\"https:\/\/www.phorest.com\/de\/blog\/top-hair-messe-2022\/#breadcrumb\",\"itemListElement\":[{\"@type\":\"ListItem\",\"position\":1,\"name\":\"Home\",\"item\":\"https:\/\/www.phorest.com\/de\/\"},{\"@type\":\"ListItem\",\"position\":2,\"name\":\"Top Hair Messe 2022 &#8211; Ein Wochenende voller Wiedersehen\"}]},{\"@type\":\"WebSite\",\"@id\":\"https:\/\/www.phorest.com\/de\/#website\",\"url\":\"https:\/\/www.phorest.com\/de\/\",\"name\":\"Phorest\",\"description\":\"Salon Software - Hair &amp; Beauty - UK for Spa Management &amp; Appointments\",\"publisher\":{\"@id\":\"https:\/\/www.phorest.com\/de\/#organization\"},\"potentialAction\":[{\"@type\":\"SearchAction\",\"target\":{\"@type\":\"EntryPoint\",\"urlTemplate\":\"https:\/\/www.phorest.com\/de\/?s={search_term_string}\"},\"query-input\":{\"@type\":\"PropertyValueSpecification\",\"valueRequired\":true,\"valueName\":\"search_term_string\"}}],\"inLanguage\":\"de\"},{\"@type\":\"Organization\",\"@id\":\"https:\/\/www.phorest.com\/de\/#organization\",\"name\":\"Phorest Salon Software\",\"url\":\"https:\/\/www.phorest.com\/de\/\",\"logo\":{\"@type\":\"ImageObject\",\"inLanguage\":\"de\",\"@id\":\"https:\/\/www.phorest.com\/de\/#\/schema\/logo\/image\/\",\"url\":\"https:\/\/d2dfxqxblmblx4.cloudfront.net\/wp-content\/uploads\/2019\/10\/24141402\/phorest-acorn-logo1.png\",\"contentUrl\":\"https:\/\/d2dfxqxblmblx4.cloudfront.net\/wp-content\/uploads\/2019\/10\/24141402\/phorest-acorn-logo1.png\",\"width\":201,\"height\":202,\"caption\":\"Phorest Salon Software\"},\"image\":{\"@id\":\"https:\/\/www.phorest.com\/de\/#\/schema\/logo\/image\/\"},\"sameAs\":[\"https:\/\/www.facebook.com\/phorestsalonsoftware\",\"https:\/\/x.com\/thephorestword\",\"https:\/\/instagram.com\/phorest_salon_software\",\"https:\/\/www.linkedin.com\/company\/phorest?trk=company_name\",\"https:\/\/www.pinterest.com\/phorestss\/\",\"https:\/\/plus.google.com\/u\/0\/b\/101418954139594616916\/101418954139594616916\/posts\/p\/pub\"]},{\"@type\":\"Person\",\"@id\":\"https:\/\/www.phorest.com\/de\/#\/schema\/person\/56a1801ae3d5b559a4450b5b0a308d27\",\"name\":\"Ann-Kathrin Helm\",\"image\":{\"@type\":\"ImageObject\",\"inLanguage\":\"de\",\"@id\":\"https:\/\/www.phorest.com\/de\/#\/schema\/person\/image\/\",\"url\":\"https:\/\/d2dfxqxblmblx4.cloudfront.net\/wp-content\/uploads\/2021\/05\/13095446\/Ann-Kathrin_Helm-150x150.jpg\",\"contentUrl\":\"https:\/\/d2dfxqxblmblx4.cloudfront.net\/wp-content\/uploads\/2021\/05\/13095446\/Ann-Kathrin_Helm-150x150.jpg\",\"caption\":\"Ann-Kathrin Helm\"},\"description\":\"Ann-Kathrin Helm is our Marketing Executive for Germany, Austria &amp; Switzerland (DACH) here at Phorest Salon Software. She is responsible for customer communication in the DACH region. Her mother \u2013 a master hairdresser \u2013 instilled in her a passion for the industry from an early age. As a result, she understands the challenges and opportunities of the salon world firsthand. This deep connection is reflected in everything she does \u2013 from articles in professional magazines such as TOP HAIR, to targeted email campaigns, inspiring blog posts, and her mission to make Phorest\u2019s features and their benefits more accessible to the Phorest community. Her goal: to make marketing understandable, actionable, and \u2013 above all \u2013 effective, creating real value for beauty entrepreneurs.\",\"sameAs\":[\"https:\/\/www.phorest.com\/de\/\",\"https:\/\/www.linkedin.com\/in\/ann-kathrin-helm\/\"],\"url\":\"https:\/\/www.phorest.com\/de\/blog\/author\/ann-kathrin-helm-2\/\"}]}<\/script>\n<!-- \/ Yoast SEO plugin. -->","yoast_head_json":{"title":"Top Hair Messe 2022 - Ein Wochenende voller Wiedersehen | Phorest","description":"Phorest Blog \u2713 Spannende Branchen-News \u2713 R\u00fcckblick Top Hair Messe 2022 \u2713 Interessantes f\u00fcr dich & deinen Salon \u25b7 Jetzt reinschauen!","robots":{"index":"index","follow":"follow","max-snippet":"max-snippet:-1","max-image-preview":"max-image-preview:large","max-video-preview":"max-video-preview:-1"},"canonical":"https:\/\/www.phorest.com\/de\/blog\/top-hair-messe-2022\/","og_locale":"de_DE","og_type":"article","og_title":"Top Hair Messe 2022 - Ein Wochenende voller Wiedersehen | Phorest","og_description":"Phorest Blog \u2713 Spannende Branchen-News \u2713 R\u00fcckblick Top Hair Messe 2022 \u2713 Interessantes f\u00fcr dich & deinen Salon \u25b7 Jetzt reinschauen!","og_url":"https:\/\/www.phorest.com\/de\/blog\/top-hair-messe-2022\/","og_site_name":"Phorest","article_publisher":"https:\/\/www.facebook.com\/phorestsalonsoftware","article_published_time":"2022-05-24T13:00:00+00:00","og_image":[{"width":1200,"height":900,"url":"https:\/\/d2dfxqxblmblx4.cloudfront.net\/wp-content\/uploads\/2022\/05\/23152115\/Team-Picture-Day-1-150x150.jpeg","type":"image\/jpeg"}],"author":"Ann-Kathrin Helm","twitter_card":"summary_large_image","twitter_image":"https:\/\/d2dfxqxblmblx4.cloudfront.net\/wp-content\/uploads\/2022\/05\/23152115\/Team-Picture-Day-1-150x150.jpeg","twitter_creator":"@thephorestword","twitter_site":"@thephorestword","twitter_misc":{"Written by":"Ann-Kathrin Helm","Est. reading time":"4 minutes"},"schema":{"@context":"https:\/\/schema.org","@graph":[{"@type":"Article","@id":"https:\/\/www.phorest.com\/de\/blog\/top-hair-messe-2022\/#article","isPartOf":{"@id":"https:\/\/www.phorest.com\/de\/blog\/top-hair-messe-2022\/"},"author":{"name":"Ann-Kathrin Helm","@id":"https:\/\/www.phorest.com\/de\/#\/schema\/person\/56a1801ae3d5b559a4450b5b0a308d27"},"headline":"Top Hair Messe 2022 &#8211; Ein Wochenende voller Wiedersehen","datePublished":"2022-05-24T13:00:00+00:00","mainEntityOfPage":{"@id":"https:\/\/www.phorest.com\/de\/blog\/top-hair-messe-2022\/"},"wordCount":656,"commentCount":0,"publisher":{"@id":"https:\/\/www.phorest.com\/de\/#organization"},"image":{"@id":"https:\/\/www.phorest.com\/de\/blog\/top-hair-messe-2022\/#primaryimage"},"thumbnailUrl":"https:\/\/d2dfxqxblmblx4.cloudfront.net\/wp-content\/uploads\/2022\/05\/23152115\/Team-Picture-Day-1.jpeg","keywords":["community","messe","tophair"],"articleSection":["Messen","Mobile &amp; Apps","News &amp; Events","Online &amp; Social"],"inLanguage":"de","potentialAction":[{"@type":"CommentAction","name":"Comment","target":["https:\/\/www.phorest.com\/de\/blog\/top-hair-messe-2022\/#respond"]}]},{"@type":"WebPage","@id":"https:\/\/www.phorest.com\/de\/blog\/top-hair-messe-2022\/","url":"https:\/\/www.phorest.com\/de\/blog\/top-hair-messe-2022\/","name":"Top Hair Messe 2022 - Ein Wochenende voller Wiedersehen | Phorest","isPartOf":{"@id":"https:\/\/www.phorest.com\/de\/#website"},"primaryImageOfPage":{"@id":"https:\/\/www.phorest.com\/de\/blog\/top-hair-messe-2022\/#primaryimage"},"image":{"@id":"https:\/\/www.phorest.com\/de\/blog\/top-hair-messe-2022\/#primaryimage"},"thumbnailUrl":"https:\/\/d2dfxqxblmblx4.cloudfront.net\/wp-content\/uploads\/2022\/05\/23152115\/Team-Picture-Day-1.jpeg","datePublished":"2022-05-24T13:00:00+00:00","description":"Phorest Blog \u2713 Spannende Branchen-News \u2713 R\u00fcckblick Top Hair Messe 2022 \u2713 Interessantes f\u00fcr dich & deinen Salon \u25b7 Jetzt reinschauen!","breadcrumb":{"@id":"https:\/\/www.phorest.com\/de\/blog\/top-hair-messe-2022\/#breadcrumb"},"inLanguage":"de","potentialAction":[{"@type":"ReadAction","target":["https:\/\/www.phorest.com\/de\/blog\/top-hair-messe-2022\/"]}]},{"@type":"ImageObject","inLanguage":"de","@id":"https:\/\/www.phorest.com\/de\/blog\/top-hair-messe-2022\/#primaryimage","url":"https:\/\/d2dfxqxblmblx4.cloudfront.net\/wp-content\/uploads\/2022\/05\/23152115\/Team-Picture-Day-1.jpeg","contentUrl":"https:\/\/d2dfxqxblmblx4.cloudfront.net\/wp-content\/uploads\/2022\/05\/23152115\/Team-Picture-Day-1.jpeg","width":1200,"height":900,"caption":"Team Phorest von links nach rechts: Istvan, Silke, Fotios, Markus, Ann-Kathrin und Evelyn"},{"@type":"BreadcrumbList","@id":"https:\/\/www.phorest.com\/de\/blog\/top-hair-messe-2022\/#breadcrumb","itemListElement":[{"@type":"ListItem","position":1,"name":"Home","item":"https:\/\/www.phorest.com\/de\/"},{"@type":"ListItem","position":2,"name":"Top Hair Messe 2022 &#8211; Ein Wochenende voller Wiedersehen"}]},{"@type":"WebSite","@id":"https:\/\/www.phorest.com\/de\/#website","url":"https:\/\/www.phorest.com\/de\/","name":"Phorest","description":"Salon Software - Hair &amp; Beauty - UK for Spa Management &amp; Appointments","publisher":{"@id":"https:\/\/www.phorest.com\/de\/#organization"},"potentialAction":[{"@type":"SearchAction","target":{"@type":"EntryPoint","urlTemplate":"https:\/\/www.phorest.com\/de\/?s={search_term_string}"},"query-input":{"@type":"PropertyValueSpecification","valueRequired":true,"valueName":"search_term_string"}}],"inLanguage":"de"},{"@type":"Organization","@id":"https:\/\/www.phorest.com\/de\/#organization","name":"Phorest Salon Software","url":"https:\/\/www.phorest.com\/de\/","logo":{"@type":"ImageObject","inLanguage":"de","@id":"https:\/\/www.phorest.com\/de\/#\/schema\/logo\/image\/","url":"https:\/\/d2dfxqxblmblx4.cloudfront.net\/wp-content\/uploads\/2019\/10\/24141402\/phorest-acorn-logo1.png","contentUrl":"https:\/\/d2dfxqxblmblx4.cloudfront.net\/wp-content\/uploads\/2019\/10\/24141402\/phorest-acorn-logo1.png","width":201,"height":202,"caption":"Phorest Salon Software"},"image":{"@id":"https:\/\/www.phorest.com\/de\/#\/schema\/logo\/image\/"},"sameAs":["https:\/\/www.facebook.com\/phorestsalonsoftware","https:\/\/x.com\/thephorestword","https:\/\/instagram.com\/phorest_salon_software","https:\/\/www.linkedin.com\/company\/phorest?trk=company_name","https:\/\/www.pinterest.com\/phorestss\/","https:\/\/plus.google.com\/u\/0\/b\/101418954139594616916\/101418954139594616916\/posts\/p\/pub"]},{"@type":"Person","@id":"https:\/\/www.phorest.com\/de\/#\/schema\/person\/56a1801ae3d5b559a4450b5b0a308d27","name":"Ann-Kathrin Helm","image":{"@type":"ImageObject","inLanguage":"de","@id":"https:\/\/www.phorest.com\/de\/#\/schema\/person\/image\/","url":"https:\/\/d2dfxqxblmblx4.cloudfront.net\/wp-content\/uploads\/2021\/05\/13095446\/Ann-Kathrin_Helm-150x150.jpg","contentUrl":"https:\/\/d2dfxqxblmblx4.cloudfront.net\/wp-content\/uploads\/2021\/05\/13095446\/Ann-Kathrin_Helm-150x150.jpg","caption":"Ann-Kathrin Helm"},"description":"Ann-Kathrin Helm is our Marketing Executive for Germany, Austria &amp; Switzerland (DACH) here at Phorest Salon Software. She is responsible for customer communication in the DACH region. Her mother \u2013 a master hairdresser \u2013 instilled in her a passion for the industry from an early age. As a result, she understands the challenges and opportunities of the salon world firsthand. This deep connection is reflected in everything she does \u2013 from articles in professional magazines such as TOP HAIR, to targeted email campaigns, inspiring blog posts, and her mission to make Phorest\u2019s features and their benefits more accessible to the Phorest community. Her goal: to make marketing understandable, actionable, and \u2013 above all \u2013 effective, creating real value for beauty entrepreneurs.","sameAs":["https:\/\/www.phorest.com\/de\/","https:\/\/www.linkedin.com\/in\/ann-kathrin-helm\/"],"url":"https:\/\/www.phorest.com\/de\/blog\/author\/ann-kathrin-helm-2\/"}]}},"_links":{"self":[{"href":"https:\/\/www.phorest.com\/de\/wp-json\/wp\/v2\/posts\/109824","targetHints":{"allow":["GET"]}}],"collection":[{"href":"https:\/\/www.phorest.com\/de\/wp-json\/wp\/v2\/posts"}],"about":[{"href":"https:\/\/www.phorest.com\/de\/wp-json\/wp\/v2\/types\/post"}],"author":[{"embeddable":true,"href":"https:\/\/www.phorest.com\/de\/wp-json\/wp\/v2\/users\/40060"}],"replies":[{"embeddable":true,"href":"https:\/\/www.phorest.com\/de\/wp-json\/wp\/v2\/comments?post=109824"}],"version-history":[{"count":5,"href":"https:\/\/www.phorest.com\/de\/wp-json\/wp\/v2\/posts\/109824\/revisions"}],"predecessor-version":[{"id":109871,"href":"https:\/\/www.phorest.com\/de\/wp-json\/wp\/v2\/posts\/109824\/revisions\/109871"}],"wp:featuredmedia":[{"embeddable":true,"href":"https:\/\/www.phorest.com\/de\/wp-json\/wp\/v2\/media\/109826"}],"wp:attachment":[{"href":"https:\/\/www.phorest.com\/de\/wp-json\/wp\/v2\/media?parent=109824"}],"wp:term":[{"taxonomy":"category","embeddable":true,"href":"https:\/\/www.phorest.com\/de\/wp-json\/wp\/v2\/categories?post=109824"},{"taxonomy":"post_tag","embeddable":true,"href":"https:\/\/www.phorest.com\/de\/wp-json\/wp\/v2\/tags?post=109824"}],"curies":[{"name":"wp","href":"https:\/\/api.w.org\/{rel}","templated":true}]}}