{"id":114431,"date":"2022-08-22T09:41:51","date_gmt":"2022-08-22T09:41:51","guid":{"rendered":"https:\/\/www.phorest.com\/?p=114431"},"modified":"2022-10-03T11:44:20","modified_gmt":"2022-10-03T11:44:20","slug":"webinar-salon-webseite","status":"publish","type":"post","link":"https:\/\/www.phorest.com\/de\/blog\/webinar-salon-webseite\/","title":{"rendered":"Webinar: 3 Dinge, die bei eurer Salon-Webseite nicht fehlen d\u00fcrfen"},"content":{"rendered":"\n<h2 class=\"has-text-align-center wp-block-heading\">Generiert deine Webseite mehr Buchungen f\u00fcr deinen Salon? Wenn nicht, dann ist dieses Webinar genau richtig f\u00fcr dich! <\/h2>\n\n\n\n<div style=\"height:27px\" aria-hidden=\"true\" class=\"wp-block-spacer\"><\/div>\n\n\n\n<p>Eine Salon-Webseite muss vor allem eines k\u00f6nnen: Buchungen generieren. <\/p>\n\n\n\n<p>Wie erreicht man aber dieses Ziel? <\/p>\n\n\n\n<ol class=\"wp-block-list\"><li>Zuerst einmal muss die Seite gefunden werden k\u00f6nnen<\/li><li>Dann muss die Struktur stimmen <\/li><li>Und ultimativ muss der Buchungsprozess einfach und klar sein. <\/li><\/ol>\n\n\n\n<p>Auf diese 3 Themen gehen wir <strong>live am 12. September 2022 um 18:00 Uhr <\/strong>in unserem kostenfreien Webinar ein. <\/p>\n\n\n\n<h3 class=\"has-text-align-center wp-block-heading\"><a href=\"https:\/\/www.phorest.com\/de\/ressourcen\/webinar-salon-webseite\/\">Unser live Webinar ist nun vorbei &#8211; hier k\u00f6nnt ihr euch die Aufzeichnung ansehen<\/a><\/h3>\n\n\n\n<figure class=\"wp-block-embed aligncenter is-type-video is-provider-youtube wp-block-embed-youtube wp-embed-aspect-16-9 wp-has-aspect-ratio\"><div class=\"wp-block-embed__wrapper\">\n<iframe loading=\"lazy\" title=\"\ud83d\udce3 3 Dinge, die bei eurer Salon Webseite nicht fehlen du\u0308rfen\" width=\"500\" height=\"281\" src=\"https:\/\/www.youtube.com\/embed\/wB24-GkA99E?feature=oembed\" frameborder=\"0\" allow=\"accelerometer; autoplay; clipboard-write; encrypted-media; gyroscope; picture-in-picture; web-share\" referrerpolicy=\"strict-origin-when-cross-origin\" allowfullscreen><\/iframe>\n<\/div><figcaption>Jens Engelhardt und Evelyn Wolf erz\u00e4hlen worum es beim Webinar geht<\/figcaption><\/figure>\n\n\n\n<h3 class=\"wp-block-heading\"><strong><strong>Unsere Experten-Runde<\/strong><\/strong><\/h3>\n\n\n\n<p><strong>Jens Engelhardt<\/strong>: Jens wuchs quasi in Friseursalons auf: Bereits seine Eltern, Gross- und Urgrosseltern waren gl\u00e4nzendem Haar und modischen Frisuren verpflichtet. Der dreifache Familienvater ist regionaler Marktf\u00fchrer mit seinen Salons und w\u00e4chst konstant dank systematischem Online Marketing (und Ausbildung).&nbsp;<br>\u201eIch arbeite halbtags und mache 11 Wochen Urlaub im Jahr. Und trotzdem l\u00e4uft der Laden.\u201c&nbsp;<br>Als Teil der Artistgroups hinter den Kulissen der Fashion Weeks von NY, Mailand und Paris sorgte er auch schon f\u00fcr die Signatur Looks der gro\u00dfen Modemacher. \u201eHier wurde mir erst richtig bewusst, was wir zu bieten haben als Friseure&#8221;<br>Nach dem Online-Marketing-Studium war Jens klar \u00fcberzeugt, da liegt unglaublich viel Potenzial f\u00fcr seinen Salon. Seither ist die Website das Hauptaugenmerk seiner Marketingstrategie, \u201eweil Google mir die Kunden einfach kostenlos vorbeibringt.&#8221;<br>Und da Wissen der Schl\u00fcssel f\u00fcr Erfolg ist, setzt sich Jens Engelhardt immer gerne f\u00fcr das teilen des selbigen ein. So gr\u00fcndete er 2020 auch den Salon Erfolgskongress mit inzwischen \u00fcber 600 begeisterten Teilnehmern.<\/p>\n\n\n\n<p><strong>Jesse Vogt: <\/strong>Jesse ber\u00e4t bereits seit 2016 KMU bei der Marketing-Automation. 2020 gr\u00fcndete er gemeinsam mit seinen Gesch\u00e4ftspartnern die Webagentur VOGTPALADINO und f\u00fchrt diese seither mit viel Elan als Impulsgeber und Gesch\u00e4ftsf\u00fchrer. Zusammen mit Jens Engelhardt hat er das Projekt CleverHairWebsites gegr\u00fcndet und setzt sich damit aktiv f\u00fcr den Erfolg von Friseuren und Friseurinnen mit der eigenen Webseite ein.<\/p>\n\n\n\n<p><strong>Evelyn Wolf: <\/strong>Evelyn arbeitet seit \u00fcber 20 Jahren im Marketing. Mit ihrer Inbound-Marketing Agentur BusinessBrew spezialisierte sie sich auf SEO und Inbound Marketing f\u00fcr Firmen in Europa und der USA. In 2021 \u00fcbernahm sie die Marketing Leitung der Phorest GmbH. <\/p>\n\n\n\n<h3 class=\"wp-block-heading\"><strong><strong>Wir brauchen dich!  <\/strong><\/strong><\/h3>\n\n\n\n<p>Bist du am 12.09.2022 um 18:00 Uhr live dabei und m\u00f6chtest wissen, was genau an deiner Webseite verbessert werden k\u00f6nnte? <strong>Dann brauchen wir dich! <\/strong><\/p>\n\n\n\n<p>W\u00e4hrend unseres Webinars m\u00f6chten wir Salon-Webseiten analysieren und zeigen, was richtig gut l\u00e4uft und wo vielleicht noch M\u00f6glichkeiten zur Verbesserung bestehen. Dies ist eine tolle Gelegenheit, Tipps und Tricks von 3 Experten kostenfrei f\u00fcr die eigene Webseite zu erhalten. Interesse? Dann schicke einfach eine Email an Evelyn \u00fcber <a href=\"mailto:hallo@phorest.de\">hallo@phorest.de<\/a>! <\/p>\n\n\n\n<h3 class=\"has-text-align-center wp-block-heading\"><a href=\"https:\/\/www.phorest.com\/de\/ressourcen\/webinar-salon-webseite\/\">Unser live Webinar ist nun vorbei &#8211; hier k\u00f6nnt ihr euch die Aufzeichnung ansehen.<\/a><\/h3>\n\n\n\n<p><\/p>\n\n\n\n<p>#TogetherWeGrow<\/p>\n","protected":false},"excerpt":{"rendered":"<p>Generiert deine Webseite mehr Buchungen f\u00fcr deinen Salon? Wenn nicht, dann ist dieses Webinar genau richtig f\u00fcr dich! Eine Salon-Webseite muss vor allem eines k\u00f6nnen: Buchungen generieren. Wie erreicht man aber dieses Ziel? Zuerst einmal muss die Seite gefunden werden k\u00f6nnen Dann muss die Struktur stimmen Und ultimativ muss der Buchungsprozess einfach und klar sein. &hellip; <a href=\"https:\/\/www.phorest.com\/de\/blog\/webinar-salon-webseite\/\">Continued<\/a><\/p>\n","protected":false},"author":40055,"featured_media":114525,"comment_status":"open","ping_status":"open","sticky":false,"template":"","format":"standard","meta":{"_acf_changed":false,"footnotes":""},"categories":[10816,10815],"tags":[11271,4401,11273,11270,8307,11272],"class_list":["post-114431","post","type-post","status-publish","format-standard","has-post-thumbnail","hentry","category-salon-app-website","category-vermarkte-dein-geschaft","tag-lokales-seo","tag-online-buchung","tag-salon-webseite","tag-seo-2","tag-webinar-de","tag-webseiten"],"acf":[],"yoast_head":"<!-- This site is optimized with the Yoast SEO plugin v25.1 - https:\/\/yoast.com\/wordpress\/plugins\/seo\/ -->\n<title>Webinar: 3 Dinge, die bei eurer Salon-Webseite nicht fehlen d\u00fcrfen |<\/title>\n<meta name=\"description\" content=\"Sei am 12.09.2022 live dabei \u2713 Webinar: 3 Dinge, die bei eurer Salon-Webseite nicht fehlen d\u00fcrfen\" \/>\n<meta name=\"robots\" content=\"index, follow, max-snippet:-1, max-image-preview:large, max-video-preview:-1\" \/>\n<link rel=\"canonical\" href=\"https:\/\/www.phorest.com\/de\/blog\/webinar-salon-webseite\/\" \/>\n<meta property=\"og:locale\" content=\"de_DE\" \/>\n<meta property=\"og:type\" content=\"article\" \/>\n<meta property=\"og:title\" content=\"Webinar: 3 Dinge, die bei eurer Salon-Webseite nicht fehlen d\u00fcrfen |\" \/>\n<meta property=\"og:description\" content=\"Sei am 12.09.2022 live dabei \u2713 Webinar: 3 Dinge, die bei eurer Salon-Webseite nicht fehlen d\u00fcrfen\" \/>\n<meta property=\"og:url\" content=\"https:\/\/www.phorest.com\/de\/blog\/webinar-salon-webseite\/\" \/>\n<meta property=\"og:site_name\" content=\"Phorest\" \/>\n<meta property=\"article:publisher\" content=\"https:\/\/www.facebook.com\/phorestsalonsoftware\" \/>\n<meta property=\"article:published_time\" content=\"2022-08-22T09:41:51+00:00\" \/>\n<meta property=\"article:modified_time\" content=\"2022-10-03T11:44:20+00:00\" \/>\n<meta property=\"og:image\" content=\"https:\/\/d2dfxqxblmblx4.cloudfront.net\/wp-content\/uploads\/2022\/08\/22093828\/Webinar-3-Dinge-die-bei-eurer-Salon-Webseite-nicht-fehlen-du%CC%88rfen--150x150.jpeg\" \/>\n\t<meta property=\"og:image:width\" content=\"1171\" \/>\n\t<meta property=\"og:image:height\" content=\"710\" \/>\n\t<meta property=\"og:image:type\" content=\"image\/jpeg\" \/>\n<meta name=\"author\" content=\"Evelyn Wolf\" \/>\n<meta name=\"twitter:card\" content=\"summary_large_image\" \/>\n<meta name=\"twitter:image\" content=\"https:\/\/d2dfxqxblmblx4.cloudfront.net\/wp-content\/uploads\/2022\/08\/22093828\/Webinar-3-Dinge-die-bei-eurer-Salon-Webseite-nicht-fehlen-du%CC%88rfen--150x150.jpeg\" \/>\n<meta name=\"twitter:creator\" content=\"@thephorestword\" \/>\n<meta name=\"twitter:site\" content=\"@thephorestword\" \/>\n<meta name=\"twitter:label1\" content=\"Written by\" \/>\n\t<meta name=\"twitter:data1\" content=\"Evelyn Wolf\" \/>\n\t<meta name=\"twitter:label2\" content=\"Est. reading time\" \/>\n\t<meta name=\"twitter:data2\" content=\"2 minutes\" \/>\n<script type=\"application\/ld+json\" class=\"yoast-schema-graph\">{\"@context\":\"https:\/\/schema.org\",\"@graph\":[{\"@type\":\"Article\",\"@id\":\"https:\/\/www.phorest.com\/de\/blog\/webinar-salon-webseite\/#article\",\"isPartOf\":{\"@id\":\"https:\/\/www.phorest.com\/de\/blog\/webinar-salon-webseite\/\"},\"author\":{\"name\":\"Evelyn Wolf\",\"@id\":\"https:\/\/www.phorest.com\/de\/#\/schema\/person\/a2fa3dcc7a7903d04c5a226bfea6b3a4\"},\"headline\":\"Webinar: 3 Dinge, die bei eurer Salon-Webseite nicht fehlen d\u00fcrfen\",\"datePublished\":\"2022-08-22T09:41:51+00:00\",\"dateModified\":\"2022-10-03T11:44:20+00:00\",\"mainEntityOfPage\":{\"@id\":\"https:\/\/www.phorest.com\/de\/blog\/webinar-salon-webseite\/\"},\"wordCount\":489,\"commentCount\":0,\"publisher\":{\"@id\":\"https:\/\/www.phorest.com\/de\/#organization\"},\"image\":{\"@id\":\"https:\/\/www.phorest.com\/de\/blog\/webinar-salon-webseite\/#primaryimage\"},\"thumbnailUrl\":\"https:\/\/d2dfxqxblmblx4.cloudfront.net\/wp-content\/uploads\/2022\/08\/22093828\/Webinar-3-Dinge-die-bei-eurer-Salon-Webseite-nicht-fehlen-du%CC%88rfen-.jpeg\",\"keywords\":[\"lokales SEO\",\"Online-Buchung\",\"Salon-Webseite\",\"SEO\",\"webinar\",\"Webseiten\"],\"articleSection\":[\"Salon-App &amp; Website\",\"Vermarkte dein Gesch\u00e4ft\"],\"inLanguage\":\"de\",\"potentialAction\":[{\"@type\":\"CommentAction\",\"name\":\"Comment\",\"target\":[\"https:\/\/www.phorest.com\/de\/blog\/webinar-salon-webseite\/#respond\"]}]},{\"@type\":\"WebPage\",\"@id\":\"https:\/\/www.phorest.com\/de\/blog\/webinar-salon-webseite\/\",\"url\":\"https:\/\/www.phorest.com\/de\/blog\/webinar-salon-webseite\/\",\"name\":\"Webinar: 3 Dinge, die bei eurer Salon-Webseite nicht fehlen d\u00fcrfen |\",\"isPartOf\":{\"@id\":\"https:\/\/www.phorest.com\/de\/#website\"},\"primaryImageOfPage\":{\"@id\":\"https:\/\/www.phorest.com\/de\/blog\/webinar-salon-webseite\/#primaryimage\"},\"image\":{\"@id\":\"https:\/\/www.phorest.com\/de\/blog\/webinar-salon-webseite\/#primaryimage\"},\"thumbnailUrl\":\"https:\/\/d2dfxqxblmblx4.cloudfront.net\/wp-content\/uploads\/2022\/08\/22093828\/Webinar-3-Dinge-die-bei-eurer-Salon-Webseite-nicht-fehlen-du%CC%88rfen-.jpeg\",\"datePublished\":\"2022-08-22T09:41:51+00:00\",\"dateModified\":\"2022-10-03T11:44:20+00:00\",\"description\":\"Sei am 12.09.2022 live dabei \u2713 Webinar: 3 Dinge, die bei eurer Salon-Webseite nicht fehlen d\u00fcrfen\",\"breadcrumb\":{\"@id\":\"https:\/\/www.phorest.com\/de\/blog\/webinar-salon-webseite\/#breadcrumb\"},\"inLanguage\":\"de\",\"potentialAction\":[{\"@type\":\"ReadAction\",\"target\":[\"https:\/\/www.phorest.com\/de\/blog\/webinar-salon-webseite\/\"]}]},{\"@type\":\"ImageObject\",\"inLanguage\":\"de\",\"@id\":\"https:\/\/www.phorest.com\/de\/blog\/webinar-salon-webseite\/#primaryimage\",\"url\":\"https:\/\/d2dfxqxblmblx4.cloudfront.net\/wp-content\/uploads\/2022\/08\/22093828\/Webinar-3-Dinge-die-bei-eurer-Salon-Webseite-nicht-fehlen-du%CC%88rfen-.jpeg\",\"contentUrl\":\"https:\/\/d2dfxqxblmblx4.cloudfront.net\/wp-content\/uploads\/2022\/08\/22093828\/Webinar-3-Dinge-die-bei-eurer-Salon-Webseite-nicht-fehlen-du%CC%88rfen-.jpeg\",\"width\":1171,\"height\":710},{\"@type\":\"BreadcrumbList\",\"@id\":\"https:\/\/www.phorest.com\/de\/blog\/webinar-salon-webseite\/#breadcrumb\",\"itemListElement\":[{\"@type\":\"ListItem\",\"position\":1,\"name\":\"Home\",\"item\":\"https:\/\/www.phorest.com\/de\/\"},{\"@type\":\"ListItem\",\"position\":2,\"name\":\"Webinar: 3 Dinge, die bei eurer Salon-Webseite nicht fehlen d\u00fcrfen\"}]},{\"@type\":\"WebSite\",\"@id\":\"https:\/\/www.phorest.com\/de\/#website\",\"url\":\"https:\/\/www.phorest.com\/de\/\",\"name\":\"Phorest\",\"description\":\"Salon Software - Hair &amp; Beauty - UK for Spa Management &amp; Appointments\",\"publisher\":{\"@id\":\"https:\/\/www.phorest.com\/de\/#organization\"},\"potentialAction\":[{\"@type\":\"SearchAction\",\"target\":{\"@type\":\"EntryPoint\",\"urlTemplate\":\"https:\/\/www.phorest.com\/de\/?s={search_term_string}\"},\"query-input\":{\"@type\":\"PropertyValueSpecification\",\"valueRequired\":true,\"valueName\":\"search_term_string\"}}],\"inLanguage\":\"de\"},{\"@type\":\"Organization\",\"@id\":\"https:\/\/www.phorest.com\/de\/#organization\",\"name\":\"Phorest Salon Software\",\"url\":\"https:\/\/www.phorest.com\/de\/\",\"logo\":{\"@type\":\"ImageObject\",\"inLanguage\":\"de\",\"@id\":\"https:\/\/www.phorest.com\/de\/#\/schema\/logo\/image\/\",\"url\":\"https:\/\/d2dfxqxblmblx4.cloudfront.net\/wp-content\/uploads\/2019\/10\/24141402\/phorest-acorn-logo1.png\",\"contentUrl\":\"https:\/\/d2dfxqxblmblx4.cloudfront.net\/wp-content\/uploads\/2019\/10\/24141402\/phorest-acorn-logo1.png\",\"width\":201,\"height\":202,\"caption\":\"Phorest Salon Software\"},\"image\":{\"@id\":\"https:\/\/www.phorest.com\/de\/#\/schema\/logo\/image\/\"},\"sameAs\":[\"https:\/\/www.facebook.com\/phorestsalonsoftware\",\"https:\/\/x.com\/thephorestword\",\"https:\/\/instagram.com\/phorest_salon_software\",\"https:\/\/www.linkedin.com\/company\/phorest?trk=company_name\",\"https:\/\/www.pinterest.com\/phorestss\/\",\"https:\/\/plus.google.com\/u\/0\/b\/101418954139594616916\/101418954139594616916\/posts\/p\/pub\"]},{\"@type\":\"Person\",\"@id\":\"https:\/\/www.phorest.com\/de\/#\/schema\/person\/a2fa3dcc7a7903d04c5a226bfea6b3a4\",\"name\":\"Evelyn Wolf\",\"image\":{\"@type\":\"ImageObject\",\"inLanguage\":\"de\",\"@id\":\"https:\/\/www.phorest.com\/de\/#\/schema\/person\/image\/\",\"url\":\"https:\/\/d2dfxqxblmblx4.cloudfront.net\/wp-content\/uploads\/2021\/03\/09152606\/Evelyn-Wolf-150x150.jpg\",\"contentUrl\":\"https:\/\/d2dfxqxblmblx4.cloudfront.net\/wp-content\/uploads\/2021\/03\/09152606\/Evelyn-Wolf-150x150.jpg\",\"caption\":\"Evelyn Wolf\"},\"description\":\"Evelyn Wolf ist Head of Demand Generation f\u00fcr Deutschland, \u00d6sterreich und die Schweiz bei\u00a0Phorest Salon Software. Evelyn k\u00fcmmert sich mit Leidenschaft um unser lokales Marketing und ist auch schon seit \u00fcber 15 Jahren im Marketing t\u00e4tig. Hier auf unserem Blog teilt sie ihr Wissen \u00fcber Phorest Features, Salon-Marketing und mehr.\",\"sameAs\":[\"https:\/\/www.linkedin.com\/in\/evelynwolf\/\"],\"url\":\"https:\/\/www.phorest.com\/de\/blog\/author\/evelyn-wolf\/\"}]}<\/script>\n<!-- \/ Yoast SEO plugin. -->","yoast_head_json":{"title":"Webinar: 3 Dinge, die bei eurer Salon-Webseite nicht fehlen d\u00fcrfen |","description":"Sei am 12.09.2022 live dabei \u2713 Webinar: 3 Dinge, die bei eurer Salon-Webseite nicht fehlen d\u00fcrfen","robots":{"index":"index","follow":"follow","max-snippet":"max-snippet:-1","max-image-preview":"max-image-preview:large","max-video-preview":"max-video-preview:-1"},"canonical":"https:\/\/www.phorest.com\/de\/blog\/webinar-salon-webseite\/","og_locale":"de_DE","og_type":"article","og_title":"Webinar: 3 Dinge, die bei eurer Salon-Webseite nicht fehlen d\u00fcrfen |","og_description":"Sei am 12.09.2022 live dabei \u2713 Webinar: 3 Dinge, die bei eurer Salon-Webseite nicht fehlen d\u00fcrfen","og_url":"https:\/\/www.phorest.com\/de\/blog\/webinar-salon-webseite\/","og_site_name":"Phorest","article_publisher":"https:\/\/www.facebook.com\/phorestsalonsoftware","article_published_time":"2022-08-22T09:41:51+00:00","article_modified_time":"2022-10-03T11:44:20+00:00","og_image":[{"width":1171,"height":710,"url":"https:\/\/d2dfxqxblmblx4.cloudfront.net\/wp-content\/uploads\/2022\/08\/22093828\/Webinar-3-Dinge-die-bei-eurer-Salon-Webseite-nicht-fehlen-du%CC%88rfen--150x150.jpeg","type":"image\/jpeg"}],"author":"Evelyn Wolf","twitter_card":"summary_large_image","twitter_image":"https:\/\/d2dfxqxblmblx4.cloudfront.net\/wp-content\/uploads\/2022\/08\/22093828\/Webinar-3-Dinge-die-bei-eurer-Salon-Webseite-nicht-fehlen-du%CC%88rfen--150x150.jpeg","twitter_creator":"@thephorestword","twitter_site":"@thephorestword","twitter_misc":{"Written by":"Evelyn Wolf","Est. reading time":"2 minutes"},"schema":{"@context":"https:\/\/schema.org","@graph":[{"@type":"Article","@id":"https:\/\/www.phorest.com\/de\/blog\/webinar-salon-webseite\/#article","isPartOf":{"@id":"https:\/\/www.phorest.com\/de\/blog\/webinar-salon-webseite\/"},"author":{"name":"Evelyn Wolf","@id":"https:\/\/www.phorest.com\/de\/#\/schema\/person\/a2fa3dcc7a7903d04c5a226bfea6b3a4"},"headline":"Webinar: 3 Dinge, die bei eurer Salon-Webseite nicht fehlen d\u00fcrfen","datePublished":"2022-08-22T09:41:51+00:00","dateModified":"2022-10-03T11:44:20+00:00","mainEntityOfPage":{"@id":"https:\/\/www.phorest.com\/de\/blog\/webinar-salon-webseite\/"},"wordCount":489,"commentCount":0,"publisher":{"@id":"https:\/\/www.phorest.com\/de\/#organization"},"image":{"@id":"https:\/\/www.phorest.com\/de\/blog\/webinar-salon-webseite\/#primaryimage"},"thumbnailUrl":"https:\/\/d2dfxqxblmblx4.cloudfront.net\/wp-content\/uploads\/2022\/08\/22093828\/Webinar-3-Dinge-die-bei-eurer-Salon-Webseite-nicht-fehlen-du%CC%88rfen-.jpeg","keywords":["lokales SEO","Online-Buchung","Salon-Webseite","SEO","webinar","Webseiten"],"articleSection":["Salon-App &amp; Website","Vermarkte dein Gesch\u00e4ft"],"inLanguage":"de","potentialAction":[{"@type":"CommentAction","name":"Comment","target":["https:\/\/www.phorest.com\/de\/blog\/webinar-salon-webseite\/#respond"]}]},{"@type":"WebPage","@id":"https:\/\/www.phorest.com\/de\/blog\/webinar-salon-webseite\/","url":"https:\/\/www.phorest.com\/de\/blog\/webinar-salon-webseite\/","name":"Webinar: 3 Dinge, die bei eurer Salon-Webseite nicht fehlen d\u00fcrfen |","isPartOf":{"@id":"https:\/\/www.phorest.com\/de\/#website"},"primaryImageOfPage":{"@id":"https:\/\/www.phorest.com\/de\/blog\/webinar-salon-webseite\/#primaryimage"},"image":{"@id":"https:\/\/www.phorest.com\/de\/blog\/webinar-salon-webseite\/#primaryimage"},"thumbnailUrl":"https:\/\/d2dfxqxblmblx4.cloudfront.net\/wp-content\/uploads\/2022\/08\/22093828\/Webinar-3-Dinge-die-bei-eurer-Salon-Webseite-nicht-fehlen-du%CC%88rfen-.jpeg","datePublished":"2022-08-22T09:41:51+00:00","dateModified":"2022-10-03T11:44:20+00:00","description":"Sei am 12.09.2022 live dabei \u2713 Webinar: 3 Dinge, die bei eurer Salon-Webseite nicht fehlen d\u00fcrfen","breadcrumb":{"@id":"https:\/\/www.phorest.com\/de\/blog\/webinar-salon-webseite\/#breadcrumb"},"inLanguage":"de","potentialAction":[{"@type":"ReadAction","target":["https:\/\/www.phorest.com\/de\/blog\/webinar-salon-webseite\/"]}]},{"@type":"ImageObject","inLanguage":"de","@id":"https:\/\/www.phorest.com\/de\/blog\/webinar-salon-webseite\/#primaryimage","url":"https:\/\/d2dfxqxblmblx4.cloudfront.net\/wp-content\/uploads\/2022\/08\/22093828\/Webinar-3-Dinge-die-bei-eurer-Salon-Webseite-nicht-fehlen-du%CC%88rfen-.jpeg","contentUrl":"https:\/\/d2dfxqxblmblx4.cloudfront.net\/wp-content\/uploads\/2022\/08\/22093828\/Webinar-3-Dinge-die-bei-eurer-Salon-Webseite-nicht-fehlen-du%CC%88rfen-.jpeg","width":1171,"height":710},{"@type":"BreadcrumbList","@id":"https:\/\/www.phorest.com\/de\/blog\/webinar-salon-webseite\/#breadcrumb","itemListElement":[{"@type":"ListItem","position":1,"name":"Home","item":"https:\/\/www.phorest.com\/de\/"},{"@type":"ListItem","position":2,"name":"Webinar: 3 Dinge, die bei eurer Salon-Webseite nicht fehlen d\u00fcrfen"}]},{"@type":"WebSite","@id":"https:\/\/www.phorest.com\/de\/#website","url":"https:\/\/www.phorest.com\/de\/","name":"Phorest","description":"Salon Software - Hair &amp; Beauty - UK for Spa Management &amp; Appointments","publisher":{"@id":"https:\/\/www.phorest.com\/de\/#organization"},"potentialAction":[{"@type":"SearchAction","target":{"@type":"EntryPoint","urlTemplate":"https:\/\/www.phorest.com\/de\/?s={search_term_string}"},"query-input":{"@type":"PropertyValueSpecification","valueRequired":true,"valueName":"search_term_string"}}],"inLanguage":"de"},{"@type":"Organization","@id":"https:\/\/www.phorest.com\/de\/#organization","name":"Phorest Salon Software","url":"https:\/\/www.phorest.com\/de\/","logo":{"@type":"ImageObject","inLanguage":"de","@id":"https:\/\/www.phorest.com\/de\/#\/schema\/logo\/image\/","url":"https:\/\/d2dfxqxblmblx4.cloudfront.net\/wp-content\/uploads\/2019\/10\/24141402\/phorest-acorn-logo1.png","contentUrl":"https:\/\/d2dfxqxblmblx4.cloudfront.net\/wp-content\/uploads\/2019\/10\/24141402\/phorest-acorn-logo1.png","width":201,"height":202,"caption":"Phorest Salon Software"},"image":{"@id":"https:\/\/www.phorest.com\/de\/#\/schema\/logo\/image\/"},"sameAs":["https:\/\/www.facebook.com\/phorestsalonsoftware","https:\/\/x.com\/thephorestword","https:\/\/instagram.com\/phorest_salon_software","https:\/\/www.linkedin.com\/company\/phorest?trk=company_name","https:\/\/www.pinterest.com\/phorestss\/","https:\/\/plus.google.com\/u\/0\/b\/101418954139594616916\/101418954139594616916\/posts\/p\/pub"]},{"@type":"Person","@id":"https:\/\/www.phorest.com\/de\/#\/schema\/person\/a2fa3dcc7a7903d04c5a226bfea6b3a4","name":"Evelyn Wolf","image":{"@type":"ImageObject","inLanguage":"de","@id":"https:\/\/www.phorest.com\/de\/#\/schema\/person\/image\/","url":"https:\/\/d2dfxqxblmblx4.cloudfront.net\/wp-content\/uploads\/2021\/03\/09152606\/Evelyn-Wolf-150x150.jpg","contentUrl":"https:\/\/d2dfxqxblmblx4.cloudfront.net\/wp-content\/uploads\/2021\/03\/09152606\/Evelyn-Wolf-150x150.jpg","caption":"Evelyn Wolf"},"description":"Evelyn Wolf ist Head of Demand Generation f\u00fcr Deutschland, \u00d6sterreich und die Schweiz bei\u00a0Phorest Salon Software. Evelyn k\u00fcmmert sich mit Leidenschaft um unser lokales Marketing und ist auch schon seit \u00fcber 15 Jahren im Marketing t\u00e4tig. Hier auf unserem Blog teilt sie ihr Wissen \u00fcber Phorest Features, Salon-Marketing und mehr.","sameAs":["https:\/\/www.linkedin.com\/in\/evelynwolf\/"],"url":"https:\/\/www.phorest.com\/de\/blog\/author\/evelyn-wolf\/"}]}},"_links":{"self":[{"href":"https:\/\/www.phorest.com\/de\/wp-json\/wp\/v2\/posts\/114431","targetHints":{"allow":["GET"]}}],"collection":[{"href":"https:\/\/www.phorest.com\/de\/wp-json\/wp\/v2\/posts"}],"about":[{"href":"https:\/\/www.phorest.com\/de\/wp-json\/wp\/v2\/types\/post"}],"author":[{"embeddable":true,"href":"https:\/\/www.phorest.com\/de\/wp-json\/wp\/v2\/users\/40055"}],"replies":[{"embeddable":true,"href":"https:\/\/www.phorest.com\/de\/wp-json\/wp\/v2\/comments?post=114431"}],"version-history":[{"count":5,"href":"https:\/\/www.phorest.com\/de\/wp-json\/wp\/v2\/posts\/114431\/revisions"}],"predecessor-version":[{"id":116911,"href":"https:\/\/www.phorest.com\/de\/wp-json\/wp\/v2\/posts\/114431\/revisions\/116911"}],"wp:featuredmedia":[{"embeddable":true,"href":"https:\/\/www.phorest.com\/de\/wp-json\/wp\/v2\/media\/114525"}],"wp:attachment":[{"href":"https:\/\/www.phorest.com\/de\/wp-json\/wp\/v2\/media?parent=114431"}],"wp:term":[{"taxonomy":"category","embeddable":true,"href":"https:\/\/www.phorest.com\/de\/wp-json\/wp\/v2\/categories?post=114431"},{"taxonomy":"post_tag","embeddable":true,"href":"https:\/\/www.phorest.com\/de\/wp-json\/wp\/v2\/tags?post=114431"}],"curies":[{"name":"wp","href":"https:\/\/api.w.org\/{rel}","templated":true}]}}