{"id":126513,"date":"2023-05-15T10:39:27","date_gmt":"2023-05-15T10:39:27","guid":{"rendered":"https:\/\/www.phorest.com\/?p=126513"},"modified":"2023-05-15T10:39:31","modified_gmt":"2023-05-15T10:39:31","slug":"was-bei-deiner-salon-webseite-nicht-fehlen-darf","status":"publish","type":"post","link":"https:\/\/www.phorest.com\/de\/blog\/was-bei-deiner-salon-webseite-nicht-fehlen-darf\/","title":{"rendered":"3 Dinge, die bei deiner Salon-Webseite nicht fehlen d\u00fcrfen"},"content":{"rendered":"\n<p>Phorest pr\u00e4sentierte einen Workshop mit Rock-Star-Qualit\u00e4ten auf der Top Hair 2023.<\/p>\n\n\n\n<p>Eine Salon-Webseite muss vor allem eines k\u00f6nnen: Buchungen generieren.<\/p>\n\n\n\n<h3 class=\"wp-block-heading\"><strong>Wie erreicht man dieses Ziel?<\/strong><\/h3>\n\n\n\n<ol class=\"wp-block-list\"><li>Zuerst einmal muss die Seite gefunden werden k\u00f6nnen<\/li><li>Dann muss die Struktur stimmen<\/li><li>Und ultimativ muss der Buchungsprozess einfach und klar sein.<\/li><\/ol>\n\n\n\n<div class=\"wp-block-group\"><div class=\"wp-block-group__inner-container is-layout-flow wp-block-group-is-layout-flow\">\n<div class=\"wp-block-columns is-layout-flex wp-container-core-columns-is-layout-3 wp-block-columns-is-layout-flex\">\n<div class=\"wp-block-column is-layout-flow wp-block-column-is-layout-flow\" style=\"flex-basis:100%\">\n<div class=\"wp-block-columns is-layout-flex wp-container-core-columns-is-layout-2 wp-block-columns-is-layout-flex\">\n<div class=\"wp-block-column is-layout-flow wp-block-column-is-layout-flow\" style=\"flex-basis:100%\">\n<div class=\"wp-block-columns are-vertically-aligned-center is-layout-flex wp-container-core-columns-is-layout-1 wp-block-columns-is-layout-flex\">\n<div class=\"wp-block-column is-vertically-aligned-center is-layout-flow wp-block-column-is-layout-flow\" style=\"flex-basis:66.66%\">\n<p>Phorest Salon Software hat eine Runde voller Expert:innen f\u00fcr euch zusammengestellt, die diese Fragen auf der Top Hair 2023 beantwortet und mit Beispielen aus euren Salons zum Leben erweckt haben.<\/p>\n<\/div>\n\n\n\n<div class=\"wp-block-column is-vertically-aligned-center is-layout-flow wp-block-column-is-layout-flow\" style=\"flex-basis:33.33%\">\n<figure class=\"wp-block-image size-large\"><img loading=\"lazy\" decoding=\"async\" width=\"768\" height=\"1024\" src=\"https:\/\/d2dfxqxblmblx4.cloudfront.net\/wp-content\/uploads\/2023\/05\/15102215\/Webseite_Workshop_TopHair23-768x1024.jpeg\" alt=\"\" class=\"wp-image-126514\" srcset=\"https:\/\/d2dfxqxblmblx4.cloudfront.net\/wp-content\/uploads\/2023\/05\/15102215\/Webseite_Workshop_TopHair23-768x1024.jpeg 768w, https:\/\/d2dfxqxblmblx4.cloudfront.net\/wp-content\/uploads\/2023\/05\/15102215\/Webseite_Workshop_TopHair23-225x300.jpeg 225w, https:\/\/d2dfxqxblmblx4.cloudfront.net\/wp-content\/uploads\/2023\/05\/15102215\/Webseite_Workshop_TopHair23-1152x1536.jpeg 1152w, https:\/\/d2dfxqxblmblx4.cloudfront.net\/wp-content\/uploads\/2023\/05\/15102215\/Webseite_Workshop_TopHair23.jpeg 1500w\" sizes=\"auto, (max-width: 768px) 100vw, 768px\" \/><figcaption>Live Analyse der Webseite von <a href=\"https:\/\/www.hairlounge-rangsdorf.de\/\" target=\"_blank\" rel=\"noreferrer noopener\">Hairlounge Rangsdorf<\/a><\/figcaption><\/figure>\n<\/div>\n<\/div>\n<\/div>\n<\/div>\n<\/div>\n<\/div>\n<\/div><\/div>\n\n\n\n<div class=\"wp-block-columns is-layout-flex wp-container-core-columns-is-layout-4 wp-block-columns-is-layout-flex\">\n<div class=\"wp-block-column is-layout-flow wp-block-column-is-layout-flow\" style=\"flex-basis:33.33%\">\n<figure class=\"wp-block-image size-large\"><img loading=\"lazy\" decoding=\"async\" width=\"768\" height=\"1024\" src=\"https:\/\/d2dfxqxblmblx4.cloudfront.net\/wp-content\/uploads\/2023\/05\/15102736\/Michael-Bredtmann-1-768x1024.png\" alt=\"\" class=\"wp-image-126534\" srcset=\"https:\/\/d2dfxqxblmblx4.cloudfront.net\/wp-content\/uploads\/2023\/05\/15102736\/Michael-Bredtmann-1-768x1024.png 768w, https:\/\/d2dfxqxblmblx4.cloudfront.net\/wp-content\/uploads\/2023\/05\/15102736\/Michael-Bredtmann-1-225x300.png 225w, https:\/\/d2dfxqxblmblx4.cloudfront.net\/wp-content\/uploads\/2023\/05\/15102736\/Michael-Bredtmann-1-1152x1536.png 1152w, https:\/\/d2dfxqxblmblx4.cloudfront.net\/wp-content\/uploads\/2023\/05\/15102736\/Michael-Bredtmann-1.png 1200w\" sizes=\"auto, (max-width: 768px) 100vw, 768px\" \/><figcaption>Michael Bredtmann<\/figcaption><\/figure>\n<\/div>\n\n\n\n<div class=\"wp-block-column is-layout-flow wp-block-column-is-layout-flow\" style=\"flex-basis:66.66%\">\n<p>Online gefunden zu werden, ist der Grundstein. Alleine eine Webseite zu haben reicht jedoch nicht. Aber die Hintergr\u00fcnde zu Google und dessen Algorithmus scheinen viel zu komplex und schrecken ab. Fragt man jedoch unseren ersten Experten Michael Bredtmann, Friseurunternehmer, <a href=\"https:\/\/www.bredtmann.de\/\">Bredtmann &#8211; Spirit of Hair<\/a>, dann muss man nicht Google verstehen, sondern seine Kundschaft. Wie er das umsetzt \u2013 ganz ohne SEO*-Kenntnisse \u2013 hat er mit uns auf der Top Hair geteilt. <em>*SEO steht f\u00fcr Search Engine Optimierung und beschreibt die Aufstellung von Webseiten, sodass sie von Google als besonders relevant eingesch\u00e4tzt werden.<\/em><\/p>\n<\/div>\n<\/div>\n\n\n\n<div class=\"wp-block-columns is-layout-flex wp-container-core-columns-is-layout-5 wp-block-columns-is-layout-flex\">\n<div class=\"wp-block-column is-layout-flow wp-block-column-is-layout-flow\" style=\"flex-basis:25%\">\n<figure class=\"wp-block-image size-large\"><img loading=\"lazy\" decoding=\"async\" width=\"408\" height=\"612\" src=\"https:\/\/d2dfxqxblmblx4.cloudfront.net\/wp-content\/uploads\/2023\/05\/15102904\/Jesse_Vogt-removebg.png\" alt=\"\" class=\"wp-image-126544\" srcset=\"https:\/\/d2dfxqxblmblx4.cloudfront.net\/wp-content\/uploads\/2023\/05\/15102904\/Jesse_Vogt-removebg.png 408w, https:\/\/d2dfxqxblmblx4.cloudfront.net\/wp-content\/uploads\/2023\/05\/15102904\/Jesse_Vogt-removebg-200x300.png 200w\" sizes=\"auto, (max-width: 408px) 100vw, 408px\" \/><figcaption>Jesse Vogt<\/figcaption><\/figure>\n<\/div>\n\n\n\n<div class=\"wp-block-column is-layout-flow wp-block-column-is-layout-flow\" style=\"flex-basis:50%\">\n<p>Dabei hatten wir auch unser Salon-Webseiten-Dream-Team! Jens Engelhardt und Jesse Vogt von <a href=\"https:\/\/cleverhairwebsites.com\/\">CleverHairWebsites<\/a> gaben Tipps, wie ihr eure Webseiten zu Buchungs-Magneten macht und diesen Erfolg auch messen k\u00f6nnt. Das Gute, Jens versteht nicht nur die digitale Welt. Er ist selbst Friseurunternehmer und wuchs in Friseursalons auf.<\/p>\n<\/div>\n\n\n\n<div class=\"wp-block-column is-layout-flow wp-block-column-is-layout-flow\" style=\"flex-basis:25%\">\n<figure class=\"wp-block-image size-large is-resized\"><img loading=\"lazy\" decoding=\"async\" src=\"https:\/\/d2dfxqxblmblx4.cloudfront.net\/wp-content\/uploads\/2023\/05\/15102934\/Jens-Engelhardt-Acqua-Verde-Hairstyling-in-Waedenswil-und-Einsiedeln-Quadrat.jpg-1-1.png\" alt=\"\" class=\"wp-image-126564\" width=\"176\" height=\"176\" srcset=\"https:\/\/d2dfxqxblmblx4.cloudfront.net\/wp-content\/uploads\/2023\/05\/15102934\/Jens-Engelhardt-Acqua-Verde-Hairstyling-in-Waedenswil-und-Einsiedeln-Quadrat.jpg-1-1.png 720w, https:\/\/d2dfxqxblmblx4.cloudfront.net\/wp-content\/uploads\/2023\/05\/15102934\/Jens-Engelhardt-Acqua-Verde-Hairstyling-in-Waedenswil-und-Einsiedeln-Quadrat.jpg-1-1-300x300.png 300w, https:\/\/d2dfxqxblmblx4.cloudfront.net\/wp-content\/uploads\/2023\/05\/15102934\/Jens-Engelhardt-Acqua-Verde-Hairstyling-in-Waedenswil-und-Einsiedeln-Quadrat.jpg-1-1-150x150.png 150w\" sizes=\"auto, (max-width: 176px) 100vw, 176px\" \/><figcaption>Jens Engelhardt<\/figcaption><\/figure>\n<\/div>\n<\/div>\n\n\n\n<p>Frage dich jetzt: Generiert deine Webseite gen\u00fcgend Buchungen f\u00fcr deinen Salon? Wenn nicht, dann entdecke auch unser Webinar zu <a href=\"https:\/\/www.phorest.com\/de\/ressourcen\/webinar-salon-webseite\/\">Salon-Webseiten<\/a> und wende unsere Tipps direkt an!<\/p>\n\n\n\n<p>Phorest \u2013 Deine Software, deine Art zu arbeiten.<\/p>\n\n\n\n<p><strong>#TogetherWeGrow<\/strong><\/p>\n","protected":false},"excerpt":{"rendered":"<p>Phorest pr\u00e4sentierte einen Workshop mit Rock-Star-Qualit\u00e4ten auf der Top Hair 2023. Eine Salon-Webseite muss vor allem eines k\u00f6nnen: Buchungen generieren. Wie erreicht man dieses Ziel? Zuerst einmal muss die Seite gefunden werden k\u00f6nnen Dann muss die Struktur stimmen Und ultimativ muss der Buchungsprozess einfach und klar sein. Phorest Salon Software hat eine Runde voller Expert:innen &hellip; <a href=\"https:\/\/www.phorest.com\/de\/blog\/was-bei-deiner-salon-webseite-nicht-fehlen-darf\/\">Continued<\/a><\/p>\n","protected":false},"author":40060,"featured_media":126574,"comment_status":"open","ping_status":"open","sticky":false,"template":"","format":"standard","meta":{"_acf_changed":false,"footnotes":""},"categories":[10813,10805,10798,10800],"tags":[11239,11273,11270,12141],"class_list":["post-126513","post","type-post","status-publish","format-standard","has-post-thumbnail","hentry","category-branchenwissen","category-kundenbindung-leite-dein-geschaft","category-leite-dein-geschaft","category-terminplanung-leite-dein-geschaft","tag-google-2","tag-salon-webseite","tag-seo-2","tag-terminbuchungen"],"acf":[],"yoast_head":"<!-- This site is optimized with the Yoast SEO plugin v25.1 - https:\/\/yoast.com\/wordpress\/plugins\/seo\/ -->\n<title>3 Dinge, die bei deiner Salon-Webseite nicht fehlen d\u00fcrfen<\/title>\n<meta name=\"description\" content=\"Salon-Webseite attraktiv gestalten \u2713 Werde besser gefunden \u2713 Mehr Termine \u00fcber deine Webseite \u2713 Workshop auf der Top Hair 2023 \u2713 Phorest Salon Software\" \/>\n<meta name=\"robots\" content=\"index, follow, max-snippet:-1, max-image-preview:large, max-video-preview:-1\" \/>\n<link rel=\"canonical\" href=\"https:\/\/www.phorest.com\/de\/blog\/was-bei-deiner-salon-webseite-nicht-fehlen-darf\/\" \/>\n<meta property=\"og:locale\" content=\"de_DE\" \/>\n<meta property=\"og:type\" content=\"article\" \/>\n<meta property=\"og:title\" content=\"3 Dinge, die bei deiner Salon-Webseite nicht fehlen d\u00fcrfen\" \/>\n<meta property=\"og:description\" content=\"Salon-Webseite attraktiv gestalten \u2713 Werde besser gefunden \u2713 Mehr Termine \u00fcber deine Webseite \u2713 Workshop auf der Top Hair 2023 \u2713 Phorest Salon Software\" \/>\n<meta property=\"og:url\" content=\"https:\/\/www.phorest.com\/de\/blog\/was-bei-deiner-salon-webseite-nicht-fehlen-darf\/\" \/>\n<meta property=\"og:site_name\" content=\"Phorest\" \/>\n<meta property=\"article:publisher\" content=\"https:\/\/www.facebook.com\/phorestsalonsoftware\" \/>\n<meta property=\"article:published_time\" content=\"2023-05-15T10:39:27+00:00\" \/>\n<meta property=\"article:modified_time\" content=\"2023-05-15T10:39:31+00:00\" \/>\n<meta property=\"og:image\" content=\"https:\/\/d2dfxqxblmblx4.cloudfront.net\/wp-content\/uploads\/2023\/05\/15103638\/Workshop-2-Hero-150x150.png\" \/>\n\t<meta property=\"og:image:width\" content=\"1200\" \/>\n\t<meta property=\"og:image:height\" content=\"675\" \/>\n\t<meta property=\"og:image:type\" content=\"image\/png\" \/>\n<meta name=\"author\" content=\"Ann-Kathrin Helm\" \/>\n<meta name=\"twitter:card\" content=\"summary_large_image\" \/>\n<meta name=\"twitter:image\" content=\"https:\/\/d2dfxqxblmblx4.cloudfront.net\/wp-content\/uploads\/2023\/05\/15103638\/Workshop-2-Hero-150x150.png\" \/>\n<meta name=\"twitter:creator\" content=\"@thephorestword\" \/>\n<meta name=\"twitter:site\" content=\"@thephorestword\" \/>\n<meta name=\"twitter:label1\" content=\"Written by\" \/>\n\t<meta name=\"twitter:data1\" content=\"Ann-Kathrin Helm\" \/>\n\t<meta name=\"twitter:label2\" content=\"Est. reading time\" \/>\n\t<meta name=\"twitter:data2\" content=\"2 minutes\" \/>\n<script type=\"application\/ld+json\" class=\"yoast-schema-graph\">{\"@context\":\"https:\/\/schema.org\",\"@graph\":[{\"@type\":\"Article\",\"@id\":\"https:\/\/www.phorest.com\/de\/blog\/was-bei-deiner-salon-webseite-nicht-fehlen-darf\/#article\",\"isPartOf\":{\"@id\":\"https:\/\/www.phorest.com\/de\/blog\/was-bei-deiner-salon-webseite-nicht-fehlen-darf\/\"},\"author\":{\"name\":\"Ann-Kathrin Helm\",\"@id\":\"https:\/\/www.phorest.com\/de\/#\/schema\/person\/56a1801ae3d5b559a4450b5b0a308d27\"},\"headline\":\"3 Dinge, die bei deiner Salon-Webseite nicht fehlen d\u00fcrfen\",\"datePublished\":\"2023-05-15T10:39:27+00:00\",\"dateModified\":\"2023-05-15T10:39:31+00:00\",\"mainEntityOfPage\":{\"@id\":\"https:\/\/www.phorest.com\/de\/blog\/was-bei-deiner-salon-webseite-nicht-fehlen-darf\/\"},\"wordCount\":280,\"commentCount\":0,\"publisher\":{\"@id\":\"https:\/\/www.phorest.com\/de\/#organization\"},\"image\":{\"@id\":\"https:\/\/www.phorest.com\/de\/blog\/was-bei-deiner-salon-webseite-nicht-fehlen-darf\/#primaryimage\"},\"thumbnailUrl\":\"https:\/\/d2dfxqxblmblx4.cloudfront.net\/wp-content\/uploads\/2023\/05\/15103638\/Workshop-2-Hero.png\",\"keywords\":[\"Google\",\"Salon-Webseite\",\"SEO\",\"terminbuchungen\"],\"articleSection\":[\"Branchenwissen\",\"Kundenbindung\",\"Leite dein Gesch\u00e4ft\",\"Terminplanung\"],\"inLanguage\":\"de\",\"potentialAction\":[{\"@type\":\"CommentAction\",\"name\":\"Comment\",\"target\":[\"https:\/\/www.phorest.com\/de\/blog\/was-bei-deiner-salon-webseite-nicht-fehlen-darf\/#respond\"]}]},{\"@type\":\"WebPage\",\"@id\":\"https:\/\/www.phorest.com\/de\/blog\/was-bei-deiner-salon-webseite-nicht-fehlen-darf\/\",\"url\":\"https:\/\/www.phorest.com\/de\/blog\/was-bei-deiner-salon-webseite-nicht-fehlen-darf\/\",\"name\":\"3 Dinge, die bei deiner Salon-Webseite nicht fehlen d\u00fcrfen\",\"isPartOf\":{\"@id\":\"https:\/\/www.phorest.com\/de\/#website\"},\"primaryImageOfPage\":{\"@id\":\"https:\/\/www.phorest.com\/de\/blog\/was-bei-deiner-salon-webseite-nicht-fehlen-darf\/#primaryimage\"},\"image\":{\"@id\":\"https:\/\/www.phorest.com\/de\/blog\/was-bei-deiner-salon-webseite-nicht-fehlen-darf\/#primaryimage\"},\"thumbnailUrl\":\"https:\/\/d2dfxqxblmblx4.cloudfront.net\/wp-content\/uploads\/2023\/05\/15103638\/Workshop-2-Hero.png\",\"datePublished\":\"2023-05-15T10:39:27+00:00\",\"dateModified\":\"2023-05-15T10:39:31+00:00\",\"description\":\"Salon-Webseite attraktiv gestalten \u2713 Werde besser gefunden \u2713 Mehr Termine \u00fcber deine Webseite \u2713 Workshop auf der Top Hair 2023 \u2713 Phorest Salon Software\",\"breadcrumb\":{\"@id\":\"https:\/\/www.phorest.com\/de\/blog\/was-bei-deiner-salon-webseite-nicht-fehlen-darf\/#breadcrumb\"},\"inLanguage\":\"de\",\"potentialAction\":[{\"@type\":\"ReadAction\",\"target\":[\"https:\/\/www.phorest.com\/de\/blog\/was-bei-deiner-salon-webseite-nicht-fehlen-darf\/\"]}]},{\"@type\":\"ImageObject\",\"inLanguage\":\"de\",\"@id\":\"https:\/\/www.phorest.com\/de\/blog\/was-bei-deiner-salon-webseite-nicht-fehlen-darf\/#primaryimage\",\"url\":\"https:\/\/d2dfxqxblmblx4.cloudfront.net\/wp-content\/uploads\/2023\/05\/15103638\/Workshop-2-Hero.png\",\"contentUrl\":\"https:\/\/d2dfxqxblmblx4.cloudfront.net\/wp-content\/uploads\/2023\/05\/15103638\/Workshop-2-Hero.png\",\"width\":1200,\"height\":675,\"caption\":\"Phorest Workshop zu Salonwebseiten auf der Top Hair 2023\"},{\"@type\":\"BreadcrumbList\",\"@id\":\"https:\/\/www.phorest.com\/de\/blog\/was-bei-deiner-salon-webseite-nicht-fehlen-darf\/#breadcrumb\",\"itemListElement\":[{\"@type\":\"ListItem\",\"position\":1,\"name\":\"Home\",\"item\":\"https:\/\/www.phorest.com\/de\/\"},{\"@type\":\"ListItem\",\"position\":2,\"name\":\"3 Dinge, die bei deiner Salon-Webseite nicht fehlen d\u00fcrfen\"}]},{\"@type\":\"WebSite\",\"@id\":\"https:\/\/www.phorest.com\/de\/#website\",\"url\":\"https:\/\/www.phorest.com\/de\/\",\"name\":\"Phorest\",\"description\":\"Salon Software - Hair &amp; Beauty - UK for Spa Management &amp; Appointments\",\"publisher\":{\"@id\":\"https:\/\/www.phorest.com\/de\/#organization\"},\"potentialAction\":[{\"@type\":\"SearchAction\",\"target\":{\"@type\":\"EntryPoint\",\"urlTemplate\":\"https:\/\/www.phorest.com\/de\/?s={search_term_string}\"},\"query-input\":{\"@type\":\"PropertyValueSpecification\",\"valueRequired\":true,\"valueName\":\"search_term_string\"}}],\"inLanguage\":\"de\"},{\"@type\":\"Organization\",\"@id\":\"https:\/\/www.phorest.com\/de\/#organization\",\"name\":\"Phorest Salon Software\",\"url\":\"https:\/\/www.phorest.com\/de\/\",\"logo\":{\"@type\":\"ImageObject\",\"inLanguage\":\"de\",\"@id\":\"https:\/\/www.phorest.com\/de\/#\/schema\/logo\/image\/\",\"url\":\"https:\/\/d2dfxqxblmblx4.cloudfront.net\/wp-content\/uploads\/2019\/10\/24141402\/phorest-acorn-logo1.png\",\"contentUrl\":\"https:\/\/d2dfxqxblmblx4.cloudfront.net\/wp-content\/uploads\/2019\/10\/24141402\/phorest-acorn-logo1.png\",\"width\":201,\"height\":202,\"caption\":\"Phorest Salon Software\"},\"image\":{\"@id\":\"https:\/\/www.phorest.com\/de\/#\/schema\/logo\/image\/\"},\"sameAs\":[\"https:\/\/www.facebook.com\/phorestsalonsoftware\",\"https:\/\/x.com\/thephorestword\",\"https:\/\/instagram.com\/phorest_salon_software\",\"https:\/\/www.linkedin.com\/company\/phorest?trk=company_name\",\"https:\/\/www.pinterest.com\/phorestss\/\",\"https:\/\/plus.google.com\/u\/0\/b\/101418954139594616916\/101418954139594616916\/posts\/p\/pub\"]},{\"@type\":\"Person\",\"@id\":\"https:\/\/www.phorest.com\/de\/#\/schema\/person\/56a1801ae3d5b559a4450b5b0a308d27\",\"name\":\"Ann-Kathrin Helm\",\"image\":{\"@type\":\"ImageObject\",\"inLanguage\":\"de\",\"@id\":\"https:\/\/www.phorest.com\/de\/#\/schema\/person\/image\/\",\"url\":\"https:\/\/d2dfxqxblmblx4.cloudfront.net\/wp-content\/uploads\/2021\/05\/13095446\/Ann-Kathrin_Helm-150x150.jpg\",\"contentUrl\":\"https:\/\/d2dfxqxblmblx4.cloudfront.net\/wp-content\/uploads\/2021\/05\/13095446\/Ann-Kathrin_Helm-150x150.jpg\",\"caption\":\"Ann-Kathrin Helm\"},\"description\":\"Ann-Kathrin Helm is our Marketing Executive for Germany, Austria &amp; Switzerland (DACH) here at Phorest Salon Software. She is responsible for customer communication in the DACH region. Her mother \u2013 a master hairdresser \u2013 instilled in her a passion for the industry from an early age. As a result, she understands the challenges and opportunities of the salon world firsthand. This deep connection is reflected in everything she does \u2013 from articles in professional magazines such as TOP HAIR, to targeted email campaigns, inspiring blog posts, and her mission to make Phorest\u2019s features and their benefits more accessible to the Phorest community. Her goal: to make marketing understandable, actionable, and \u2013 above all \u2013 effective, creating real value for beauty entrepreneurs.\",\"sameAs\":[\"https:\/\/www.phorest.com\/de\/\",\"https:\/\/www.linkedin.com\/in\/ann-kathrin-helm\/\"],\"url\":\"https:\/\/www.phorest.com\/de\/blog\/author\/ann-kathrin-helm-2\/\"}]}<\/script>\n<!-- \/ Yoast SEO plugin. -->","yoast_head_json":{"title":"3 Dinge, die bei deiner Salon-Webseite nicht fehlen d\u00fcrfen","description":"Salon-Webseite attraktiv gestalten \u2713 Werde besser gefunden \u2713 Mehr Termine \u00fcber deine Webseite \u2713 Workshop auf der Top Hair 2023 \u2713 Phorest Salon Software","robots":{"index":"index","follow":"follow","max-snippet":"max-snippet:-1","max-image-preview":"max-image-preview:large","max-video-preview":"max-video-preview:-1"},"canonical":"https:\/\/www.phorest.com\/de\/blog\/was-bei-deiner-salon-webseite-nicht-fehlen-darf\/","og_locale":"de_DE","og_type":"article","og_title":"3 Dinge, die bei deiner Salon-Webseite nicht fehlen d\u00fcrfen","og_description":"Salon-Webseite attraktiv gestalten \u2713 Werde besser gefunden \u2713 Mehr Termine \u00fcber deine Webseite \u2713 Workshop auf der Top Hair 2023 \u2713 Phorest Salon Software","og_url":"https:\/\/www.phorest.com\/de\/blog\/was-bei-deiner-salon-webseite-nicht-fehlen-darf\/","og_site_name":"Phorest","article_publisher":"https:\/\/www.facebook.com\/phorestsalonsoftware","article_published_time":"2023-05-15T10:39:27+00:00","article_modified_time":"2023-05-15T10:39:31+00:00","og_image":[{"width":1200,"height":675,"url":"https:\/\/d2dfxqxblmblx4.cloudfront.net\/wp-content\/uploads\/2023\/05\/15103638\/Workshop-2-Hero-150x150.png","type":"image\/png"}],"author":"Ann-Kathrin Helm","twitter_card":"summary_large_image","twitter_image":"https:\/\/d2dfxqxblmblx4.cloudfront.net\/wp-content\/uploads\/2023\/05\/15103638\/Workshop-2-Hero-150x150.png","twitter_creator":"@thephorestword","twitter_site":"@thephorestword","twitter_misc":{"Written by":"Ann-Kathrin Helm","Est. reading time":"2 minutes"},"schema":{"@context":"https:\/\/schema.org","@graph":[{"@type":"Article","@id":"https:\/\/www.phorest.com\/de\/blog\/was-bei-deiner-salon-webseite-nicht-fehlen-darf\/#article","isPartOf":{"@id":"https:\/\/www.phorest.com\/de\/blog\/was-bei-deiner-salon-webseite-nicht-fehlen-darf\/"},"author":{"name":"Ann-Kathrin Helm","@id":"https:\/\/www.phorest.com\/de\/#\/schema\/person\/56a1801ae3d5b559a4450b5b0a308d27"},"headline":"3 Dinge, die bei deiner Salon-Webseite nicht fehlen d\u00fcrfen","datePublished":"2023-05-15T10:39:27+00:00","dateModified":"2023-05-15T10:39:31+00:00","mainEntityOfPage":{"@id":"https:\/\/www.phorest.com\/de\/blog\/was-bei-deiner-salon-webseite-nicht-fehlen-darf\/"},"wordCount":280,"commentCount":0,"publisher":{"@id":"https:\/\/www.phorest.com\/de\/#organization"},"image":{"@id":"https:\/\/www.phorest.com\/de\/blog\/was-bei-deiner-salon-webseite-nicht-fehlen-darf\/#primaryimage"},"thumbnailUrl":"https:\/\/d2dfxqxblmblx4.cloudfront.net\/wp-content\/uploads\/2023\/05\/15103638\/Workshop-2-Hero.png","keywords":["Google","Salon-Webseite","SEO","terminbuchungen"],"articleSection":["Branchenwissen","Kundenbindung","Leite dein Gesch\u00e4ft","Terminplanung"],"inLanguage":"de","potentialAction":[{"@type":"CommentAction","name":"Comment","target":["https:\/\/www.phorest.com\/de\/blog\/was-bei-deiner-salon-webseite-nicht-fehlen-darf\/#respond"]}]},{"@type":"WebPage","@id":"https:\/\/www.phorest.com\/de\/blog\/was-bei-deiner-salon-webseite-nicht-fehlen-darf\/","url":"https:\/\/www.phorest.com\/de\/blog\/was-bei-deiner-salon-webseite-nicht-fehlen-darf\/","name":"3 Dinge, die bei deiner Salon-Webseite nicht fehlen d\u00fcrfen","isPartOf":{"@id":"https:\/\/www.phorest.com\/de\/#website"},"primaryImageOfPage":{"@id":"https:\/\/www.phorest.com\/de\/blog\/was-bei-deiner-salon-webseite-nicht-fehlen-darf\/#primaryimage"},"image":{"@id":"https:\/\/www.phorest.com\/de\/blog\/was-bei-deiner-salon-webseite-nicht-fehlen-darf\/#primaryimage"},"thumbnailUrl":"https:\/\/d2dfxqxblmblx4.cloudfront.net\/wp-content\/uploads\/2023\/05\/15103638\/Workshop-2-Hero.png","datePublished":"2023-05-15T10:39:27+00:00","dateModified":"2023-05-15T10:39:31+00:00","description":"Salon-Webseite attraktiv gestalten \u2713 Werde besser gefunden \u2713 Mehr Termine \u00fcber deine Webseite \u2713 Workshop auf der Top Hair 2023 \u2713 Phorest Salon Software","breadcrumb":{"@id":"https:\/\/www.phorest.com\/de\/blog\/was-bei-deiner-salon-webseite-nicht-fehlen-darf\/#breadcrumb"},"inLanguage":"de","potentialAction":[{"@type":"ReadAction","target":["https:\/\/www.phorest.com\/de\/blog\/was-bei-deiner-salon-webseite-nicht-fehlen-darf\/"]}]},{"@type":"ImageObject","inLanguage":"de","@id":"https:\/\/www.phorest.com\/de\/blog\/was-bei-deiner-salon-webseite-nicht-fehlen-darf\/#primaryimage","url":"https:\/\/d2dfxqxblmblx4.cloudfront.net\/wp-content\/uploads\/2023\/05\/15103638\/Workshop-2-Hero.png","contentUrl":"https:\/\/d2dfxqxblmblx4.cloudfront.net\/wp-content\/uploads\/2023\/05\/15103638\/Workshop-2-Hero.png","width":1200,"height":675,"caption":"Phorest Workshop zu Salonwebseiten auf der Top Hair 2023"},{"@type":"BreadcrumbList","@id":"https:\/\/www.phorest.com\/de\/blog\/was-bei-deiner-salon-webseite-nicht-fehlen-darf\/#breadcrumb","itemListElement":[{"@type":"ListItem","position":1,"name":"Home","item":"https:\/\/www.phorest.com\/de\/"},{"@type":"ListItem","position":2,"name":"3 Dinge, die bei deiner Salon-Webseite nicht fehlen d\u00fcrfen"}]},{"@type":"WebSite","@id":"https:\/\/www.phorest.com\/de\/#website","url":"https:\/\/www.phorest.com\/de\/","name":"Phorest","description":"Salon Software - Hair &amp; Beauty - UK for Spa Management &amp; Appointments","publisher":{"@id":"https:\/\/www.phorest.com\/de\/#organization"},"potentialAction":[{"@type":"SearchAction","target":{"@type":"EntryPoint","urlTemplate":"https:\/\/www.phorest.com\/de\/?s={search_term_string}"},"query-input":{"@type":"PropertyValueSpecification","valueRequired":true,"valueName":"search_term_string"}}],"inLanguage":"de"},{"@type":"Organization","@id":"https:\/\/www.phorest.com\/de\/#organization","name":"Phorest Salon Software","url":"https:\/\/www.phorest.com\/de\/","logo":{"@type":"ImageObject","inLanguage":"de","@id":"https:\/\/www.phorest.com\/de\/#\/schema\/logo\/image\/","url":"https:\/\/d2dfxqxblmblx4.cloudfront.net\/wp-content\/uploads\/2019\/10\/24141402\/phorest-acorn-logo1.png","contentUrl":"https:\/\/d2dfxqxblmblx4.cloudfront.net\/wp-content\/uploads\/2019\/10\/24141402\/phorest-acorn-logo1.png","width":201,"height":202,"caption":"Phorest Salon Software"},"image":{"@id":"https:\/\/www.phorest.com\/de\/#\/schema\/logo\/image\/"},"sameAs":["https:\/\/www.facebook.com\/phorestsalonsoftware","https:\/\/x.com\/thephorestword","https:\/\/instagram.com\/phorest_salon_software","https:\/\/www.linkedin.com\/company\/phorest?trk=company_name","https:\/\/www.pinterest.com\/phorestss\/","https:\/\/plus.google.com\/u\/0\/b\/101418954139594616916\/101418954139594616916\/posts\/p\/pub"]},{"@type":"Person","@id":"https:\/\/www.phorest.com\/de\/#\/schema\/person\/56a1801ae3d5b559a4450b5b0a308d27","name":"Ann-Kathrin Helm","image":{"@type":"ImageObject","inLanguage":"de","@id":"https:\/\/www.phorest.com\/de\/#\/schema\/person\/image\/","url":"https:\/\/d2dfxqxblmblx4.cloudfront.net\/wp-content\/uploads\/2021\/05\/13095446\/Ann-Kathrin_Helm-150x150.jpg","contentUrl":"https:\/\/d2dfxqxblmblx4.cloudfront.net\/wp-content\/uploads\/2021\/05\/13095446\/Ann-Kathrin_Helm-150x150.jpg","caption":"Ann-Kathrin Helm"},"description":"Ann-Kathrin Helm is our Marketing Executive for Germany, Austria &amp; Switzerland (DACH) here at Phorest Salon Software. She is responsible for customer communication in the DACH region. Her mother \u2013 a master hairdresser \u2013 instilled in her a passion for the industry from an early age. As a result, she understands the challenges and opportunities of the salon world firsthand. This deep connection is reflected in everything she does \u2013 from articles in professional magazines such as TOP HAIR, to targeted email campaigns, inspiring blog posts, and her mission to make Phorest\u2019s features and their benefits more accessible to the Phorest community. Her goal: to make marketing understandable, actionable, and \u2013 above all \u2013 effective, creating real value for beauty entrepreneurs.","sameAs":["https:\/\/www.phorest.com\/de\/","https:\/\/www.linkedin.com\/in\/ann-kathrin-helm\/"],"url":"https:\/\/www.phorest.com\/de\/blog\/author\/ann-kathrin-helm-2\/"}]}},"_links":{"self":[{"href":"https:\/\/www.phorest.com\/de\/wp-json\/wp\/v2\/posts\/126513","targetHints":{"allow":["GET"]}}],"collection":[{"href":"https:\/\/www.phorest.com\/de\/wp-json\/wp\/v2\/posts"}],"about":[{"href":"https:\/\/www.phorest.com\/de\/wp-json\/wp\/v2\/types\/post"}],"author":[{"embeddable":true,"href":"https:\/\/www.phorest.com\/de\/wp-json\/wp\/v2\/users\/40060"}],"replies":[{"embeddable":true,"href":"https:\/\/www.phorest.com\/de\/wp-json\/wp\/v2\/comments?post=126513"}],"version-history":[{"count":5,"href":"https:\/\/www.phorest.com\/de\/wp-json\/wp\/v2\/posts\/126513\/revisions"}],"predecessor-version":[{"id":126589,"href":"https:\/\/www.phorest.com\/de\/wp-json\/wp\/v2\/posts\/126513\/revisions\/126589"}],"wp:featuredmedia":[{"embeddable":true,"href":"https:\/\/www.phorest.com\/de\/wp-json\/wp\/v2\/media\/126574"}],"wp:attachment":[{"href":"https:\/\/www.phorest.com\/de\/wp-json\/wp\/v2\/media?parent=126513"}],"wp:term":[{"taxonomy":"category","embeddable":true,"href":"https:\/\/www.phorest.com\/de\/wp-json\/wp\/v2\/categories?post=126513"},{"taxonomy":"post_tag","embeddable":true,"href":"https:\/\/www.phorest.com\/de\/wp-json\/wp\/v2\/tags?post=126513"}],"curies":[{"name":"wp","href":"https:\/\/api.w.org\/{rel}","templated":true}]}}