{"id":133085,"date":"2023-08-31T06:58:04","date_gmt":"2023-08-31T06:58:04","guid":{"rendered":"https:\/\/www.phorest.com\/?p=133085"},"modified":"2023-08-31T07:08:58","modified_gmt":"2023-08-31T07:08:58","slug":"verna-wall-rich-cullen-salon-owners-summit-2023-recap","status":"publish","type":"post","link":"https:\/\/www.phorest.com\/de\/blog\/verna-wall-rich-cullen-salon-owners-summit-2023-recap\/","title":{"rendered":"Verna Wall &#038; Rich Cullen zu Erfolgsgeschichten aus dem Salon \u2013 Salon Owners Summit 2023 Recap"},"content":{"rendered":"\n<p>In den letzten 12 Monaten waren Verna Wall, Rich Cullen und das Phorest Research Team unterwegs, um Salons zu besuchen und \u00fcber Zoom Gespr\u00e4che mit Gesch\u00e4ftsinhaber:innen auf der ganzen Welt zu f\u00fchren. Sie haben sich die Daten angeschaut und Fragen gestellt, alles mit einem einfachen Ziel: herauszufinden, was die besten Salons tun, um erfolgreich zu sein.<\/p>\n\n\n\n<p>Im Januar 2023 stand das dynamische Duo auf dem Salon Owners Summit auf der B\u00fchne und teilte seine Erkenntnisse mit.<\/p>\n\n\n\n<h2 class=\"wp-block-heading\"><strong>Die erfolgreichsten Salons tun alle die gleichen drei Dinge.<\/strong><\/h2>\n\n\n\n<h3 class=\"wp-block-heading\"><strong>Sie:<\/strong><\/h3>\n\n\n\n<ol class=\"wp-block-list\"><li>Ziehen Traumkundschaft an<\/li><li>sind Kund:innen-orientiert<\/li><li>sind offen f\u00fcr Flexibilit\u00e4t<\/li><\/ol>\n\n\n\n<p>Schlie\u00dfe die Augen und stelle dir vor, dass deine f\u00fcnf Lieblingskund:innen gerade zur T\u00fcr hereingekommen sind. Rich fordert die Zuh\u00f6rer:innen auf, sich die Gesichter dieser Kund:innen vorzustellen, damit sie sich \u00fcberlegen k\u00f6nnen, wer genau diese sind. Deine derzeitigen Traumkundschaft zu identifizieren und zu verstehen, was sie so wertvoll macht, ist der erste Schritt, um mehr Kund:innen wie sie zu gewinnen.&nbsp;<\/p>\n\n\n\n<p>Hier sind einige der am h\u00e4ufigsten genannten Merkmale von Traumkund:innen, die von Phorest-Salons genannt werden:<\/p>\n\n\n\n<ul class=\"wp-block-list\"><li>Sie hinterlassen viele 5-Sterne-Bewertungen<\/li><li>Sie buchen leicht Folgetermine<\/li><li>Sie folgen, liken und kommentieren in den sozialen Medien<\/li><li>Sie erz\u00e4hlen ihren Freund:innen und ihrer Familie von deinem Salon<\/li><\/ul>\n\n\n\n<p>Du kannst sogar die <a href=\"https:\/\/www.phorest.com\/de\/funktionen\/salonberichte-buchhaltungssoftware\/\">Berichtstools<\/a> in deiner Software nutzen, um diese Nachforschungen voranzutreiben. Erstelle beispielsweise einige Berichte, um deine Kundenliste nach durchschnittlichen Ausgaben und Folgeterminrate zu filtern.<\/p>\n\n\n\n<figure class=\"wp-block-image size-large\"><img loading=\"lazy\" decoding=\"async\" width=\"1024\" height=\"683\" src=\"https:\/\/d2dfxqxblmblx4.cloudfront.net\/wp-content\/uploads\/2023\/02\/28181009\/1IMAGE_20230109_9715-1-1024x683.jpg\" alt=\"\" class=\"wp-image-124853\" srcset=\"https:\/\/d2dfxqxblmblx4.cloudfront.net\/wp-content\/uploads\/2023\/02\/28181009\/1IMAGE_20230109_9715-1-1024x683.jpg 1024w, https:\/\/d2dfxqxblmblx4.cloudfront.net\/wp-content\/uploads\/2023\/02\/28181009\/1IMAGE_20230109_9715-1-300x200.jpg 300w, https:\/\/d2dfxqxblmblx4.cloudfront.net\/wp-content\/uploads\/2023\/02\/28181009\/1IMAGE_20230109_9715-1-768x512.jpg 768w, https:\/\/d2dfxqxblmblx4.cloudfront.net\/wp-content\/uploads\/2023\/02\/28181009\/1IMAGE_20230109_9715-1-1536x1024.jpg 1536w, https:\/\/d2dfxqxblmblx4.cloudfront.net\/wp-content\/uploads\/2023\/02\/28181009\/1IMAGE_20230109_9715-1-2048x1365.jpg 2048w\" sizes=\"auto, (max-width: 1024px) 100vw, 1024px\" \/><\/figure>\n\n\n\n<h2 class=\"wp-block-heading\"><strong>Der n\u00e4chste Schritt besteht darin, zu verstehen, wer sie sind und wie sie sich als Kund:innen verhalten.<\/strong><\/h2>\n\n\n\n<p>Wer sind diese Menschen, und wie spricht dein Unternehmen ihre Bed\u00fcrfnisse an? Letztendlich solltest du deine Marktnische genauer bestimmen. Wenn du gerade erst anf\u00e4ngst, solltest du dich jedoch nicht zu sehr auf eine bestimmte Art von Menschen festlegen, die du als ideale Kundschaft ansiehst. Nimm dir stattdessen etwas Zeit, damit sie sich dir offenbaren k\u00f6nnen.<\/p>\n\n\n\n<p>Als Verna und Rich mit Daniel, dem Inhaber von <a href=\"https:\/\/dkuk.biz\/\">DKUK<\/a> in London, sprachen, erz\u00e4hlte er ihnen, dass er bei der Er\u00f6ffnung seines Salons davon ausging, dass seine Kundschaft fast ausschlie\u00dflich aus Kunstliebhaber:innen wie ihm selbst besteht. Mit seinem neuartigen Konzept zog sein Salon jedoch bald Kund:innen an, mit denen er nicht gerechnet hatte. DKUK beschreibt deren Salon als &#8220;Haarschnitte vor der Kunst&#8221;. Als eine Mischung aus zeitgen\u00f6ssischer Kunstgalerie und Salon haben sie alle Spiegel entfernt und stattdessen Kunstwerke aufgeh\u00e4ngt.<\/p>\n\n\n\n<p>Neben Kunstliebhaber:innen interessierten sich bald auch Menschen f\u00fcr den Salon, die Schwierigkeiten haben, sich in einem Spiegel zu betrachten. Darunter sind z.B. Transgender- und LGBTQ+-Kund:innen, sowie Menschen mit K\u00f6rperdysmorphien oder \u00c4ngsten.<\/p>\n\n\n\n<p>In einer Phorest-Umfrage mit \u00fcber 13.000 Kund:innen der Haar- und Beautybranche,<\/p>\n\n\n\n<h2 class=\"wp-block-heading\"><strong>gaben 68 % der Befragten an, dass sie sich bei der Suche nach einem neuen Salon auf Empfehlungen von Verwandten und Freund:innen oder auf m\u00fcndliche Empfehlungen verlassen.<\/strong><\/h2>\n\n\n\n<p>Wenn du kontinuierlich die richtige Kundschaft anziehst, wiederholt sich der Wachstumszyklus. Der beste Weg, mehr Traumkundschaft zu bekommen, sind Empfehlungen. Laut Rich und Verna wissen die besten Salons jedoch, dass es wichtig ist, diesen Kreislauf der Empfehlungen durch eigene Bem\u00fchungen um die Markenbekanntheit zu unterst\u00fctzen. Mit anderen Worten: Du musst an den Orten (online oder lokal) sichtbar sein, an denen Traumkund:innen ihre Zeit au\u00dferhalb des Salons verbringen.<\/p>\n\n\n\n<p>Eine M\u00f6glichkeit, dies zu tun, sind Markenpartnerschaften. Auch das ist kein v\u00f6llig neues Konzept. Es hat sich jedoch in letzter Zeit weiterentwickelt, da der Trend zum &#8220;Einkaufen vor Ort&#8221; seit 2020 an Fahrt gewonnen hat. Zur Veranschaulichung zeigten Rich und Verna dem Publikum auf dem Bildschirm hinter ihnen Ausschnitte aus Umfragen und kreative Beispiele von Phorest-Salons.<\/p>\n\n\n\n<h3 class=\"wp-block-heading\"><strong>Hier einige Anregungen:<\/strong><\/h3>\n\n\n\n<ul class=\"wp-block-list\"><li>Biete exklusive Rabatte f\u00fcr Mitglieder des nahe gelegenen Fitnessstudios, Yoga- und Pilatesstudios (und sogar Zahnarztpraxen!)<\/li><li>Unterst\u00fctze ehrenamtlich eine kommunale Theatergruppe bei Frisur und Make-up im Gegenzug f\u00fcr entsprechende Werbung<\/li><li>Sponsere ein lokales Festival wie Pride&nbsp;<\/li><li>Veranstalte eine Wohlt\u00e4tigkeitsveranstaltung, eine Tombola oder eine Spendenaktion f\u00fcr einen guten Zweck in deiner N\u00e4he.<\/li><\/ul>\n\n\n\n<h2 class=\"wp-block-heading\"><strong>Hier sind weitere Ideen von erfolgreichen Phorest-Salons:<\/strong><\/h2>\n\n\n\n<p>SJ Establishment in Adelaide, Australien, veranstaltet im Rahmen des Adelaide Fringe Festivals eine Mal- und Trinkparty in seinen R\u00e4umlichkeiten&nbsp;<\/p>\n\n\n\n<p>Barbers and Beer in Helsinki, Finnland, arbeitet mit einer lokalen Handwerksbrauerei zusammen, um ihr eigenes Hausbier in Flaschen abzuf\u00fcllen und zu etikettieren, das sie in ihrem Friseursalon verkaufen und ihren Kund:innen zum Probieren mitgeben, wenn sie auf dem Stuhl sitzen<\/p>\n\n\n\n<p>Togninis in Brisbane, Australien, arbeitet mit der lokalen Wohlt\u00e4tigkeitsorganisation The Terry Towel zusammen, die Plastik aus dem Meer holt und in nachhaltige Haart\u00fccher umwandelt.&nbsp;<\/p>\n\n\n\n<p>Joesph Anthony in Philadelphia, Pennsylvania, ist der bevorzugte Salonpartner der Philadelphia Eagles Cheerleader, die h\u00e4ufig in den sozialen Medien auftauchen, wenn sie zu Terminen kommen.<\/p>\n\n\n\n<p>Tropical Popical in Dublin, Irland, hat sich mit der Nation Gallery of Ireland zusammengetan, um mit einer Nagelkunstausstellung auf die Sammlung einzugehen.<\/p>\n\n\n\n<h2 class=\"wp-block-heading\"><strong>Langfristig auf den Aufbau von Markenbekanntheit setzen<\/strong><\/h2>\n\n\n\n<p>Diese Art von Bem\u00fchungen sind kein Rezept f\u00fcr sofortige Ergebnisse. Die positiven Auswirkungen auf den Bekanntheitsgrad und den Ruf deines Salons werden sich jedoch mit der Zeit entwickeln. Sam James von SJ Establishment sagt: &#8220;Es geht um das Markenbewusstsein. Bekomme ich dadurch stapelweise Kundschaft? Nein, aber sie sind alle lokal. Es geht darum, dass sie uns auf andere Weise sehen und beurteilen k\u00f6nnen, weil wir ein Teil der Gemeinschaft sind und mit lokalen Unternehmen zusammenarbeiten.&#8221;<\/p>\n\n\n\n<p>Nach all dieser Inspiration fassten Rich und Verna die wichtigsten Ma\u00dfnahmen zusammen, die du ergreifen kannst, um Traumkundschaft zu gewinnen.&nbsp;<\/p>\n\n\n\n<ol class=\"wp-block-list\"><li>Erstelle eine Liste deiner 50 besten Kund:innen.<\/li><li>Frage sie nach ihren Interessen. Finde heraus, wo sie gerne ihre Zeit verbringen<\/li><li>Rufe ein lokales Unternehmen an, das deinen Unternehmenswerten entspricht und zu deinen Wunschkund:innen passt.<\/li><\/ol>\n\n\n\n<figure class=\"wp-block-image size-large\"><img loading=\"lazy\" decoding=\"async\" width=\"1024\" height=\"683\" src=\"https:\/\/d2dfxqxblmblx4.cloudfront.net\/wp-content\/uploads\/2023\/02\/28180732\/1IMAGE_20230109_5203-1-1024x683.jpg\" alt=\"\" class=\"wp-image-124833\" srcset=\"https:\/\/d2dfxqxblmblx4.cloudfront.net\/wp-content\/uploads\/2023\/02\/28180732\/1IMAGE_20230109_5203-1-1024x683.jpg 1024w, https:\/\/d2dfxqxblmblx4.cloudfront.net\/wp-content\/uploads\/2023\/02\/28180732\/1IMAGE_20230109_5203-1-300x200.jpg 300w, https:\/\/d2dfxqxblmblx4.cloudfront.net\/wp-content\/uploads\/2023\/02\/28180732\/1IMAGE_20230109_5203-1-768x512.jpg 768w, https:\/\/d2dfxqxblmblx4.cloudfront.net\/wp-content\/uploads\/2023\/02\/28180732\/1IMAGE_20230109_5203-1-1536x1024.jpg 1536w, https:\/\/d2dfxqxblmblx4.cloudfront.net\/wp-content\/uploads\/2023\/02\/28180732\/1IMAGE_20230109_5203-1-2048x1365.jpg 2048w\" sizes=\"auto, (max-width: 1024px) 100vw, 1024px\" \/><\/figure>\n\n\n\n<h2 class=\"wp-block-heading\"><strong>Die besten Salons sind geradezu besessen von ihrer Kundschaft<\/strong><\/h2>\n\n\n\n<p>Um die Er\u00f6rterung dieses n\u00e4chsten Punktes einzuleiten, stellte Verna einige der Antworten aus der Phorest-Umfrage zur Verbraucherforschung von 2022 vor. In der Umfrage interessierten sich Verna und ihr Team besonders f\u00fcr die offene &#8220;Zauberstab-Frage&#8221;, bei der sie die Haar- und Beauty-Kund:innen fragten: &#8220;Wenn du einen Zauberstab schwingen k\u00f6nntest, was w\u00fcrdest du in deinem Salon sehen wollen?&#8221; Bei der Analyse der eingegangenen Antworten stellte das Phorest-Forschungsteam fest, dass sich die beliebtesten Antworten auf das Erlebnis im Salon bezogen.<\/p>\n\n\n\n<h3 class=\"wp-block-heading\"><strong>Zum Beispiel:<\/strong><\/h3>\n\n\n\n<ul class=\"wp-block-list\"><li>Eine Kaffeestation<\/li><li>Prosecco\/Cocktails<\/li><li>Massage-St\u00fchle<\/li><li>Bessere Beleuchtung<\/li><li>Mehr Platz<\/li><\/ul>\n\n\n\n<h2 class=\"wp-block-heading\"><strong>Ein 5-Sterne-Erlebnis ist eine Kombination aus durchdachten Details<\/strong><\/h2>\n\n\n\n<p>Verna zeigte dem Publikum ein weiteres aufgezeichnetes Videogespr\u00e4ch. Diesmal mit Kristian Togninis, dem Inhaber von Togninis in Brisbane, Australien, der die Liebe zum Detail vermittelt, die er und sein Team in jeden Schritt der Reise ihrer Kundschaft durch den Salon, stecken.<\/p>\n\n\n\n<p><em>&#8220;Ich bringe den Mitarbeitenden bei, wie ein:e Blinde:r den Salon erleben, wenn sie kommen. Man f\u00fchrt sie durch den Salon, damit sie sich wohl f\u00fchlen. Und ich glaube, das wird oft \u00fcbersehen. Manche sagen einfach: &#8216;Nehmen Sie Platz&#8217; oder &#8216;Kommen Sie mit mir&#8217;. Es geht darum, auch verbale Hinweise zu geben&#8230; man muss sicherstellen, dass man den Namen des\/der Kund:in benutzt, dass man den eigenen Namen benutzt und dass man im ganzen Salon Dinge erkl\u00e4rt.&#8221;<\/em><\/p>\n\n\n\n<h3 class=\"wp-block-heading\"><strong>Nach all den Anstrengungen, die du unternommen hast, um deine Traumkundschaft anzuziehen und ihnen das Gef\u00fchl zu geben, zu Hause zu sein, willst du sie nicht mit einem lauwarmen ersten Eindruck verlieren.<\/strong><\/h3>\n\n\n\n<p>Nutze deine Salonsoftware, um die Bindungsrate der Neukund:innen deines Salons zu verfolgen &#8211; sie sind zu teuer, um sie wieder gehen zu lassen. Deshalb ist es auch so wichtig, dass du einen bleibenden ersten Eindruck hinterl\u00e4sst. W\u00e4hrend Rich und Verna dies erkl\u00e4ren, zeigen sie einen weiteren Clip von Sam James von SJ Establishment.<\/p>\n\n\n\n<h3 class=\"wp-block-heading\"><strong>Hier ist ihr bester Trick, um Neukundschaft in ihrem Salon zu begeistern.<\/strong><\/h3>\n\n\n\n<p><em>&#8220;Ich habe kleine braune, nachhaltige Schachteln. Ich habe mein Sticker-Logo darauf, und wir verschenken einen 30-Dollar-Gutschein&#8230; wir drucken sie immer auf eine kleine Postkarte&#8230; das sieht wirklich professionell aus und sagt &#8216;Willkommen in unserer Community. Bitte genie\u00dfe $30 Rabatt auf deinen n\u00e4chsten Farbservice, wenn du wiederkommst.\u2019 Und wir haben Haargummis, Lutscher und aufklappbare Gesichtsmasken, die ich einfach bei Amazon oder eBay kaufe und manchmal ab\u00e4ndere. Es ist nur ein kleines Goodie-Paket und ein paar Proben von einigen Produkten, die wir auch haben. Und, ja, das kommt wirklich gut an. Die Leute sehen es einfach als eine nette Geste an. Ich sage den Leuten immer, wenn ihr so etwas macht, dann macht es nicht zu billig. Das funktioniert einfach nicht. Man muss sicherstellen, dass man das Gef\u00fchl hat, dass es einen gewissen Wert hat.\u201d<\/em><\/p>\n\n\n\n<figure class=\"wp-block-image size-large\"><img loading=\"lazy\" decoding=\"async\" width=\"1024\" height=\"683\" src=\"https:\/\/d2dfxqxblmblx4.cloudfront.net\/wp-content\/uploads\/2023\/02\/28181128\/1IMAGE_20230109_9719-2-1024x683.jpg\" alt=\"\" class=\"wp-image-124863\" srcset=\"https:\/\/d2dfxqxblmblx4.cloudfront.net\/wp-content\/uploads\/2023\/02\/28181128\/1IMAGE_20230109_9719-2-1024x683.jpg 1024w, https:\/\/d2dfxqxblmblx4.cloudfront.net\/wp-content\/uploads\/2023\/02\/28181128\/1IMAGE_20230109_9719-2-300x200.jpg 300w, https:\/\/d2dfxqxblmblx4.cloudfront.net\/wp-content\/uploads\/2023\/02\/28181128\/1IMAGE_20230109_9719-2-768x512.jpg 768w, https:\/\/d2dfxqxblmblx4.cloudfront.net\/wp-content\/uploads\/2023\/02\/28181128\/1IMAGE_20230109_9719-2-1536x1024.jpg 1536w, https:\/\/d2dfxqxblmblx4.cloudfront.net\/wp-content\/uploads\/2023\/02\/28181128\/1IMAGE_20230109_9719-2-2048x1365.jpg 2048w\" sizes=\"auto, (max-width: 1024px) 100vw, 1024px\" \/><\/figure>\n\n\n\n<p>Zum Abschluss ihres Vortrags gingen Rich und Verna zu ihrem dritten und letzten Punkt \u00fcber: Die besten Salons sind offen f\u00fcr Flexibilit\u00e4t. In den letzten 12 Monaten hat das Phorest-Forschungsteam Salonbesitzer:innen und Manager:innen nach ihrem gr\u00f6\u00dften Problem gefragt. Die \u00fcberw\u00e4ltigende Antwort? Die Mitarbeiterbindung.<\/p>\n\n\n\n<p>Da die Selbstst\u00e4ndigkeit unter Friseur:innen und Kosmetiker:innen immer beliebter wird, hat Phorest diese Mitarbeitenden befragt, um mehr zu erfahren. Wie Rich den Zuh\u00f6rer:innen erkl\u00e4rte, haben wir sie gefragt: &#8220;Was war der Hauptgrund daf\u00fcr, deinen Salon zu verlassen und dich selbst\u00e4ndig zu machen?\u201d<\/p>\n\n\n\n<h2 class=\"wp-block-heading\"><strong>Wir haben vier Antworten erhalten:<\/strong><\/h2>\n\n\n\n<ol class=\"wp-block-list\"><li>Mehr Unabh\u00e4ngigkeit<\/li><li>Mehr Geld<\/li><li>Mehr Flexibilit\u00e4t<\/li><li>Mehr Kontrolle \u00fcber die Kundschaft<\/li><\/ol>\n\n\n\n<p>Flexibilit\u00e4t war jedoch bei weitem die h\u00e4ufigste Antwort. &#8220;Das ist nicht allzu \u00fcberraschend&#8221;, bemerkte Verna, &#8220;eine bessere Work-Life-Balance erm\u00f6glicht es Stylist:innen und Kosmetiker:innen, Pl\u00e4ne mit ihren Freund:innen und ihrer Familie zu machen, die traditionell von Montag bis Freitag, von 9 bis 17 Uhr arbeiten. Oder diejenigen, die Kinder haben, k\u00f6nnen zweit\u00e4gige Wochenenden mit ihrer Familie verbringen, ohne ihre vier freien Samstage im Jahr zu nehmen. Aber gibt es irgendetwas, was du, als Salonbesitzer:in, tun kannst? Die einfache Antwort ist ja.&#8221;<\/p>\n\n\n\n<p>Auch interessant: <a href=\"https:\/\/www.phorest.com\/de\/blog\/der-guide-fuer-saloninhaber-zur-gewinnung-und-bindung-von-mitarbeitenden\/\" target=\"_blank\" rel=\"noreferrer noopener\">Der Guide f\u00fcr Saloninhaber:innen zur Gewinnung und Bindung von Mitarbeitenden<\/a><\/p>\n\n\n\n<p>Verna beschrieb weiter, wie sich erfolgreiche Phorest-Salons anpassen. Sie sagte, dass &#8220;sie leistungsstarke, loyale Mitarbeitende mit mehr Flexibilit\u00e4t belohnen, um das Problem der Mitarbeiterbindung anzugehen.&#8221; Damit beendeten Rich und Verna ihren Vortrag auf dem 2023 Salon Owner&#8217;s Summit. Sie schlossen ihren Vortrag mit einem letzten Clip aus einem Gespr\u00e4ch mit einem Salonbesitzer ab, der dieses Thema auf den Punkt bringt. Bevor sie ihn abspielten, warf Rich ein: &#8220;Das ist der Clip, den ich von allem, was wir heute gesagt haben, f\u00fcr am wichtigsten halte.&#8221;<\/p>\n\n\n\n<p>Liam, der Inhaber von Black Amber in Dublin, beschrieb, dass die Pandemie ihn dazu veranlasst hat, eine neue Methode f\u00fcr die Personaleinsatzplanung auszuprobieren.<\/p>\n\n\n\n<h3 class=\"wp-block-heading\"><strong>Seine Stimme hallte durch das Kongresszentrum,<\/strong><\/h3>\n\n\n\n<p><em>&#8220;Vorbei sind die Zeiten, in denen 80 % des Gesch\u00e4fts zwischen Donnerstag und Samstag abgewickelt wurden&#8230; Seit Covid haben wir bei Black Amber das Team so aufgeteilt, dass es an wechselnden Tagen arbeitet. Daraus haben wir gelernt, dass wirklich talentierte Stylisten, die \u00fcberwiegend auf Anfrage arbeiten, ihre Kunden an diesen Tagen anlocken, egal an welchem Tag der Woche sie arbeiten. Die Kunden, die normalerweise samstags zu ihnen kommen w\u00fcrden, kommen auch montags oder mittwochs oder an einem anderen Tag zu ihnen. Wir haben daraus gelernt und uns angesehen, wie viel besser es f\u00fcr das Unternehmen war<\/em><\/p>\n\n\n\n<p><em>&#8230; statt wie fr\u00fcher unter Druck zu stehen und zu versuchen, jeden Kunden zu bedienen, verteilt sich das Gesch\u00e4ft jetzt auf die ganze Woche. So ist der Montag genauso ausgelastet wie der Samstag, so wie unser Gesch\u00e4ft jetzt funktioniert. Das hat die Salons entspannter gemacht, es hat mehr Flexibilit\u00e4t f\u00fcr die Teammitglieder geschaffen, denn die Zeiten, in denen man vier Samstage im Jahr frei hatte, sind vorbei. Jetzt kann man regelm\u00e4\u00dfig samstags frei haben. So haben sie eine viel bessere Work-Life-Balance.&#8221;<\/em><\/p>\n\n\n\n<h2 class=\"wp-block-heading\"><strong>Hier sind die abschlie\u00dfenden Tipps von Rich und Verna f\u00fcr die Mitarbeiterbindung im Jahr 2023.<\/strong><\/h2>\n\n\n\n<p>Welche davon w\u00fcrdest du selbst ausprobieren?<\/p>\n\n\n\n<ul class=\"wp-block-list\"><li>Setze dich mit den Spitzenkr\u00e4ften zusammen, um ihre Ziele zu verstehen und sie herauszufordern<\/li><li>Deinen Salon sp\u00e4tabends oder montags zu \u00f6ffnen kann in deiner Region einzigartig sein.<\/li><li>Die Wochenmitte k\u00f6nnte f\u00fcr Kund:innen geeignet sein, die jetzt von zu Hause aus arbeiten.&nbsp;<\/li><li>Teste flexiblere Arbeitszeiten mit einem Teammitglied und beobachte die Ergebnisse<\/li><\/ul>\n\n\n\n<h2 class=\"wp-block-heading\"><strong>Du m\u00f6chtest den Salon Owners Summit nicht verpassen?<\/strong><\/h2>\n\n\n\n<p>Du m\u00f6chtest sichergehen, dass du bei den wertvollen Diskussionen im n\u00e4chsten Jahr dabei sein kannst? Buchen deine Tickets f\u00fcr den <a href=\"https:\/\/www.salonownersummit.com\/\" target=\"_blank\" rel=\"noreferrer noopener\">Phorest Salon Owners Summit 2024<\/a>.<\/p>\n","protected":false},"excerpt":{"rendered":"<p>In den letzten 12 Monaten waren Verna Wall, Rich Cullen und das Phorest Research Team unterwegs, um Salons zu besuchen und \u00fcber Zoom Gespr\u00e4che mit Gesch\u00e4ftsinhaber:innen auf der ganzen Welt zu f\u00fchren. Sie haben sich die Daten angeschaut und Fragen gestellt, alles mit einem einfachen Ziel: herauszufinden, was die besten Salons tun, um erfolgreich zu &hellip; <a href=\"https:\/\/www.phorest.com\/de\/blog\/verna-wall-rich-cullen-salon-owners-summit-2023-recap\/\">Continued<\/a><\/p>\n","protected":false},"author":40060,"featured_media":124843,"comment_status":"open","ping_status":"open","sticky":false,"template":"","format":"standard","meta":{"_acf_changed":false,"footnotes":""},"categories":[10813,3751,10807],"tags":[12516,5685,12517],"class_list":["post-133085","post","type-post","status-publish","format-standard","has-post-thumbnail","hentry","category-branchenwissen","category-saloninhaber-summit","category-verwalte-dein-geschaft","tag-erfolgsgeschichten-aus-dem-salon","tag-salon-owners-summit-de","tag-success-stories-2"],"acf":[],"yoast_head":"<!-- This site is optimized with the Yoast SEO plugin v25.1 - https:\/\/yoast.com\/wordpress\/plugins\/seo\/ -->\n<title>Verna Wall &amp; Rich Cullen zu Erfolgsgeschichten aus dem Salon \u2013 Salon Owners Summit 2023 Recap<\/title>\n<meta name=\"description\" content=\"Erfolgsgeschichten aus dem Salon \u2713 Salon Owners Summit 2023 \u2713 3 Dinge, die die erfolgreichsten Salons gemeinsam haben \u2713\" \/>\n<meta name=\"robots\" content=\"index, follow, max-snippet:-1, max-image-preview:large, max-video-preview:-1\" \/>\n<link rel=\"canonical\" href=\"https:\/\/www.phorest.com\/de\/blog\/verna-wall-rich-cullen-salon-owners-summit-2023-recap\/\" \/>\n<meta property=\"og:locale\" content=\"de_DE\" \/>\n<meta property=\"og:type\" content=\"article\" \/>\n<meta property=\"og:title\" content=\"Verna Wall &amp; Rich Cullen zu Erfolgsgeschichten aus dem Salon \u2013 Salon Owners Summit 2023 Recap\" \/>\n<meta property=\"og:description\" content=\"Erfolgsgeschichten aus dem Salon \u2713 Salon Owners Summit 2023 \u2713 3 Dinge, die die erfolgreichsten Salons gemeinsam haben \u2713\" \/>\n<meta property=\"og:url\" content=\"https:\/\/www.phorest.com\/de\/blog\/verna-wall-rich-cullen-salon-owners-summit-2023-recap\/\" \/>\n<meta property=\"og:site_name\" content=\"Phorest\" \/>\n<meta property=\"article:publisher\" content=\"https:\/\/www.facebook.com\/phorestsalonsoftware\" \/>\n<meta property=\"article:published_time\" content=\"2023-08-31T06:58:04+00:00\" \/>\n<meta property=\"article:modified_time\" content=\"2023-08-31T07:08:58+00:00\" \/>\n<meta property=\"og:image\" content=\"https:\/\/d2dfxqxblmblx4.cloudfront.net\/wp-content\/uploads\/2023\/02\/28180905\/1IMAGE_20230109_9672-1-150x150.jpg\" \/>\n\t<meta property=\"og:image:width\" content=\"2560\" \/>\n\t<meta property=\"og:image:height\" content=\"1707\" \/>\n\t<meta property=\"og:image:type\" content=\"image\/jpeg\" \/>\n<meta name=\"author\" content=\"Ann-Kathrin Helm\" \/>\n<meta name=\"twitter:card\" content=\"summary_large_image\" \/>\n<meta name=\"twitter:image\" content=\"https:\/\/d2dfxqxblmblx4.cloudfront.net\/wp-content\/uploads\/2023\/02\/28180905\/1IMAGE_20230109_9672-1-150x150.jpg\" \/>\n<meta name=\"twitter:creator\" content=\"@thephorestword\" \/>\n<meta name=\"twitter:site\" content=\"@thephorestword\" \/>\n<meta name=\"twitter:label1\" content=\"Written by\" \/>\n\t<meta name=\"twitter:data1\" content=\"Ann-Kathrin Helm\" \/>\n\t<meta name=\"twitter:label2\" content=\"Est. reading time\" \/>\n\t<meta name=\"twitter:data2\" content=\"10 minutes\" \/>\n<script type=\"application\/ld+json\" class=\"yoast-schema-graph\">{\"@context\":\"https:\/\/schema.org\",\"@graph\":[{\"@type\":\"Article\",\"@id\":\"https:\/\/www.phorest.com\/de\/blog\/verna-wall-rich-cullen-salon-owners-summit-2023-recap\/#article\",\"isPartOf\":{\"@id\":\"https:\/\/www.phorest.com\/de\/blog\/verna-wall-rich-cullen-salon-owners-summit-2023-recap\/\"},\"author\":{\"name\":\"Ann-Kathrin Helm\",\"@id\":\"https:\/\/www.phorest.com\/de\/#\/schema\/person\/56a1801ae3d5b559a4450b5b0a308d27\"},\"headline\":\"Verna Wall &#038; Rich Cullen zu Erfolgsgeschichten aus dem Salon \u2013 Salon Owners Summit 2023 Recap\",\"datePublished\":\"2023-08-31T06:58:04+00:00\",\"dateModified\":\"2023-08-31T07:08:58+00:00\",\"mainEntityOfPage\":{\"@id\":\"https:\/\/www.phorest.com\/de\/blog\/verna-wall-rich-cullen-salon-owners-summit-2023-recap\/\"},\"wordCount\":2077,\"commentCount\":0,\"publisher\":{\"@id\":\"https:\/\/www.phorest.com\/de\/#organization\"},\"image\":{\"@id\":\"https:\/\/www.phorest.com\/de\/blog\/verna-wall-rich-cullen-salon-owners-summit-2023-recap\/#primaryimage\"},\"thumbnailUrl\":\"https:\/\/d2dfxqxblmblx4.cloudfront.net\/wp-content\/uploads\/2023\/02\/28180905\/1IMAGE_20230109_9672-1-scaled.jpg\",\"keywords\":[\"erfolgsgeschichten aus dem salon\",\"salon owners summit\",\"success stories\"],\"articleSection\":[\"Branchenwissen\",\"Saloninhaber Summit\",\"Verwalte dein Gesch\u00e4ft\"],\"inLanguage\":\"de\",\"potentialAction\":[{\"@type\":\"CommentAction\",\"name\":\"Comment\",\"target\":[\"https:\/\/www.phorest.com\/de\/blog\/verna-wall-rich-cullen-salon-owners-summit-2023-recap\/#respond\"]}]},{\"@type\":\"WebPage\",\"@id\":\"https:\/\/www.phorest.com\/de\/blog\/verna-wall-rich-cullen-salon-owners-summit-2023-recap\/\",\"url\":\"https:\/\/www.phorest.com\/de\/blog\/verna-wall-rich-cullen-salon-owners-summit-2023-recap\/\",\"name\":\"Verna Wall & Rich Cullen zu Erfolgsgeschichten aus dem Salon \u2013 Salon Owners Summit 2023 Recap\",\"isPartOf\":{\"@id\":\"https:\/\/www.phorest.com\/de\/#website\"},\"primaryImageOfPage\":{\"@id\":\"https:\/\/www.phorest.com\/de\/blog\/verna-wall-rich-cullen-salon-owners-summit-2023-recap\/#primaryimage\"},\"image\":{\"@id\":\"https:\/\/www.phorest.com\/de\/blog\/verna-wall-rich-cullen-salon-owners-summit-2023-recap\/#primaryimage\"},\"thumbnailUrl\":\"https:\/\/d2dfxqxblmblx4.cloudfront.net\/wp-content\/uploads\/2023\/02\/28180905\/1IMAGE_20230109_9672-1-scaled.jpg\",\"datePublished\":\"2023-08-31T06:58:04+00:00\",\"dateModified\":\"2023-08-31T07:08:58+00:00\",\"description\":\"Erfolgsgeschichten aus dem Salon \u2713 Salon Owners Summit 2023 \u2713 3 Dinge, die die erfolgreichsten Salons gemeinsam haben \u2713\",\"breadcrumb\":{\"@id\":\"https:\/\/www.phorest.com\/de\/blog\/verna-wall-rich-cullen-salon-owners-summit-2023-recap\/#breadcrumb\"},\"inLanguage\":\"de\",\"potentialAction\":[{\"@type\":\"ReadAction\",\"target\":[\"https:\/\/www.phorest.com\/de\/blog\/verna-wall-rich-cullen-salon-owners-summit-2023-recap\/\"]}]},{\"@type\":\"ImageObject\",\"inLanguage\":\"de\",\"@id\":\"https:\/\/www.phorest.com\/de\/blog\/verna-wall-rich-cullen-salon-owners-summit-2023-recap\/#primaryimage\",\"url\":\"https:\/\/d2dfxqxblmblx4.cloudfront.net\/wp-content\/uploads\/2023\/02\/28180905\/1IMAGE_20230109_9672-1-scaled.jpg\",\"contentUrl\":\"https:\/\/d2dfxqxblmblx4.cloudfront.net\/wp-content\/uploads\/2023\/02\/28180905\/1IMAGE_20230109_9672-1-scaled.jpg\",\"width\":2560,\"height\":1707},{\"@type\":\"BreadcrumbList\",\"@id\":\"https:\/\/www.phorest.com\/de\/blog\/verna-wall-rich-cullen-salon-owners-summit-2023-recap\/#breadcrumb\",\"itemListElement\":[{\"@type\":\"ListItem\",\"position\":1,\"name\":\"Home\",\"item\":\"https:\/\/www.phorest.com\/de\/\"},{\"@type\":\"ListItem\",\"position\":2,\"name\":\"Verna Wall &#038; Rich Cullen zu Erfolgsgeschichten aus dem Salon \u2013 Salon Owners Summit 2023 Recap\"}]},{\"@type\":\"WebSite\",\"@id\":\"https:\/\/www.phorest.com\/de\/#website\",\"url\":\"https:\/\/www.phorest.com\/de\/\",\"name\":\"Phorest\",\"description\":\"Salon Software - Hair &amp; Beauty - UK for Spa Management &amp; Appointments\",\"publisher\":{\"@id\":\"https:\/\/www.phorest.com\/de\/#organization\"},\"potentialAction\":[{\"@type\":\"SearchAction\",\"target\":{\"@type\":\"EntryPoint\",\"urlTemplate\":\"https:\/\/www.phorest.com\/de\/?s={search_term_string}\"},\"query-input\":{\"@type\":\"PropertyValueSpecification\",\"valueRequired\":true,\"valueName\":\"search_term_string\"}}],\"inLanguage\":\"de\"},{\"@type\":\"Organization\",\"@id\":\"https:\/\/www.phorest.com\/de\/#organization\",\"name\":\"Phorest Salon Software\",\"url\":\"https:\/\/www.phorest.com\/de\/\",\"logo\":{\"@type\":\"ImageObject\",\"inLanguage\":\"de\",\"@id\":\"https:\/\/www.phorest.com\/de\/#\/schema\/logo\/image\/\",\"url\":\"https:\/\/d2dfxqxblmblx4.cloudfront.net\/wp-content\/uploads\/2019\/10\/24141402\/phorest-acorn-logo1.png\",\"contentUrl\":\"https:\/\/d2dfxqxblmblx4.cloudfront.net\/wp-content\/uploads\/2019\/10\/24141402\/phorest-acorn-logo1.png\",\"width\":201,\"height\":202,\"caption\":\"Phorest Salon Software\"},\"image\":{\"@id\":\"https:\/\/www.phorest.com\/de\/#\/schema\/logo\/image\/\"},\"sameAs\":[\"https:\/\/www.facebook.com\/phorestsalonsoftware\",\"https:\/\/x.com\/thephorestword\",\"https:\/\/instagram.com\/phorest_salon_software\",\"https:\/\/www.linkedin.com\/company\/phorest?trk=company_name\",\"https:\/\/www.pinterest.com\/phorestss\/\",\"https:\/\/plus.google.com\/u\/0\/b\/101418954139594616916\/101418954139594616916\/posts\/p\/pub\"]},{\"@type\":\"Person\",\"@id\":\"https:\/\/www.phorest.com\/de\/#\/schema\/person\/56a1801ae3d5b559a4450b5b0a308d27\",\"name\":\"Ann-Kathrin Helm\",\"image\":{\"@type\":\"ImageObject\",\"inLanguage\":\"de\",\"@id\":\"https:\/\/www.phorest.com\/de\/#\/schema\/person\/image\/\",\"url\":\"https:\/\/d2dfxqxblmblx4.cloudfront.net\/wp-content\/uploads\/2021\/05\/13095446\/Ann-Kathrin_Helm-150x150.jpg\",\"contentUrl\":\"https:\/\/d2dfxqxblmblx4.cloudfront.net\/wp-content\/uploads\/2021\/05\/13095446\/Ann-Kathrin_Helm-150x150.jpg\",\"caption\":\"Ann-Kathrin Helm\"},\"description\":\"Ann-Kathrin Helm is our Marketing Executive for Germany, Austria &amp; Switzerland (DACH) here at Phorest Salon Software. She is responsible for customer communication in the DACH region. Her mother \u2013 a master hairdresser \u2013 instilled in her a passion for the industry from an early age. As a result, she understands the challenges and opportunities of the salon world firsthand. This deep connection is reflected in everything she does \u2013 from articles in professional magazines such as TOP HAIR, to targeted email campaigns, inspiring blog posts, and her mission to make Phorest\u2019s features and their benefits more accessible to the Phorest community. Her goal: to make marketing understandable, actionable, and \u2013 above all \u2013 effective, creating real value for beauty entrepreneurs.\",\"sameAs\":[\"https:\/\/www.phorest.com\/de\/\",\"https:\/\/www.linkedin.com\/in\/ann-kathrin-helm\/\"],\"url\":\"https:\/\/www.phorest.com\/de\/blog\/author\/ann-kathrin-helm-2\/\"}]}<\/script>\n<!-- \/ Yoast SEO plugin. -->","yoast_head_json":{"title":"Verna Wall & Rich Cullen zu Erfolgsgeschichten aus dem Salon \u2013 Salon Owners Summit 2023 Recap","description":"Erfolgsgeschichten aus dem Salon \u2713 Salon Owners Summit 2023 \u2713 3 Dinge, die die erfolgreichsten Salons gemeinsam haben \u2713","robots":{"index":"index","follow":"follow","max-snippet":"max-snippet:-1","max-image-preview":"max-image-preview:large","max-video-preview":"max-video-preview:-1"},"canonical":"https:\/\/www.phorest.com\/de\/blog\/verna-wall-rich-cullen-salon-owners-summit-2023-recap\/","og_locale":"de_DE","og_type":"article","og_title":"Verna Wall & Rich Cullen zu Erfolgsgeschichten aus dem Salon \u2013 Salon Owners Summit 2023 Recap","og_description":"Erfolgsgeschichten aus dem Salon \u2713 Salon Owners Summit 2023 \u2713 3 Dinge, die die erfolgreichsten Salons gemeinsam haben \u2713","og_url":"https:\/\/www.phorest.com\/de\/blog\/verna-wall-rich-cullen-salon-owners-summit-2023-recap\/","og_site_name":"Phorest","article_publisher":"https:\/\/www.facebook.com\/phorestsalonsoftware","article_published_time":"2023-08-31T06:58:04+00:00","article_modified_time":"2023-08-31T07:08:58+00:00","og_image":[{"width":2560,"height":1707,"url":"https:\/\/d2dfxqxblmblx4.cloudfront.net\/wp-content\/uploads\/2023\/02\/28180905\/1IMAGE_20230109_9672-1-150x150.jpg","type":"image\/jpeg"}],"author":"Ann-Kathrin Helm","twitter_card":"summary_large_image","twitter_image":"https:\/\/d2dfxqxblmblx4.cloudfront.net\/wp-content\/uploads\/2023\/02\/28180905\/1IMAGE_20230109_9672-1-150x150.jpg","twitter_creator":"@thephorestword","twitter_site":"@thephorestword","twitter_misc":{"Written by":"Ann-Kathrin Helm","Est. reading time":"10 minutes"},"schema":{"@context":"https:\/\/schema.org","@graph":[{"@type":"Article","@id":"https:\/\/www.phorest.com\/de\/blog\/verna-wall-rich-cullen-salon-owners-summit-2023-recap\/#article","isPartOf":{"@id":"https:\/\/www.phorest.com\/de\/blog\/verna-wall-rich-cullen-salon-owners-summit-2023-recap\/"},"author":{"name":"Ann-Kathrin Helm","@id":"https:\/\/www.phorest.com\/de\/#\/schema\/person\/56a1801ae3d5b559a4450b5b0a308d27"},"headline":"Verna Wall &#038; Rich Cullen zu Erfolgsgeschichten aus dem Salon \u2013 Salon Owners Summit 2023 Recap","datePublished":"2023-08-31T06:58:04+00:00","dateModified":"2023-08-31T07:08:58+00:00","mainEntityOfPage":{"@id":"https:\/\/www.phorest.com\/de\/blog\/verna-wall-rich-cullen-salon-owners-summit-2023-recap\/"},"wordCount":2077,"commentCount":0,"publisher":{"@id":"https:\/\/www.phorest.com\/de\/#organization"},"image":{"@id":"https:\/\/www.phorest.com\/de\/blog\/verna-wall-rich-cullen-salon-owners-summit-2023-recap\/#primaryimage"},"thumbnailUrl":"https:\/\/d2dfxqxblmblx4.cloudfront.net\/wp-content\/uploads\/2023\/02\/28180905\/1IMAGE_20230109_9672-1-scaled.jpg","keywords":["erfolgsgeschichten aus dem salon","salon owners summit","success stories"],"articleSection":["Branchenwissen","Saloninhaber Summit","Verwalte dein Gesch\u00e4ft"],"inLanguage":"de","potentialAction":[{"@type":"CommentAction","name":"Comment","target":["https:\/\/www.phorest.com\/de\/blog\/verna-wall-rich-cullen-salon-owners-summit-2023-recap\/#respond"]}]},{"@type":"WebPage","@id":"https:\/\/www.phorest.com\/de\/blog\/verna-wall-rich-cullen-salon-owners-summit-2023-recap\/","url":"https:\/\/www.phorest.com\/de\/blog\/verna-wall-rich-cullen-salon-owners-summit-2023-recap\/","name":"Verna Wall & Rich Cullen zu Erfolgsgeschichten aus dem Salon \u2013 Salon Owners Summit 2023 Recap","isPartOf":{"@id":"https:\/\/www.phorest.com\/de\/#website"},"primaryImageOfPage":{"@id":"https:\/\/www.phorest.com\/de\/blog\/verna-wall-rich-cullen-salon-owners-summit-2023-recap\/#primaryimage"},"image":{"@id":"https:\/\/www.phorest.com\/de\/blog\/verna-wall-rich-cullen-salon-owners-summit-2023-recap\/#primaryimage"},"thumbnailUrl":"https:\/\/d2dfxqxblmblx4.cloudfront.net\/wp-content\/uploads\/2023\/02\/28180905\/1IMAGE_20230109_9672-1-scaled.jpg","datePublished":"2023-08-31T06:58:04+00:00","dateModified":"2023-08-31T07:08:58+00:00","description":"Erfolgsgeschichten aus dem Salon \u2713 Salon Owners Summit 2023 \u2713 3 Dinge, die die erfolgreichsten Salons gemeinsam haben \u2713","breadcrumb":{"@id":"https:\/\/www.phorest.com\/de\/blog\/verna-wall-rich-cullen-salon-owners-summit-2023-recap\/#breadcrumb"},"inLanguage":"de","potentialAction":[{"@type":"ReadAction","target":["https:\/\/www.phorest.com\/de\/blog\/verna-wall-rich-cullen-salon-owners-summit-2023-recap\/"]}]},{"@type":"ImageObject","inLanguage":"de","@id":"https:\/\/www.phorest.com\/de\/blog\/verna-wall-rich-cullen-salon-owners-summit-2023-recap\/#primaryimage","url":"https:\/\/d2dfxqxblmblx4.cloudfront.net\/wp-content\/uploads\/2023\/02\/28180905\/1IMAGE_20230109_9672-1-scaled.jpg","contentUrl":"https:\/\/d2dfxqxblmblx4.cloudfront.net\/wp-content\/uploads\/2023\/02\/28180905\/1IMAGE_20230109_9672-1-scaled.jpg","width":2560,"height":1707},{"@type":"BreadcrumbList","@id":"https:\/\/www.phorest.com\/de\/blog\/verna-wall-rich-cullen-salon-owners-summit-2023-recap\/#breadcrumb","itemListElement":[{"@type":"ListItem","position":1,"name":"Home","item":"https:\/\/www.phorest.com\/de\/"},{"@type":"ListItem","position":2,"name":"Verna Wall &#038; Rich Cullen zu Erfolgsgeschichten aus dem Salon \u2013 Salon Owners Summit 2023 Recap"}]},{"@type":"WebSite","@id":"https:\/\/www.phorest.com\/de\/#website","url":"https:\/\/www.phorest.com\/de\/","name":"Phorest","description":"Salon Software - Hair &amp; Beauty - UK for Spa Management &amp; Appointments","publisher":{"@id":"https:\/\/www.phorest.com\/de\/#organization"},"potentialAction":[{"@type":"SearchAction","target":{"@type":"EntryPoint","urlTemplate":"https:\/\/www.phorest.com\/de\/?s={search_term_string}"},"query-input":{"@type":"PropertyValueSpecification","valueRequired":true,"valueName":"search_term_string"}}],"inLanguage":"de"},{"@type":"Organization","@id":"https:\/\/www.phorest.com\/de\/#organization","name":"Phorest Salon Software","url":"https:\/\/www.phorest.com\/de\/","logo":{"@type":"ImageObject","inLanguage":"de","@id":"https:\/\/www.phorest.com\/de\/#\/schema\/logo\/image\/","url":"https:\/\/d2dfxqxblmblx4.cloudfront.net\/wp-content\/uploads\/2019\/10\/24141402\/phorest-acorn-logo1.png","contentUrl":"https:\/\/d2dfxqxblmblx4.cloudfront.net\/wp-content\/uploads\/2019\/10\/24141402\/phorest-acorn-logo1.png","width":201,"height":202,"caption":"Phorest Salon Software"},"image":{"@id":"https:\/\/www.phorest.com\/de\/#\/schema\/logo\/image\/"},"sameAs":["https:\/\/www.facebook.com\/phorestsalonsoftware","https:\/\/x.com\/thephorestword","https:\/\/instagram.com\/phorest_salon_software","https:\/\/www.linkedin.com\/company\/phorest?trk=company_name","https:\/\/www.pinterest.com\/phorestss\/","https:\/\/plus.google.com\/u\/0\/b\/101418954139594616916\/101418954139594616916\/posts\/p\/pub"]},{"@type":"Person","@id":"https:\/\/www.phorest.com\/de\/#\/schema\/person\/56a1801ae3d5b559a4450b5b0a308d27","name":"Ann-Kathrin Helm","image":{"@type":"ImageObject","inLanguage":"de","@id":"https:\/\/www.phorest.com\/de\/#\/schema\/person\/image\/","url":"https:\/\/d2dfxqxblmblx4.cloudfront.net\/wp-content\/uploads\/2021\/05\/13095446\/Ann-Kathrin_Helm-150x150.jpg","contentUrl":"https:\/\/d2dfxqxblmblx4.cloudfront.net\/wp-content\/uploads\/2021\/05\/13095446\/Ann-Kathrin_Helm-150x150.jpg","caption":"Ann-Kathrin Helm"},"description":"Ann-Kathrin Helm is our Marketing Executive for Germany, Austria &amp; Switzerland (DACH) here at Phorest Salon Software. She is responsible for customer communication in the DACH region. Her mother \u2013 a master hairdresser \u2013 instilled in her a passion for the industry from an early age. As a result, she understands the challenges and opportunities of the salon world firsthand. This deep connection is reflected in everything she does \u2013 from articles in professional magazines such as TOP HAIR, to targeted email campaigns, inspiring blog posts, and her mission to make Phorest\u2019s features and their benefits more accessible to the Phorest community. Her goal: to make marketing understandable, actionable, and \u2013 above all \u2013 effective, creating real value for beauty entrepreneurs.","sameAs":["https:\/\/www.phorest.com\/de\/","https:\/\/www.linkedin.com\/in\/ann-kathrin-helm\/"],"url":"https:\/\/www.phorest.com\/de\/blog\/author\/ann-kathrin-helm-2\/"}]}},"_links":{"self":[{"href":"https:\/\/www.phorest.com\/de\/wp-json\/wp\/v2\/posts\/133085","targetHints":{"allow":["GET"]}}],"collection":[{"href":"https:\/\/www.phorest.com\/de\/wp-json\/wp\/v2\/posts"}],"about":[{"href":"https:\/\/www.phorest.com\/de\/wp-json\/wp\/v2\/types\/post"}],"author":[{"embeddable":true,"href":"https:\/\/www.phorest.com\/de\/wp-json\/wp\/v2\/users\/40060"}],"replies":[{"embeddable":true,"href":"https:\/\/www.phorest.com\/de\/wp-json\/wp\/v2\/comments?post=133085"}],"version-history":[{"count":3,"href":"https:\/\/www.phorest.com\/de\/wp-json\/wp\/v2\/posts\/133085\/revisions"}],"predecessor-version":[{"id":133091,"href":"https:\/\/www.phorest.com\/de\/wp-json\/wp\/v2\/posts\/133085\/revisions\/133091"}],"wp:featuredmedia":[{"embeddable":true,"href":"https:\/\/www.phorest.com\/de\/wp-json\/wp\/v2\/media\/124843"}],"wp:attachment":[{"href":"https:\/\/www.phorest.com\/de\/wp-json\/wp\/v2\/media?parent=133085"}],"wp:term":[{"taxonomy":"category","embeddable":true,"href":"https:\/\/www.phorest.com\/de\/wp-json\/wp\/v2\/categories?post=133085"},{"taxonomy":"post_tag","embeddable":true,"href":"https:\/\/www.phorest.com\/de\/wp-json\/wp\/v2\/tags?post=133085"}],"curies":[{"name":"wp","href":"https:\/\/api.w.org\/{rel}","templated":true}]}}