{"id":140416,"date":"2024-03-15T14:09:15","date_gmt":"2024-03-15T14:09:15","guid":{"rendered":"https:\/\/www.phorest.com\/?p=140416"},"modified":"2024-03-15T14:16:48","modified_gmt":"2024-03-15T14:16:48","slug":"willkommen-zum-2024-salon-owners-summit-recap","status":"publish","type":"post","link":"https:\/\/www.phorest.com\/de\/blog\/willkommen-zum-2024-salon-owners-summit-recap\/","title":{"rendered":"C\u00e9ad M\u00edle F\u00e1ilte: Willkommen zum 2024 Salon Owners Summit Recap"},"content":{"rendered":"\n<p>Der gro\u00dfe irische Schriftsteller William Butler Yeats schrieb einmal: &#8220;Hier gibt es keine Fremden. Nur Freunde, die man noch nicht getroffen hat.&#8221; Mit diesem Zitat er\u00f6ffnete Ronan Perceval, CEO von Phorest Salon Software, seine Begr\u00fc\u00dfung der Teilnehmer:innen des Salon Owners Summit 2024. Phorest feiert 20-j\u00e4hriges Bestehen und ist stolz darauf, mehr Salonunternehmen als Techunternehmen zu sein. Der Summit ist die j\u00e4hrliche Gelegenheit f\u00fcr gleichgesinnte Haar- und Sch\u00f6nheitsexpert:innen und Unternehmer:innen auf der ganzen Welt, als inspirierende Gemeinschaft zusammenzukommen.<\/p>\n\n\n\n<p>In diesem Jahr kamen \u00fcber 600 Teilnehmer:innen aus Deutschland, \u00d6sterreich, den USA, Kanada, dem Vereinigten K\u00f6nigreich, Irland, Australien, Finnland und den Niederlanden im Royal Convention Centre in Dublin zusammen. Zwei Tage lang profitierten sie von Vortr\u00e4gen und Workshops \u00fcber die neuesten Branchentrends, Gesch\u00e4ftsm\u00f6glichkeiten und technologischen Innovationen. Der Summit ist zwar Europas f\u00fchrende, wachstumsorientierte Veranstaltung f\u00fcr Salonbesitzer:innen, aber das ist nicht der einzige Grund, warum viele die j\u00e4hrliche Reise nach Dublin antreten. Sie kommen wegen der Menschen &#8211; um aus erster Hand in die Kultur von Phorest einzutauchen, um Kontakte zu kn\u00fcpfen und, wie die Ir:innen sagen, wegen des unvergesslichen &#8220;craic&#8221;.<\/p>\n\n\n\n<h2 class=\"wp-block-heading\">Stell dir vor, der Klang von \u00fcber 600 Trommeln erf\u00fcllt den Raum.<\/h2>\n\n\n\n<p>So begann der erste Morgen des Summits. Bevor Ronan die B\u00fchne betrat, wurden die Teilnehmer:innen mit einem besonderen Geschenk unter ihren Sitzen \u00fcberrascht: einer Bodhr\u00e1n, einer traditionellen irischen Trommel. Und schon begann die Unterrichtsstunde mit dem professionellen Bodhr\u00e1n-Spieler Robbie Harris. Robbie teilte die Menge in verschiedene Gruppen ein und brachte jeder Gruppe ihren eigenen Rhythmus bei. Dann brachte er die einzelnen Gruppen wie ein Orchester zusammen und ihre Trommelschl\u00e4ge schichteten sich \u00fcbereinander, w\u00e4hrend sein Mitmusiker \u00c9amonn eine schwebende Melodie auf den Uilleann Pipes (oft auch irische Dudels\u00e4cke genannt) dar\u00fcber legte. Nicht schlecht f\u00fcr einen Sonntagmorgen!<\/p>\n\n\n\n<figure class=\"wp-block-image size-large\"><img loading=\"lazy\" decoding=\"async\" width=\"1024\" height=\"683\" src=\"https:\/\/d2dfxqxblmblx4.cloudfront.net\/wp-content\/uploads\/2024\/02\/20230051\/1IMAGE_20240107_8289-1-1024x683.jpg\" alt=\"2 Frauen mit Phorest Trommel machen ein Selfie von sich\" class=\"wp-image-139719\" srcset=\"https:\/\/d2dfxqxblmblx4.cloudfront.net\/wp-content\/uploads\/2024\/02\/20230051\/1IMAGE_20240107_8289-1-1024x683.jpg 1024w, https:\/\/d2dfxqxblmblx4.cloudfront.net\/wp-content\/uploads\/2024\/02\/20230051\/1IMAGE_20240107_8289-1-300x200.jpg 300w, https:\/\/d2dfxqxblmblx4.cloudfront.net\/wp-content\/uploads\/2024\/02\/20230051\/1IMAGE_20240107_8289-1-768x512.jpg 768w, https:\/\/d2dfxqxblmblx4.cloudfront.net\/wp-content\/uploads\/2024\/02\/20230051\/1IMAGE_20240107_8289-1-1536x1024.jpg 1536w, https:\/\/d2dfxqxblmblx4.cloudfront.net\/wp-content\/uploads\/2024\/02\/20230051\/1IMAGE_20240107_8289-1-2048x1365.jpg 2048w\" sizes=\"auto, (max-width: 1024px) 100vw, 1024px\" \/><\/figure>\n\n\n\n<h2 class=\"wp-block-heading\">Irische Wurzeln mit globaler Reichweite<\/h2>\n\n\n\n<p>Die \u00fcberraschende musikalische Begr\u00fc\u00dfung belebte den Raum und vertrieb jeglichen Jetlag. Sie diente aber auch als Erinnerung an die stolzen irischen Wurzeln von Phorest. Seit der Gr\u00fcndung in einem Dubliner Salon im Jahr 2004 hat Phorest Salon Software sich zu einem Unternehmen mit \u00fcber 10.000 Kund:innen und \u00fcber 300 Mitarbeitende auf drei Kontinenten entwickelt. Doch ganz gleich, wie sehr Phorest w\u00e4chst, die irischen kulturellen Werte sind in die eigene Kultur und die Werte des Unternehmens eingewoben &#8211; n\u00e4mlich das Zelebrieren von Mut und die Offenheit und Bereitschaft zur Kameradschaft in der Branche.<\/p>\n\n\n\n<p>In seiner Einf\u00fchrung erinnert Ronan das Publikum an das diesj\u00e4hrige Thema des Salon Owners Summit, &#8220;Elevate&#8221;.<\/p>\n\n\n\n<h2 class=\"wp-block-heading\">Beide Tage waren darauf ausgerichtet, Unternehmer:innen und Fachleuten zu helfen, ihr Potenzial neu zu entdecken.<\/h2>\n\n\n\n<p>Neben der Motivation boten die Vortr\u00e4ge und Workshops auch umsetzbare Strategien zur Verbesserung der eigenen F\u00fchrungsqualit\u00e4ten, des Kundenservices, des unternehmerischen Scharfsinns und der technischen Werkzeuge.<\/p>\n\n\n\n<ul class=\"wp-block-list\"><li>David Meade &#8211; <a href=\"https:\/\/www.phorest.com\/de\/blog\/david-meade-wachstumsorientiertes-denken\/\" target=\"_blank\" rel=\"noreferrer noopener\">Wachstumsorientiertes Denken: Ver\u00e4ndere die Denk-, Handlungs- und Verhaltensweisen von Teams im Alltag<\/a><\/li><li>Sharmadean Reid &#8211; <a href=\"https:\/\/www.phorest.com\/de\/blog\/sharmadean-reid-salonkundschaft-daten-personas\/\" target=\"_blank\" rel=\"noreferrer noopener\">Kenne deine Salonkundschaft &#8211; Die menschliche Geschichte in den Daten finden<\/a><\/li><li>Geno Stampora &#8211; <a href=\"https:\/\/www.phorest.com\/de\/blog\/geno-stampora-grundlagen-eines-erfolgreichen-salons\/\" target=\"_blank\" rel=\"noreferrer noopener\">Was 30 Jahre Erfahrung ihm \u00fcber die Grundlagen eines erfolgreichen Salons lehrten<\/a><\/li><li>Kate Lynch &amp; The Creative Society &#8211; <a href=\"https:\/\/www.phorest.com\/de\/blog\/social-media-strategie-creative-society\/\" target=\"_blank\" rel=\"noreferrer noopener\">Workshop: Deine Social Media Strategie mit The Creative Society<\/a><\/li><li>Nina Tulio &#8211; <a href=\"https:\/\/www.phorest.com\/de\/blog\/nina-tulio-alte-denkweise-vs-neue-denkweise\/\" target=\"_blank\" rel=\"noreferrer noopener\">\u00dcber F\u00fchrungsqualit\u00e4ten: Alte Denkweise Vs. Neue Denkweise<\/a><\/li><li>Alex B\u00e9lisle-Springer &#8211; <a href=\"https:\/\/www.phorest.com\/de\/blog\/between-alienation-and-belonging\/\" target=\"_blank\" rel=\"noreferrer noopener\">Zwischen Entfremdung &amp; Zugeh\u00f6rigkeit \u2013 Niemals nur ein Haarschnitt oder ein Beauty-Service<\/a><\/li><li>Fry Taylor &amp; Denise Baden &#8211; <a href=\"https:\/\/www.phorest.com\/de\/blog\/greening-your-glam\/\" target=\"_blank\" rel=\"noreferrer noopener\">Greening Your Glam &#8211; Green Salon Collective &amp; Dr. Denise Baden<\/a><\/li><li>Tom Kuhn &#8211; <a href=\"https:\/\/www.phorest.com\/de\/blog\/tom-kuhn-qnity-9grid-produktivitat\/\" target=\"_blank\" rel=\"noreferrer noopener\">Die &#8220;grimmige&#8221; Kunst, Dinge erledigt zu bekommen<\/a><\/li><li>Rich Cullen &amp; Verna Wall &#8211; <a href=\"https:\/\/www.phorest.com\/de\/blog\/verna-wall-rich-cullen-leistungsstarke-teams-aufbauen-und-halten\/\" target=\"_blank\" rel=\"noreferrer noopener\">Wie die besten Salons ein leistungsstarkes Team aufbauen und halten<\/a><\/li><li>Tom Kuhn &#8211; <a href=\"https:\/\/www.phorest.com\/de\/blog\/tom-kuhn-einkommenspotenzial-in-der-professionellen-beauty-branche\/\" target=\"_blank\" rel=\"noreferrer noopener\">Einkommenspotenzial in der professionellen Beauty-Branche<\/a><\/li><li>Keith Barry &#8211; <a href=\"https:\/\/www.phorest.com\/de\/blog\/keith-barry-nutze-die-macht-der-nonverbalen-kommunikation\/\" target=\"_blank\" rel=\"noreferrer noopener\">Beyond Words &#8211; Nutze die Macht der nonverbalen Kommunikation<\/a><\/li><\/ul>\n\n\n\n<h2 class=\"wp-block-heading\">Ein wichtiger Bestandteil des Summits ist auch die Intensivierung von Gespr\u00e4chen.<\/h2>\n\n\n\n<p>Wie Ronan sagte, nicht nur durch die fantastischen Vortr\u00e4ge und Workshops, &#8220;sondern auch durch die pers\u00f6nlichen Gespr\u00e4che, die man dazwischen f\u00fchrt.&#8221; wird der Summit zu einem Dreh- und Angelpunkt f\u00fcr Networking und den Wissensaustausch mit Gleichgesinnten und bietet zudem zahlreiche Gelegenheiten, das Phorest-Team hinter der Software kennenzulernen.<\/p>\n\n\n\n<p>W\u00e4hrend des prall gef\u00fcllten Programms gab es immer wieder Gelegenheit zum Durchatmen und Austauschen, wie z. B. bei <a href=\"https:\/\/www.bingoloco.com\/\" target=\"_blank\" rel=\"noreferrer noopener\">Bingo Loco<\/a>, dem wilden Spiel, das zum zweiten Mal auf dem Summit stattfand, oder bei der mit Spannung erwarteten Afterparty im NoLita im Stadtzentrum. Selbst beim Schlendern durch die Hallen des Kongresszentrums gab es \u00fcberall Gespr\u00e4chsanl\u00e4sse, von den &#8220;Ask Me Anything&#8221;-St\u00e4nden des Phorest-Teams bis zur Installation der irischen K\u00fcnstlerin <a href=\"https:\/\/www.thecoiffured.com\/artworks\" target=\"_blank\" rel=\"noreferrer noopener\">Amanda Jane Graham<\/a>, die die reiche Geschichte des Friseurberufs feiert.<\/p>\n\n\n\n<h2 class=\"wp-block-heading\">M\u00f6chtest du den n\u00e4chsten Salon Owners Summit nicht verpassen?<\/h2>\n\n\n\n<p>Willst du sichergehen, dass du im n\u00e4chsten Jahr dabei bist, um aufschlussreiche Vortr\u00e4ge wie diese zu h\u00f6ren? Schnapp dir jetzt Tickets f\u00fcr den n\u00e4chsten <a href=\"https:\/\/www.salonownersummit.com\/?__hstc=103751199.eeb5422205a5428bada794c40768d9dc.1662721693331.1709631773419.1709640002692.521&amp;__hssc=103751199.4.1709640002692&amp;__hsfp=3001907418\" target=\"_blank\" rel=\"noreferrer noopener\">Salon Owners Summit<\/a>!<\/p>\n","protected":false},"excerpt":{"rendered":"<p>Der gro\u00dfe irische Schriftsteller William Butler Yeats schrieb einmal: &#8220;Hier gibt es keine Fremden. Nur Freunde, die man noch nicht getroffen hat.&#8221; Mit diesem Zitat er\u00f6ffnete Ronan Perceval, CEO von Phorest Salon Software, seine Begr\u00fc\u00dfung der Teilnehmer:innen des Salon Owners Summit 2024. Phorest feiert 20-j\u00e4hriges Bestehen und ist stolz darauf, mehr Salonunternehmen als Techunternehmen zu &hellip; <a href=\"https:\/\/www.phorest.com\/de\/blog\/willkommen-zum-2024-salon-owners-summit-recap\/\">Continued<\/a><\/p>\n","protected":false},"author":40060,"featured_media":137733,"comment_status":"open","ping_status":"open","sticky":false,"template":"","format":"standard","meta":{"_acf_changed":false,"footnotes":""},"categories":[10798,3751],"tags":[],"class_list":["post-140416","post","type-post","status-publish","format-standard","has-post-thumbnail","hentry","category-leite-dein-geschaft","category-saloninhaber-summit"],"acf":[],"yoast_head":"<!-- This site is optimized with the Yoast SEO plugin v25.1 - https:\/\/yoast.com\/wordpress\/plugins\/seo\/ -->\n<title>C\u00e9ad M\u00edle F\u00e1ilte: Willkommen zum 2024 Salon Owners Summit Recap | Phorest<\/title>\n<meta name=\"description\" content=\"Salon Owners Summit 2024 \u2713 Willkommen zum Recap \u2713 Europas f\u00fchrende, wachstumsorientierte Veranstaltung f\u00fcr Salonbesitzer:innen\" \/>\n<meta name=\"robots\" content=\"index, follow, max-snippet:-1, max-image-preview:large, max-video-preview:-1\" \/>\n<link rel=\"canonical\" href=\"https:\/\/www.phorest.com\/de\/blog\/willkommen-zum-2024-salon-owners-summit-recap\/\" \/>\n<meta property=\"og:locale\" content=\"de_DE\" \/>\n<meta property=\"og:type\" content=\"article\" \/>\n<meta property=\"og:title\" content=\"C\u00e9ad M\u00edle F\u00e1ilte: Willkommen zum 2024 Salon Owners Summit Recap | Phorest\" \/>\n<meta property=\"og:description\" content=\"Salon Owners Summit 2024 \u2713 Willkommen zum Recap \u2713 Europas f\u00fchrende, wachstumsorientierte Veranstaltung f\u00fcr Salonbesitzer:innen\" \/>\n<meta property=\"og:url\" content=\"https:\/\/www.phorest.com\/de\/blog\/willkommen-zum-2024-salon-owners-summit-recap\/\" \/>\n<meta property=\"og:site_name\" content=\"Phorest\" \/>\n<meta property=\"article:publisher\" content=\"https:\/\/www.facebook.com\/phorestsalonsoftware\" \/>\n<meta property=\"article:published_time\" content=\"2024-03-15T14:09:15+00:00\" \/>\n<meta property=\"article:modified_time\" content=\"2024-03-15T14:16:48+00:00\" \/>\n<meta property=\"og:image\" content=\"https:\/\/d2dfxqxblmblx4.cloudfront.net\/wp-content\/uploads\/2024\/01\/11162112\/sos-2024-mob-150x150.jpg\" \/>\n\t<meta property=\"og:image:width\" content=\"800\" \/>\n\t<meta property=\"og:image:height\" content=\"533\" \/>\n\t<meta property=\"og:image:type\" content=\"image\/jpeg\" \/>\n<meta name=\"author\" content=\"Ann-Kathrin Helm\" \/>\n<meta name=\"twitter:card\" content=\"summary_large_image\" \/>\n<meta name=\"twitter:image\" content=\"https:\/\/d2dfxqxblmblx4.cloudfront.net\/wp-content\/uploads\/2024\/01\/11162112\/sos-2024-mob-150x150.jpg\" \/>\n<meta name=\"twitter:creator\" content=\"@thephorestword\" \/>\n<meta name=\"twitter:site\" content=\"@thephorestword\" \/>\n<meta name=\"twitter:label1\" content=\"Written by\" \/>\n\t<meta name=\"twitter:data1\" content=\"Ann-Kathrin Helm\" \/>\n\t<meta name=\"twitter:label2\" content=\"Est. reading time\" \/>\n\t<meta name=\"twitter:data2\" content=\"4 minutes\" \/>\n<script type=\"application\/ld+json\" class=\"yoast-schema-graph\">{\"@context\":\"https:\/\/schema.org\",\"@graph\":[{\"@type\":\"Article\",\"@id\":\"https:\/\/www.phorest.com\/de\/blog\/willkommen-zum-2024-salon-owners-summit-recap\/#article\",\"isPartOf\":{\"@id\":\"https:\/\/www.phorest.com\/de\/blog\/willkommen-zum-2024-salon-owners-summit-recap\/\"},\"author\":{\"name\":\"Ann-Kathrin Helm\",\"@id\":\"https:\/\/www.phorest.com\/de\/#\/schema\/person\/56a1801ae3d5b559a4450b5b0a308d27\"},\"headline\":\"C\u00e9ad M\u00edle F\u00e1ilte: Willkommen zum 2024 Salon Owners Summit Recap\",\"datePublished\":\"2024-03-15T14:09:15+00:00\",\"dateModified\":\"2024-03-15T14:16:48+00:00\",\"mainEntityOfPage\":{\"@id\":\"https:\/\/www.phorest.com\/de\/blog\/willkommen-zum-2024-salon-owners-summit-recap\/\"},\"wordCount\":827,\"commentCount\":0,\"publisher\":{\"@id\":\"https:\/\/www.phorest.com\/de\/#organization\"},\"image\":{\"@id\":\"https:\/\/www.phorest.com\/de\/blog\/willkommen-zum-2024-salon-owners-summit-recap\/#primaryimage\"},\"thumbnailUrl\":\"https:\/\/d2dfxqxblmblx4.cloudfront.net\/wp-content\/uploads\/2024\/01\/11162112\/sos-2024-mob.jpg\",\"articleSection\":[\"Leite dein Gesch\u00e4ft\",\"Saloninhaber Summit\"],\"inLanguage\":\"de\",\"potentialAction\":[{\"@type\":\"CommentAction\",\"name\":\"Comment\",\"target\":[\"https:\/\/www.phorest.com\/de\/blog\/willkommen-zum-2024-salon-owners-summit-recap\/#respond\"]}]},{\"@type\":\"WebPage\",\"@id\":\"https:\/\/www.phorest.com\/de\/blog\/willkommen-zum-2024-salon-owners-summit-recap\/\",\"url\":\"https:\/\/www.phorest.com\/de\/blog\/willkommen-zum-2024-salon-owners-summit-recap\/\",\"name\":\"C\u00e9ad M\u00edle F\u00e1ilte: Willkommen zum 2024 Salon Owners Summit Recap | Phorest\",\"isPartOf\":{\"@id\":\"https:\/\/www.phorest.com\/de\/#website\"},\"primaryImageOfPage\":{\"@id\":\"https:\/\/www.phorest.com\/de\/blog\/willkommen-zum-2024-salon-owners-summit-recap\/#primaryimage\"},\"image\":{\"@id\":\"https:\/\/www.phorest.com\/de\/blog\/willkommen-zum-2024-salon-owners-summit-recap\/#primaryimage\"},\"thumbnailUrl\":\"https:\/\/d2dfxqxblmblx4.cloudfront.net\/wp-content\/uploads\/2024\/01\/11162112\/sos-2024-mob.jpg\",\"datePublished\":\"2024-03-15T14:09:15+00:00\",\"dateModified\":\"2024-03-15T14:16:48+00:00\",\"description\":\"Salon Owners Summit 2024 \u2713 Willkommen zum Recap \u2713 Europas f\u00fchrende, wachstumsorientierte Veranstaltung f\u00fcr Salonbesitzer:innen\",\"breadcrumb\":{\"@id\":\"https:\/\/www.phorest.com\/de\/blog\/willkommen-zum-2024-salon-owners-summit-recap\/#breadcrumb\"},\"inLanguage\":\"de\",\"potentialAction\":[{\"@type\":\"ReadAction\",\"target\":[\"https:\/\/www.phorest.com\/de\/blog\/willkommen-zum-2024-salon-owners-summit-recap\/\"]}]},{\"@type\":\"ImageObject\",\"inLanguage\":\"de\",\"@id\":\"https:\/\/www.phorest.com\/de\/blog\/willkommen-zum-2024-salon-owners-summit-recap\/#primaryimage\",\"url\":\"https:\/\/d2dfxqxblmblx4.cloudfront.net\/wp-content\/uploads\/2024\/01\/11162112\/sos-2024-mob.jpg\",\"contentUrl\":\"https:\/\/d2dfxqxblmblx4.cloudfront.net\/wp-content\/uploads\/2024\/01\/11162112\/sos-2024-mob.jpg\",\"width\":800,\"height\":533,\"caption\":\"Gesch\u00e4ftsf\u00fchrer Ronan Perceval begr\u00fc\u00dft die Teilnehmer:innen des Salon Owners Summit\"},{\"@type\":\"BreadcrumbList\",\"@id\":\"https:\/\/www.phorest.com\/de\/blog\/willkommen-zum-2024-salon-owners-summit-recap\/#breadcrumb\",\"itemListElement\":[{\"@type\":\"ListItem\",\"position\":1,\"name\":\"Home\",\"item\":\"https:\/\/www.phorest.com\/de\/\"},{\"@type\":\"ListItem\",\"position\":2,\"name\":\"C\u00e9ad M\u00edle F\u00e1ilte: Willkommen zum 2024 Salon Owners Summit Recap\"}]},{\"@type\":\"WebSite\",\"@id\":\"https:\/\/www.phorest.com\/de\/#website\",\"url\":\"https:\/\/www.phorest.com\/de\/\",\"name\":\"Phorest\",\"description\":\"Salon Software - Hair &amp; Beauty - UK for Spa Management &amp; Appointments\",\"publisher\":{\"@id\":\"https:\/\/www.phorest.com\/de\/#organization\"},\"potentialAction\":[{\"@type\":\"SearchAction\",\"target\":{\"@type\":\"EntryPoint\",\"urlTemplate\":\"https:\/\/www.phorest.com\/de\/?s={search_term_string}\"},\"query-input\":{\"@type\":\"PropertyValueSpecification\",\"valueRequired\":true,\"valueName\":\"search_term_string\"}}],\"inLanguage\":\"de\"},{\"@type\":\"Organization\",\"@id\":\"https:\/\/www.phorest.com\/de\/#organization\",\"name\":\"Phorest Salon Software\",\"url\":\"https:\/\/www.phorest.com\/de\/\",\"logo\":{\"@type\":\"ImageObject\",\"inLanguage\":\"de\",\"@id\":\"https:\/\/www.phorest.com\/de\/#\/schema\/logo\/image\/\",\"url\":\"https:\/\/d2dfxqxblmblx4.cloudfront.net\/wp-content\/uploads\/2019\/10\/24141402\/phorest-acorn-logo1.png\",\"contentUrl\":\"https:\/\/d2dfxqxblmblx4.cloudfront.net\/wp-content\/uploads\/2019\/10\/24141402\/phorest-acorn-logo1.png\",\"width\":201,\"height\":202,\"caption\":\"Phorest Salon Software\"},\"image\":{\"@id\":\"https:\/\/www.phorest.com\/de\/#\/schema\/logo\/image\/\"},\"sameAs\":[\"https:\/\/www.facebook.com\/phorestsalonsoftware\",\"https:\/\/x.com\/thephorestword\",\"https:\/\/instagram.com\/phorest_salon_software\",\"https:\/\/www.linkedin.com\/company\/phorest?trk=company_name\",\"https:\/\/www.pinterest.com\/phorestss\/\",\"https:\/\/plus.google.com\/u\/0\/b\/101418954139594616916\/101418954139594616916\/posts\/p\/pub\"]},{\"@type\":\"Person\",\"@id\":\"https:\/\/www.phorest.com\/de\/#\/schema\/person\/56a1801ae3d5b559a4450b5b0a308d27\",\"name\":\"Ann-Kathrin Helm\",\"image\":{\"@type\":\"ImageObject\",\"inLanguage\":\"de\",\"@id\":\"https:\/\/www.phorest.com\/de\/#\/schema\/person\/image\/\",\"url\":\"https:\/\/d2dfxqxblmblx4.cloudfront.net\/wp-content\/uploads\/2021\/05\/13095446\/Ann-Kathrin_Helm-150x150.jpg\",\"contentUrl\":\"https:\/\/d2dfxqxblmblx4.cloudfront.net\/wp-content\/uploads\/2021\/05\/13095446\/Ann-Kathrin_Helm-150x150.jpg\",\"caption\":\"Ann-Kathrin Helm\"},\"description\":\"Ann-Kathrin Helm is our Marketing Executive for Germany, Austria &amp; Switzerland (DACH) here at Phorest Salon Software. She is responsible for customer communication in the DACH region. Her mother \u2013 a master hairdresser \u2013 instilled in her a passion for the industry from an early age. As a result, she understands the challenges and opportunities of the salon world firsthand. This deep connection is reflected in everything she does \u2013 from articles in professional magazines such as TOP HAIR, to targeted email campaigns, inspiring blog posts, and her mission to make Phorest\u2019s features and their benefits more accessible to the Phorest community. Her goal: to make marketing understandable, actionable, and \u2013 above all \u2013 effective, creating real value for beauty entrepreneurs.\",\"sameAs\":[\"https:\/\/www.phorest.com\/de\/\",\"https:\/\/www.linkedin.com\/in\/ann-kathrin-helm\/\"],\"url\":\"https:\/\/www.phorest.com\/de\/blog\/author\/ann-kathrin-helm-2\/\"}]}<\/script>\n<!-- \/ Yoast SEO plugin. -->","yoast_head_json":{"title":"C\u00e9ad M\u00edle F\u00e1ilte: Willkommen zum 2024 Salon Owners Summit Recap | Phorest","description":"Salon Owners Summit 2024 \u2713 Willkommen zum Recap \u2713 Europas f\u00fchrende, wachstumsorientierte Veranstaltung f\u00fcr Salonbesitzer:innen","robots":{"index":"index","follow":"follow","max-snippet":"max-snippet:-1","max-image-preview":"max-image-preview:large","max-video-preview":"max-video-preview:-1"},"canonical":"https:\/\/www.phorest.com\/de\/blog\/willkommen-zum-2024-salon-owners-summit-recap\/","og_locale":"de_DE","og_type":"article","og_title":"C\u00e9ad M\u00edle F\u00e1ilte: Willkommen zum 2024 Salon Owners Summit Recap | Phorest","og_description":"Salon Owners Summit 2024 \u2713 Willkommen zum Recap \u2713 Europas f\u00fchrende, wachstumsorientierte Veranstaltung f\u00fcr Salonbesitzer:innen","og_url":"https:\/\/www.phorest.com\/de\/blog\/willkommen-zum-2024-salon-owners-summit-recap\/","og_site_name":"Phorest","article_publisher":"https:\/\/www.facebook.com\/phorestsalonsoftware","article_published_time":"2024-03-15T14:09:15+00:00","article_modified_time":"2024-03-15T14:16:48+00:00","og_image":[{"width":800,"height":533,"url":"https:\/\/d2dfxqxblmblx4.cloudfront.net\/wp-content\/uploads\/2024\/01\/11162112\/sos-2024-mob-150x150.jpg","type":"image\/jpeg"}],"author":"Ann-Kathrin Helm","twitter_card":"summary_large_image","twitter_image":"https:\/\/d2dfxqxblmblx4.cloudfront.net\/wp-content\/uploads\/2024\/01\/11162112\/sos-2024-mob-150x150.jpg","twitter_creator":"@thephorestword","twitter_site":"@thephorestword","twitter_misc":{"Written by":"Ann-Kathrin Helm","Est. reading time":"4 minutes"},"schema":{"@context":"https:\/\/schema.org","@graph":[{"@type":"Article","@id":"https:\/\/www.phorest.com\/de\/blog\/willkommen-zum-2024-salon-owners-summit-recap\/#article","isPartOf":{"@id":"https:\/\/www.phorest.com\/de\/blog\/willkommen-zum-2024-salon-owners-summit-recap\/"},"author":{"name":"Ann-Kathrin Helm","@id":"https:\/\/www.phorest.com\/de\/#\/schema\/person\/56a1801ae3d5b559a4450b5b0a308d27"},"headline":"C\u00e9ad M\u00edle F\u00e1ilte: Willkommen zum 2024 Salon Owners Summit Recap","datePublished":"2024-03-15T14:09:15+00:00","dateModified":"2024-03-15T14:16:48+00:00","mainEntityOfPage":{"@id":"https:\/\/www.phorest.com\/de\/blog\/willkommen-zum-2024-salon-owners-summit-recap\/"},"wordCount":827,"commentCount":0,"publisher":{"@id":"https:\/\/www.phorest.com\/de\/#organization"},"image":{"@id":"https:\/\/www.phorest.com\/de\/blog\/willkommen-zum-2024-salon-owners-summit-recap\/#primaryimage"},"thumbnailUrl":"https:\/\/d2dfxqxblmblx4.cloudfront.net\/wp-content\/uploads\/2024\/01\/11162112\/sos-2024-mob.jpg","articleSection":["Leite dein Gesch\u00e4ft","Saloninhaber Summit"],"inLanguage":"de","potentialAction":[{"@type":"CommentAction","name":"Comment","target":["https:\/\/www.phorest.com\/de\/blog\/willkommen-zum-2024-salon-owners-summit-recap\/#respond"]}]},{"@type":"WebPage","@id":"https:\/\/www.phorest.com\/de\/blog\/willkommen-zum-2024-salon-owners-summit-recap\/","url":"https:\/\/www.phorest.com\/de\/blog\/willkommen-zum-2024-salon-owners-summit-recap\/","name":"C\u00e9ad M\u00edle F\u00e1ilte: Willkommen zum 2024 Salon Owners Summit Recap | Phorest","isPartOf":{"@id":"https:\/\/www.phorest.com\/de\/#website"},"primaryImageOfPage":{"@id":"https:\/\/www.phorest.com\/de\/blog\/willkommen-zum-2024-salon-owners-summit-recap\/#primaryimage"},"image":{"@id":"https:\/\/www.phorest.com\/de\/blog\/willkommen-zum-2024-salon-owners-summit-recap\/#primaryimage"},"thumbnailUrl":"https:\/\/d2dfxqxblmblx4.cloudfront.net\/wp-content\/uploads\/2024\/01\/11162112\/sos-2024-mob.jpg","datePublished":"2024-03-15T14:09:15+00:00","dateModified":"2024-03-15T14:16:48+00:00","description":"Salon Owners Summit 2024 \u2713 Willkommen zum Recap \u2713 Europas f\u00fchrende, wachstumsorientierte Veranstaltung f\u00fcr Salonbesitzer:innen","breadcrumb":{"@id":"https:\/\/www.phorest.com\/de\/blog\/willkommen-zum-2024-salon-owners-summit-recap\/#breadcrumb"},"inLanguage":"de","potentialAction":[{"@type":"ReadAction","target":["https:\/\/www.phorest.com\/de\/blog\/willkommen-zum-2024-salon-owners-summit-recap\/"]}]},{"@type":"ImageObject","inLanguage":"de","@id":"https:\/\/www.phorest.com\/de\/blog\/willkommen-zum-2024-salon-owners-summit-recap\/#primaryimage","url":"https:\/\/d2dfxqxblmblx4.cloudfront.net\/wp-content\/uploads\/2024\/01\/11162112\/sos-2024-mob.jpg","contentUrl":"https:\/\/d2dfxqxblmblx4.cloudfront.net\/wp-content\/uploads\/2024\/01\/11162112\/sos-2024-mob.jpg","width":800,"height":533,"caption":"Gesch\u00e4ftsf\u00fchrer Ronan Perceval begr\u00fc\u00dft die Teilnehmer:innen des Salon Owners Summit"},{"@type":"BreadcrumbList","@id":"https:\/\/www.phorest.com\/de\/blog\/willkommen-zum-2024-salon-owners-summit-recap\/#breadcrumb","itemListElement":[{"@type":"ListItem","position":1,"name":"Home","item":"https:\/\/www.phorest.com\/de\/"},{"@type":"ListItem","position":2,"name":"C\u00e9ad M\u00edle F\u00e1ilte: Willkommen zum 2024 Salon Owners Summit Recap"}]},{"@type":"WebSite","@id":"https:\/\/www.phorest.com\/de\/#website","url":"https:\/\/www.phorest.com\/de\/","name":"Phorest","description":"Salon Software - Hair &amp; Beauty - UK for Spa Management &amp; Appointments","publisher":{"@id":"https:\/\/www.phorest.com\/de\/#organization"},"potentialAction":[{"@type":"SearchAction","target":{"@type":"EntryPoint","urlTemplate":"https:\/\/www.phorest.com\/de\/?s={search_term_string}"},"query-input":{"@type":"PropertyValueSpecification","valueRequired":true,"valueName":"search_term_string"}}],"inLanguage":"de"},{"@type":"Organization","@id":"https:\/\/www.phorest.com\/de\/#organization","name":"Phorest Salon Software","url":"https:\/\/www.phorest.com\/de\/","logo":{"@type":"ImageObject","inLanguage":"de","@id":"https:\/\/www.phorest.com\/de\/#\/schema\/logo\/image\/","url":"https:\/\/d2dfxqxblmblx4.cloudfront.net\/wp-content\/uploads\/2019\/10\/24141402\/phorest-acorn-logo1.png","contentUrl":"https:\/\/d2dfxqxblmblx4.cloudfront.net\/wp-content\/uploads\/2019\/10\/24141402\/phorest-acorn-logo1.png","width":201,"height":202,"caption":"Phorest Salon Software"},"image":{"@id":"https:\/\/www.phorest.com\/de\/#\/schema\/logo\/image\/"},"sameAs":["https:\/\/www.facebook.com\/phorestsalonsoftware","https:\/\/x.com\/thephorestword","https:\/\/instagram.com\/phorest_salon_software","https:\/\/www.linkedin.com\/company\/phorest?trk=company_name","https:\/\/www.pinterest.com\/phorestss\/","https:\/\/plus.google.com\/u\/0\/b\/101418954139594616916\/101418954139594616916\/posts\/p\/pub"]},{"@type":"Person","@id":"https:\/\/www.phorest.com\/de\/#\/schema\/person\/56a1801ae3d5b559a4450b5b0a308d27","name":"Ann-Kathrin Helm","image":{"@type":"ImageObject","inLanguage":"de","@id":"https:\/\/www.phorest.com\/de\/#\/schema\/person\/image\/","url":"https:\/\/d2dfxqxblmblx4.cloudfront.net\/wp-content\/uploads\/2021\/05\/13095446\/Ann-Kathrin_Helm-150x150.jpg","contentUrl":"https:\/\/d2dfxqxblmblx4.cloudfront.net\/wp-content\/uploads\/2021\/05\/13095446\/Ann-Kathrin_Helm-150x150.jpg","caption":"Ann-Kathrin Helm"},"description":"Ann-Kathrin Helm is our Marketing Executive for Germany, Austria &amp; Switzerland (DACH) here at Phorest Salon Software. She is responsible for customer communication in the DACH region. Her mother \u2013 a master hairdresser \u2013 instilled in her a passion for the industry from an early age. As a result, she understands the challenges and opportunities of the salon world firsthand. This deep connection is reflected in everything she does \u2013 from articles in professional magazines such as TOP HAIR, to targeted email campaigns, inspiring blog posts, and her mission to make Phorest\u2019s features and their benefits more accessible to the Phorest community. Her goal: to make marketing understandable, actionable, and \u2013 above all \u2013 effective, creating real value for beauty entrepreneurs.","sameAs":["https:\/\/www.phorest.com\/de\/","https:\/\/www.linkedin.com\/in\/ann-kathrin-helm\/"],"url":"https:\/\/www.phorest.com\/de\/blog\/author\/ann-kathrin-helm-2\/"}]}},"_links":{"self":[{"href":"https:\/\/www.phorest.com\/de\/wp-json\/wp\/v2\/posts\/140416","targetHints":{"allow":["GET"]}}],"collection":[{"href":"https:\/\/www.phorest.com\/de\/wp-json\/wp\/v2\/posts"}],"about":[{"href":"https:\/\/www.phorest.com\/de\/wp-json\/wp\/v2\/types\/post"}],"author":[{"embeddable":true,"href":"https:\/\/www.phorest.com\/de\/wp-json\/wp\/v2\/users\/40060"}],"replies":[{"embeddable":true,"href":"https:\/\/www.phorest.com\/de\/wp-json\/wp\/v2\/comments?post=140416"}],"version-history":[{"count":5,"href":"https:\/\/www.phorest.com\/de\/wp-json\/wp\/v2\/posts\/140416\/revisions"}],"predecessor-version":[{"id":140618,"href":"https:\/\/www.phorest.com\/de\/wp-json\/wp\/v2\/posts\/140416\/revisions\/140618"}],"wp:featuredmedia":[{"embeddable":true,"href":"https:\/\/www.phorest.com\/de\/wp-json\/wp\/v2\/media\/137733"}],"wp:attachment":[{"href":"https:\/\/www.phorest.com\/de\/wp-json\/wp\/v2\/media?parent=140416"}],"wp:term":[{"taxonomy":"category","embeddable":true,"href":"https:\/\/www.phorest.com\/de\/wp-json\/wp\/v2\/categories?post=140416"},{"taxonomy":"post_tag","embeddable":true,"href":"https:\/\/www.phorest.com\/de\/wp-json\/wp\/v2\/tags?post=140416"}],"curies":[{"name":"wp","href":"https:\/\/api.w.org\/{rel}","templated":true}]}}