{"id":144705,"date":"2024-08-19T11:00:00","date_gmt":"2024-08-19T11:00:00","guid":{"rendered":"https:\/\/www.phorest.com\/?p=144705"},"modified":"2024-08-16T11:00:17","modified_gmt":"2024-08-16T11:00:17","slug":"wilkommen-bei-the-pulse","status":"publish","type":"post","link":"https:\/\/www.phorest.com\/de\/blog\/wilkommen-bei-the-pulse\/","title":{"rendered":"Willkommen bei The Pulse"},"content":{"rendered":"\n<p>Mit Phorest immer am Puls der Friseur- und Beautybranche! Als Salon-Unternehmer:in hast du vermutlich nicht viel Zeit, um dich immer mit den neuesten Nachrichten zu besch\u00e4ftigen. Aber keine Sorge, wir \u00fcbernehmen das gerne f\u00fcr dich und tragen <strong>aktuelle Themen, Trends und interessante News<\/strong> aus unserer Branche zusammen, damit du zuk\u00fcnftig bestens informiert bleibst \u2013 mit unserem <strong>neuen Branchen-Newsletter \u201eThe Pulse\u201c!<\/strong><\/p>\n\n\n\n<h2 class=\"wp-block-heading\"><strong>Deine Branchen-News f\u00fcr diesen Monat<\/strong><\/h2>\n\n\n\n<ol class=\"wp-block-list\"><li><a href=\"https:\/\/imsalon.at\/business\/business-detailseite\/loreal-professionnels-head-up-partnert-mit-selfcare-app-calm-1\/\"><strong>L&#8217;Or\u00e9al Professionnel und Calm: Ein Duo f\u00fcr mehr Wohlbefinden im Salon<br><\/strong><\/a>L&#8217;Or\u00e9al Professionnel kooperiert mit der Selfcare-App Calm, der Nr. 1 f\u00fcr meditative \u00dcbungen zwischendurch. Im Rahmen dieser Partnerschaft k\u00f6nnen Salons drei Monate lang die App kostenlos nutzen. Ein Angebot, das nicht nur dir zugutekommt, sondern auch deinem Team eine Auszeit erm\u00f6glicht. Eine gro\u00dfartige Gelegenheit, um mehr Achtsamkeit in den Alltag zu integrieren. <a href=\"https:\/\/imsalon.at\/business\/business-detailseite\/loreal-professionnels-head-up-partnert-mit-selfcare-app-calm-1\/\"><strong>Mehr erfahren<\/strong><\/a><\/li><li><a href=\"https:\/\/www.tophair.de\/branche\/branche-detailseite\/neues-friseur-event-in-england-premiere-fuer-die-haircon\/#slide1\"><strong>HairCon: Neues Friseur-Event in England feiert Premiere<br><\/strong><\/a>Die britische Friseurbranche hat mit der HairCon in Manchester ein neues Event-Highlight ins Leben gerufen. Drei Tage lang zeigten gro\u00dfe Namen wie Trevor Sorbie und Mark Hayes auf der B\u00fchne ihr K\u00f6nnen, w\u00e4hrend Aussteller und Partner spannende Einblicke in neue Trends und Produkte gaben. Mit rund 4.000 Besucher:innen war die Premiere ein voller Erfolg und k\u00f6nnte auch f\u00fcr dich eine inspirierende Quelle f\u00fcr neue Ideen und Trends im Salon sein. <a href=\"https:\/\/www.tophair.de\/branche\/branche-detailseite\/neues-friseur-event-in-england-premiere-fuer-die-haircon\/#slide1\"><strong>Mehr erfahren<\/strong><\/a><\/li><li><a href=\"https:\/\/www.fmfm.de\/das-sind-die-maenner-trendlooks-herbst-winter-2024\"><strong>M\u00e4nner-Trendlooks Herbst\/Winter 2024: Danach werden deine Kunden fragen<\/strong><\/a><br>Die kommende Saison bringt frische und stylische Looks f\u00fcr deine Kunden. Von klassischen Schnitten mit modernem Twist bis zu coolen, l\u00e4ssigen Styles \u2013 die Trendlooks Herbst\/Winter 2024 bieten f\u00fcr jeden Typen etwas. Nutze diese Trends, um deinen Kunden neue Ideen zu pr\u00e4sentieren und so ihren n\u00e4chsten Friseurbesuch noch attraktiver zu gestalten. <a href=\"https:\/\/www.fmfm.de\/das-sind-die-maenner-trendlooks-herbst-winter-2024\"><strong>Mehr erfahren<\/strong><\/a><\/li><li><a href=\"https:\/\/www.tophair.de\/business\/business-detailseite\/durchstarten-so-gelingt-der-start-in-die-friseur-ausbildung\/\"><strong>So gelingt der Start in die Friseurausbildung<br><\/strong><\/a>F\u00fcr viele junge Talente beginnt im Herbst die Friseurausbildung. Damit der Einstieg gelingt, hat die IHK Stuttgart hilfreiche Tipps zusammengestellt. Von der richtigen Vorbereitung bis zur Unterst\u00fctzung durch das Team \u2013 hier erf\u00e4hrst du, wie du deine neuen Azubis optimal begleiten und motivieren kannst. Ein gut begleiteter Start legt den Grundstein f\u00fcr erfolgreiche und engagierte Nachwuchskr\u00e4fte in deinem Unternehmen. <a href=\"https:\/\/www.tophair.de\/business\/business-detailseite\/durchstarten-so-gelingt-der-start-in-die-friseur-ausbildung\/\"><strong>Mehr erfahren<\/strong><\/a><\/li><li><a href=\"https:\/\/imsalon.at\/branchen-news\/branche-detailseite\/wella-trend-tour-xxl-color-melting-mit-keller-the-school-im-oktober\/\"><strong>Wella Trend Tour XXL: Color Melting Techniken live erleben<br><\/strong><\/a>Im Oktober tourt das Team von Keller the school durch \u00d6sterreich, um Salons die neuesten Color Melting Techniken zu pr\u00e4sentieren. In inspirierenden Live-Demonstrationen werden aktuelle Farbtrends vorgestellt und wertvolle Einblicke in innovative Color &amp; Care Services gegeben. Vor allem \u00f6sterreichische Salons sollten die Gelegenheit nutzen, um das Angebot im Salon aufzufrischen und Kund:innen die neuesten Looks bieten zu k\u00f6nnen. <a href=\"https:\/\/imsalon.at\/branchen-news\/branche-detailseite\/wella-trend-tour-xxl-color-melting-mit-keller-the-school-im-oktober\/\"><strong>Mehr erfahren<\/strong><\/a><\/li><li><a href=\"https:\/\/imsalon.at\/branchen-news\/branche-detailseite\/der-friseurberuf-muss-als-gewerbe-erhalten-bleiben-die-bundesinnung-eroeffnet-den-wahlkampf\/\"><strong>Bundesinnung in \u00d6sterreich er\u00f6ffnet den Wahlkampf: F\u00fcr den Erhalt des Friseurhandwerks<br><\/strong><\/a>Mit klaren Zielen startet die Bundesinnung der Friseure in \u00d6sterreich in den Wahlkampf. Im Fokus stehen die Reduzierung der Umsatzsteuer auf 10 %, der Erhalt des Friseurgewerbes als Handwerk und eine engere Zusammenarbeit mit den Beh\u00f6rden. <a href=\"https:\/\/imsalon.at\/branchen-news\/branche-detailseite\/der-friseurberuf-muss-als-gewerbe-erhalten-bleiben-die-bundesinnung-eroeffnet-den-wahlkampf\/\"><strong>Mehr erfahren<\/strong><\/a><\/li><li><a href=\"https:\/\/imsalon.at\/branchen-news\/branche-detailseite\/bundesverdienstkreuz-der-brd-fuer-barber-angels-initiator-claus-niedermaier\/\"><strong>Bundesverdienstkreuz f\u00fcr Barber Angels-Initiator Claus Niedermaier<br><\/strong><\/a>Claus Niedermaier, der Gr\u00fcnder der Barber Angels Brotherhood, wurde mit dem Bundesverdienstkreuz ausgezeichnet. Seine Organisation hilft obdachlosen Menschen durch kostenlose Haarschnitte und gibt ihnen so ein St\u00fcck W\u00fcrde zur\u00fcck. Diese Anerkennung unterstreicht die Bedeutung sozialer Verantwortung im Friseurhandwerk und zeigt, wie auch kleine Gesten gro\u00dfe Wirkung haben k\u00f6nnen. <a href=\"https:\/\/imsalon.at\/branchen-news\/branche-detailseite\/bundesverdienstkreuz-der-brd-fuer-barber-angels-initiator-claus-niedermaier\/\"><strong>Mehr erfahren<\/strong><\/a><\/li><\/ol>\n\n\n\n<h2 class=\"wp-block-heading\">Article Spotlight<\/h2>\n\n\n\n<h3 class=\"wp-block-heading\"><strong>Hautpilz-Epidemie in Barbershops &#8211; was ist dran an der medialen Hysterie?<\/strong><\/h3>\n\n\n\n<p>Mit Sicherheit ist es nicht an dir vorbeigegangen. Ein <strong>hochansteckender Hautpilz<\/strong> macht seit einigen Wochen die Runde und beunruhigt vor allem Barber-Kunden. Doch was ist dran an der medialen Hysterie? Erfahre mehr im unten verlinkten Artikel!&nbsp;<\/p>\n\n\n\n<p>Zudem hat das Saarl\u00e4ndische Gesundheitsministerium ein <strong>Hygienemerkblatt<\/strong> f\u00fcr Friseurbetriebe und Barber-Shops ver\u00f6ffentlicht, in dem <strong>Tipps zur Vermeidung von Hautpilz\u00fcbertragungen <\/strong>gegeben werden. Dieses steht hier als kostenloser Download zur Verf\u00fcgung: <a href=\"https:\/\/imsalon.de\/business\/business-detailseite\/hygienemerkblatt-fuer-friseure-und-barbershops-gratis-download\/\"><strong>Zum Hygienemerkblatt<\/strong><\/a><\/p>\n\n\n\n<figure class=\"wp-block-image size-large\"><img loading=\"lazy\" decoding=\"async\" width=\"569\" height=\"297\" src=\"https:\/\/d2dfxqxblmblx4.cloudfront.net\/wp-content\/uploads\/2024\/08\/16103426\/DACH-pulse-1.jpg\" alt=\"\" class=\"wp-image-144708\" srcset=\"https:\/\/d2dfxqxblmblx4.cloudfront.net\/wp-content\/uploads\/2024\/08\/16103426\/DACH-pulse-1.jpg 569w, https:\/\/d2dfxqxblmblx4.cloudfront.net\/wp-content\/uploads\/2024\/08\/16103426\/DACH-pulse-1-300x157.jpg 300w\" sizes=\"auto, (max-width: 569px) 100vw, 569px\" \/><\/figure>\n\n\n\n<h2 class=\"wp-block-heading\"><strong>Phorest-News&nbsp; &nbsp;<\/strong><\/h2>\n\n\n\n<p>Apropos \u201cam Puls der Branche\u201d \u2013 Vergiss nicht, dir dein Ticket f\u00fcr den <strong>Salon Owners Summit 2025<\/strong> in Dublin, Irland zu sichern, wenn du DAS Event der Branche live miterleben m\u00f6chtest! Ein Erlebnis, das du garantiert nie wieder vergessen wirst und das dich nicht nur mit wertvollem Wissen ausstattet, sondern dich zudem inspiriert, motiviert und mit gleichgesinnten Unternehmer:innen vernetzt. <a href=\"https:\/\/www.salonownersummit.com\/\">Mehr erfahren<\/a><\/p>\n\n\n\n<figure class=\"wp-block-image size-large is-resized\"><img loading=\"lazy\" decoding=\"async\" src=\"https:\/\/d2dfxqxblmblx4.cloudfront.net\/wp-content\/uploads\/2024\/02\/20230051\/1IMAGE_20240107_8289-1-1024x683.jpg\" alt=\"2 Frauen mit Phorest Trommel machen ein Selfie von sich\" class=\"wp-image-139719\" width=\"399\" height=\"265\" srcset=\"https:\/\/d2dfxqxblmblx4.cloudfront.net\/wp-content\/uploads\/2024\/02\/20230051\/1IMAGE_20240107_8289-1-1024x683.jpg 1024w, https:\/\/d2dfxqxblmblx4.cloudfront.net\/wp-content\/uploads\/2024\/02\/20230051\/1IMAGE_20240107_8289-1-300x200.jpg 300w, https:\/\/d2dfxqxblmblx4.cloudfront.net\/wp-content\/uploads\/2024\/02\/20230051\/1IMAGE_20240107_8289-1-768x512.jpg 768w, https:\/\/d2dfxqxblmblx4.cloudfront.net\/wp-content\/uploads\/2024\/02\/20230051\/1IMAGE_20240107_8289-1-1536x1024.jpg 1536w, https:\/\/d2dfxqxblmblx4.cloudfront.net\/wp-content\/uploads\/2024\/02\/20230051\/1IMAGE_20240107_8289-1-2048x1365.jpg 2048w\" sizes=\"auto, (max-width: 399px) 100vw, 399px\" \/><\/figure>\n\n\n\n<p>Wir hoffen, dir hat die erste Ausgabe unseres neuen Newsletters The Pulse gefallen! Freue dich jetzt schon auf die n\u00e4chste Ausgabe, in der wir uns mit noch mehr Branchennews, regionalen Neuigkeiten, Phorest-Updates und vielem mehr besch\u00e4ftigen werden! \ud83d\udca5<\/p>\n\n\n\n<p>Together, We Grow.<\/p>\n","protected":false},"excerpt":{"rendered":"<p>Mit Phorest immer am Puls der Friseur- und Beautybranche! Als Salon-Unternehmer:in hast du vermutlich nicht viel Zeit, um dich immer mit den neuesten Nachrichten zu besch\u00e4ftigen. Aber keine Sorge, wir \u00fcbernehmen das gerne f\u00fcr dich und tragen aktuelle Themen, Trends und interessante News aus unserer Branche zusammen, damit du zuk\u00fcnftig bestens informiert bleibst \u2013 mit &hellip; <a href=\"https:\/\/www.phorest.com\/de\/blog\/wilkommen-bei-the-pulse\/\">Continued<\/a><\/p>\n","protected":false},"author":40066,"featured_media":144653,"comment_status":"open","ping_status":"open","sticky":false,"template":"","format":"standard","meta":{"_acf_changed":false,"footnotes":""},"categories":[13153],"tags":[13157,13156,13154,13158,13155],"class_list":["post-144705","post","type-post","status-publish","format-standard","has-post-thumbnail","hentry","category-the-pulse-newsletter-de","tag-clinic-business-news-de","tag-salon-business-news-de","tag-salon-industry-news-de","tag-salon-industry-newsletter-de","tag-the-pulse-newsletter-de"],"acf":[],"yoast_head":"<!-- This site is optimized with the Yoast SEO plugin v25.1 - https:\/\/yoast.com\/wordpress\/plugins\/seo\/ -->\n<title>Willkommen bei The Pulse | Phorest<\/title>\n<meta name=\"description\" content=\"Willkommen bei The Pulse, dem Newsletter von Phorest f\u00fcr die Salonbranche, der dich \u00fcber alles informiert, was du f\u00fcr die Leitung deines Unternehmens wissen musst.\" \/>\n<meta name=\"robots\" content=\"index, follow, max-snippet:-1, max-image-preview:large, max-video-preview:-1\" \/>\n<link rel=\"canonical\" href=\"https:\/\/www.phorest.com\/de\/blog\/wilkommen-bei-the-pulse\/\" \/>\n<meta property=\"og:locale\" content=\"de_DE\" \/>\n<meta property=\"og:type\" content=\"article\" \/>\n<meta property=\"og:title\" content=\"Willkommen bei The Pulse | Phorest\" \/>\n<meta property=\"og:description\" content=\"Willkommen bei The Pulse, dem Newsletter von Phorest f\u00fcr die Salonbranche, der dich \u00fcber alles informiert, was du f\u00fcr die Leitung deines Unternehmens wissen musst.\" \/>\n<meta property=\"og:url\" content=\"https:\/\/www.phorest.com\/de\/blog\/wilkommen-bei-the-pulse\/\" \/>\n<meta property=\"og:site_name\" content=\"Phorest\" \/>\n<meta property=\"article:publisher\" content=\"https:\/\/www.facebook.com\/phorestsalonsoftware\" \/>\n<meta property=\"article:published_time\" content=\"2024-08-19T11:00:00+00:00\" \/>\n<meta property=\"og:image\" content=\"https:\/\/d2dfxqxblmblx4.cloudfront.net\/wp-content\/uploads\/2024\/08\/16093059\/The_Pulse_logo_TRNSPRT_BG-4-150x150.png\" \/>\n\t<meta property=\"og:image:width\" content=\"3508\" \/>\n\t<meta property=\"og:image:height\" content=\"2480\" \/>\n\t<meta property=\"og:image:type\" content=\"image\/png\" \/>\n<meta name=\"author\" content=\"Laura Hublitz\" \/>\n<meta name=\"twitter:card\" content=\"summary_large_image\" \/>\n<meta name=\"twitter:image\" content=\"https:\/\/d2dfxqxblmblx4.cloudfront.net\/wp-content\/uploads\/2024\/08\/16093059\/The_Pulse_logo_TRNSPRT_BG-4-150x150.png\" \/>\n<meta name=\"twitter:creator\" content=\"@thephorestword\" \/>\n<meta name=\"twitter:site\" content=\"@thephorestword\" \/>\n<meta name=\"twitter:label1\" content=\"Written by\" \/>\n\t<meta name=\"twitter:data1\" content=\"Laura Hublitz\" \/>\n\t<meta name=\"twitter:label2\" content=\"Est. reading time\" \/>\n\t<meta name=\"twitter:data2\" content=\"4 minutes\" \/>\n<script type=\"application\/ld+json\" class=\"yoast-schema-graph\">{\"@context\":\"https:\/\/schema.org\",\"@graph\":[{\"@type\":\"Article\",\"@id\":\"https:\/\/www.phorest.com\/de\/blog\/wilkommen-bei-the-pulse\/#article\",\"isPartOf\":{\"@id\":\"https:\/\/www.phorest.com\/de\/blog\/wilkommen-bei-the-pulse\/\"},\"author\":{\"name\":\"Laura Hublitz\",\"@id\":\"https:\/\/www.phorest.com\/de\/#\/schema\/person\/a9ca77a5b48a8cafc01af933cd5c6799\"},\"headline\":\"Willkommen bei The Pulse\",\"datePublished\":\"2024-08-19T11:00:00+00:00\",\"mainEntityOfPage\":{\"@id\":\"https:\/\/www.phorest.com\/de\/blog\/wilkommen-bei-the-pulse\/\"},\"wordCount\":749,\"commentCount\":0,\"publisher\":{\"@id\":\"https:\/\/www.phorest.com\/de\/#organization\"},\"image\":{\"@id\":\"https:\/\/www.phorest.com\/de\/blog\/wilkommen-bei-the-pulse\/#primaryimage\"},\"thumbnailUrl\":\"https:\/\/d2dfxqxblmblx4.cloudfront.net\/wp-content\/uploads\/2024\/08\/16093059\/The_Pulse_logo_TRNSPRT_BG-4.png\",\"keywords\":[\"clinic business news\",\"salon business news\",\"salon industry news\",\"salon industry newsletter\",\"the pulse newsletter\"],\"articleSection\":[\"The Pulse Newsletter\"],\"inLanguage\":\"de\",\"potentialAction\":[{\"@type\":\"CommentAction\",\"name\":\"Comment\",\"target\":[\"https:\/\/www.phorest.com\/de\/blog\/wilkommen-bei-the-pulse\/#respond\"]}]},{\"@type\":\"WebPage\",\"@id\":\"https:\/\/www.phorest.com\/de\/blog\/wilkommen-bei-the-pulse\/\",\"url\":\"https:\/\/www.phorest.com\/de\/blog\/wilkommen-bei-the-pulse\/\",\"name\":\"Willkommen bei The Pulse | Phorest\",\"isPartOf\":{\"@id\":\"https:\/\/www.phorest.com\/de\/#website\"},\"primaryImageOfPage\":{\"@id\":\"https:\/\/www.phorest.com\/de\/blog\/wilkommen-bei-the-pulse\/#primaryimage\"},\"image\":{\"@id\":\"https:\/\/www.phorest.com\/de\/blog\/wilkommen-bei-the-pulse\/#primaryimage\"},\"thumbnailUrl\":\"https:\/\/d2dfxqxblmblx4.cloudfront.net\/wp-content\/uploads\/2024\/08\/16093059\/The_Pulse_logo_TRNSPRT_BG-4.png\",\"datePublished\":\"2024-08-19T11:00:00+00:00\",\"description\":\"Willkommen bei The Pulse, dem Newsletter von Phorest f\u00fcr die Salonbranche, der dich \u00fcber alles informiert, was du f\u00fcr die Leitung deines Unternehmens wissen musst.\",\"breadcrumb\":{\"@id\":\"https:\/\/www.phorest.com\/de\/blog\/wilkommen-bei-the-pulse\/#breadcrumb\"},\"inLanguage\":\"de\",\"potentialAction\":[{\"@type\":\"ReadAction\",\"target\":[\"https:\/\/www.phorest.com\/de\/blog\/wilkommen-bei-the-pulse\/\"]}]},{\"@type\":\"ImageObject\",\"inLanguage\":\"de\",\"@id\":\"https:\/\/www.phorest.com\/de\/blog\/wilkommen-bei-the-pulse\/#primaryimage\",\"url\":\"https:\/\/d2dfxqxblmblx4.cloudfront.net\/wp-content\/uploads\/2024\/08\/16093059\/The_Pulse_logo_TRNSPRT_BG-4.png\",\"contentUrl\":\"https:\/\/d2dfxqxblmblx4.cloudfront.net\/wp-content\/uploads\/2024\/08\/16093059\/The_Pulse_logo_TRNSPRT_BG-4.png\",\"width\":3508,\"height\":2480},{\"@type\":\"BreadcrumbList\",\"@id\":\"https:\/\/www.phorest.com\/de\/blog\/wilkommen-bei-the-pulse\/#breadcrumb\",\"itemListElement\":[{\"@type\":\"ListItem\",\"position\":1,\"name\":\"Home\",\"item\":\"https:\/\/www.phorest.com\/de\/\"},{\"@type\":\"ListItem\",\"position\":2,\"name\":\"Willkommen bei The Pulse\"}]},{\"@type\":\"WebSite\",\"@id\":\"https:\/\/www.phorest.com\/de\/#website\",\"url\":\"https:\/\/www.phorest.com\/de\/\",\"name\":\"Phorest\",\"description\":\"Salon Software - Hair &amp; Beauty - UK for Spa Management &amp; Appointments\",\"publisher\":{\"@id\":\"https:\/\/www.phorest.com\/de\/#organization\"},\"potentialAction\":[{\"@type\":\"SearchAction\",\"target\":{\"@type\":\"EntryPoint\",\"urlTemplate\":\"https:\/\/www.phorest.com\/de\/?s={search_term_string}\"},\"query-input\":{\"@type\":\"PropertyValueSpecification\",\"valueRequired\":true,\"valueName\":\"search_term_string\"}}],\"inLanguage\":\"de\"},{\"@type\":\"Organization\",\"@id\":\"https:\/\/www.phorest.com\/de\/#organization\",\"name\":\"Phorest Salon Software\",\"url\":\"https:\/\/www.phorest.com\/de\/\",\"logo\":{\"@type\":\"ImageObject\",\"inLanguage\":\"de\",\"@id\":\"https:\/\/www.phorest.com\/de\/#\/schema\/logo\/image\/\",\"url\":\"https:\/\/d2dfxqxblmblx4.cloudfront.net\/wp-content\/uploads\/2019\/10\/24141402\/phorest-acorn-logo1.png\",\"contentUrl\":\"https:\/\/d2dfxqxblmblx4.cloudfront.net\/wp-content\/uploads\/2019\/10\/24141402\/phorest-acorn-logo1.png\",\"width\":201,\"height\":202,\"caption\":\"Phorest Salon Software\"},\"image\":{\"@id\":\"https:\/\/www.phorest.com\/de\/#\/schema\/logo\/image\/\"},\"sameAs\":[\"https:\/\/www.facebook.com\/phorestsalonsoftware\",\"https:\/\/x.com\/thephorestword\",\"https:\/\/instagram.com\/phorest_salon_software\",\"https:\/\/www.linkedin.com\/company\/phorest?trk=company_name\",\"https:\/\/www.pinterest.com\/phorestss\/\",\"https:\/\/plus.google.com\/u\/0\/b\/101418954139594616916\/101418954139594616916\/posts\/p\/pub\"]},{\"@type\":\"Person\",\"@id\":\"https:\/\/www.phorest.com\/de\/#\/schema\/person\/a9ca77a5b48a8cafc01af933cd5c6799\",\"name\":\"Laura Hublitz\",\"image\":{\"@type\":\"ImageObject\",\"inLanguage\":\"de\",\"@id\":\"https:\/\/www.phorest.com\/de\/#\/schema\/person\/image\/\",\"url\":\"https:\/\/d2dfxqxblmblx4.cloudfront.net\/wp-content\/uploads\/2021\/12\/01144634\/Pic-Laura-150x150.jpg\",\"contentUrl\":\"https:\/\/d2dfxqxblmblx4.cloudfront.net\/wp-content\/uploads\/2021\/12\/01144634\/Pic-Laura-150x150.jpg\",\"caption\":\"Laura Hublitz\"},\"description\":\"Laura Hublitz is a Marketing Associate here at Phorest Salon Software. While still a student, she worked part-time in online marketing, creating digital content that successfully connects businesses and customers. In her role, Laura helps communicate the latest product features in our German-speaking customer regions with the right marketing materials to target audiences \u2013 so salons can always get the most out of their Phorest software!\",\"sameAs\":[\"https:\/\/www.phorest.com\/de\/\",\"https:\/\/www.linkedin.com\/in\/laura-hublitz-2aa676117\/\"],\"url\":\"https:\/\/www.phorest.com\/de\/blog\/author\/laura-hublitz\/\"}]}<\/script>\n<!-- \/ Yoast SEO plugin. -->","yoast_head_json":{"title":"Willkommen bei The Pulse | Phorest","description":"Willkommen bei The Pulse, dem Newsletter von Phorest f\u00fcr die Salonbranche, der dich \u00fcber alles informiert, was du f\u00fcr die Leitung deines Unternehmens wissen musst.","robots":{"index":"index","follow":"follow","max-snippet":"max-snippet:-1","max-image-preview":"max-image-preview:large","max-video-preview":"max-video-preview:-1"},"canonical":"https:\/\/www.phorest.com\/de\/blog\/wilkommen-bei-the-pulse\/","og_locale":"de_DE","og_type":"article","og_title":"Willkommen bei The Pulse | Phorest","og_description":"Willkommen bei The Pulse, dem Newsletter von Phorest f\u00fcr die Salonbranche, der dich \u00fcber alles informiert, was du f\u00fcr die Leitung deines Unternehmens wissen musst.","og_url":"https:\/\/www.phorest.com\/de\/blog\/wilkommen-bei-the-pulse\/","og_site_name":"Phorest","article_publisher":"https:\/\/www.facebook.com\/phorestsalonsoftware","article_published_time":"2024-08-19T11:00:00+00:00","og_image":[{"width":3508,"height":2480,"url":"https:\/\/d2dfxqxblmblx4.cloudfront.net\/wp-content\/uploads\/2024\/08\/16093059\/The_Pulse_logo_TRNSPRT_BG-4-150x150.png","type":"image\/png"}],"author":"Laura Hublitz","twitter_card":"summary_large_image","twitter_image":"https:\/\/d2dfxqxblmblx4.cloudfront.net\/wp-content\/uploads\/2024\/08\/16093059\/The_Pulse_logo_TRNSPRT_BG-4-150x150.png","twitter_creator":"@thephorestword","twitter_site":"@thephorestword","twitter_misc":{"Written by":"Laura Hublitz","Est. reading time":"4 minutes"},"schema":{"@context":"https:\/\/schema.org","@graph":[{"@type":"Article","@id":"https:\/\/www.phorest.com\/de\/blog\/wilkommen-bei-the-pulse\/#article","isPartOf":{"@id":"https:\/\/www.phorest.com\/de\/blog\/wilkommen-bei-the-pulse\/"},"author":{"name":"Laura Hublitz","@id":"https:\/\/www.phorest.com\/de\/#\/schema\/person\/a9ca77a5b48a8cafc01af933cd5c6799"},"headline":"Willkommen bei The Pulse","datePublished":"2024-08-19T11:00:00+00:00","mainEntityOfPage":{"@id":"https:\/\/www.phorest.com\/de\/blog\/wilkommen-bei-the-pulse\/"},"wordCount":749,"commentCount":0,"publisher":{"@id":"https:\/\/www.phorest.com\/de\/#organization"},"image":{"@id":"https:\/\/www.phorest.com\/de\/blog\/wilkommen-bei-the-pulse\/#primaryimage"},"thumbnailUrl":"https:\/\/d2dfxqxblmblx4.cloudfront.net\/wp-content\/uploads\/2024\/08\/16093059\/The_Pulse_logo_TRNSPRT_BG-4.png","keywords":["clinic business news","salon business news","salon industry news","salon industry newsletter","the pulse newsletter"],"articleSection":["The Pulse Newsletter"],"inLanguage":"de","potentialAction":[{"@type":"CommentAction","name":"Comment","target":["https:\/\/www.phorest.com\/de\/blog\/wilkommen-bei-the-pulse\/#respond"]}]},{"@type":"WebPage","@id":"https:\/\/www.phorest.com\/de\/blog\/wilkommen-bei-the-pulse\/","url":"https:\/\/www.phorest.com\/de\/blog\/wilkommen-bei-the-pulse\/","name":"Willkommen bei The Pulse | Phorest","isPartOf":{"@id":"https:\/\/www.phorest.com\/de\/#website"},"primaryImageOfPage":{"@id":"https:\/\/www.phorest.com\/de\/blog\/wilkommen-bei-the-pulse\/#primaryimage"},"image":{"@id":"https:\/\/www.phorest.com\/de\/blog\/wilkommen-bei-the-pulse\/#primaryimage"},"thumbnailUrl":"https:\/\/d2dfxqxblmblx4.cloudfront.net\/wp-content\/uploads\/2024\/08\/16093059\/The_Pulse_logo_TRNSPRT_BG-4.png","datePublished":"2024-08-19T11:00:00+00:00","description":"Willkommen bei The Pulse, dem Newsletter von Phorest f\u00fcr die Salonbranche, der dich \u00fcber alles informiert, was du f\u00fcr die Leitung deines Unternehmens wissen musst.","breadcrumb":{"@id":"https:\/\/www.phorest.com\/de\/blog\/wilkommen-bei-the-pulse\/#breadcrumb"},"inLanguage":"de","potentialAction":[{"@type":"ReadAction","target":["https:\/\/www.phorest.com\/de\/blog\/wilkommen-bei-the-pulse\/"]}]},{"@type":"ImageObject","inLanguage":"de","@id":"https:\/\/www.phorest.com\/de\/blog\/wilkommen-bei-the-pulse\/#primaryimage","url":"https:\/\/d2dfxqxblmblx4.cloudfront.net\/wp-content\/uploads\/2024\/08\/16093059\/The_Pulse_logo_TRNSPRT_BG-4.png","contentUrl":"https:\/\/d2dfxqxblmblx4.cloudfront.net\/wp-content\/uploads\/2024\/08\/16093059\/The_Pulse_logo_TRNSPRT_BG-4.png","width":3508,"height":2480},{"@type":"BreadcrumbList","@id":"https:\/\/www.phorest.com\/de\/blog\/wilkommen-bei-the-pulse\/#breadcrumb","itemListElement":[{"@type":"ListItem","position":1,"name":"Home","item":"https:\/\/www.phorest.com\/de\/"},{"@type":"ListItem","position":2,"name":"Willkommen bei The Pulse"}]},{"@type":"WebSite","@id":"https:\/\/www.phorest.com\/de\/#website","url":"https:\/\/www.phorest.com\/de\/","name":"Phorest","description":"Salon Software - Hair &amp; Beauty - UK for Spa Management &amp; Appointments","publisher":{"@id":"https:\/\/www.phorest.com\/de\/#organization"},"potentialAction":[{"@type":"SearchAction","target":{"@type":"EntryPoint","urlTemplate":"https:\/\/www.phorest.com\/de\/?s={search_term_string}"},"query-input":{"@type":"PropertyValueSpecification","valueRequired":true,"valueName":"search_term_string"}}],"inLanguage":"de"},{"@type":"Organization","@id":"https:\/\/www.phorest.com\/de\/#organization","name":"Phorest Salon Software","url":"https:\/\/www.phorest.com\/de\/","logo":{"@type":"ImageObject","inLanguage":"de","@id":"https:\/\/www.phorest.com\/de\/#\/schema\/logo\/image\/","url":"https:\/\/d2dfxqxblmblx4.cloudfront.net\/wp-content\/uploads\/2019\/10\/24141402\/phorest-acorn-logo1.png","contentUrl":"https:\/\/d2dfxqxblmblx4.cloudfront.net\/wp-content\/uploads\/2019\/10\/24141402\/phorest-acorn-logo1.png","width":201,"height":202,"caption":"Phorest Salon Software"},"image":{"@id":"https:\/\/www.phorest.com\/de\/#\/schema\/logo\/image\/"},"sameAs":["https:\/\/www.facebook.com\/phorestsalonsoftware","https:\/\/x.com\/thephorestword","https:\/\/instagram.com\/phorest_salon_software","https:\/\/www.linkedin.com\/company\/phorest?trk=company_name","https:\/\/www.pinterest.com\/phorestss\/","https:\/\/plus.google.com\/u\/0\/b\/101418954139594616916\/101418954139594616916\/posts\/p\/pub"]},{"@type":"Person","@id":"https:\/\/www.phorest.com\/de\/#\/schema\/person\/a9ca77a5b48a8cafc01af933cd5c6799","name":"Laura Hublitz","image":{"@type":"ImageObject","inLanguage":"de","@id":"https:\/\/www.phorest.com\/de\/#\/schema\/person\/image\/","url":"https:\/\/d2dfxqxblmblx4.cloudfront.net\/wp-content\/uploads\/2021\/12\/01144634\/Pic-Laura-150x150.jpg","contentUrl":"https:\/\/d2dfxqxblmblx4.cloudfront.net\/wp-content\/uploads\/2021\/12\/01144634\/Pic-Laura-150x150.jpg","caption":"Laura Hublitz"},"description":"Laura Hublitz is a Marketing Associate here at Phorest Salon Software. While still a student, she worked part-time in online marketing, creating digital content that successfully connects businesses and customers. In her role, Laura helps communicate the latest product features in our German-speaking customer regions with the right marketing materials to target audiences \u2013 so salons can always get the most out of their Phorest software!","sameAs":["https:\/\/www.phorest.com\/de\/","https:\/\/www.linkedin.com\/in\/laura-hublitz-2aa676117\/"],"url":"https:\/\/www.phorest.com\/de\/blog\/author\/laura-hublitz\/"}]}},"_links":{"self":[{"href":"https:\/\/www.phorest.com\/de\/wp-json\/wp\/v2\/posts\/144705","targetHints":{"allow":["GET"]}}],"collection":[{"href":"https:\/\/www.phorest.com\/de\/wp-json\/wp\/v2\/posts"}],"about":[{"href":"https:\/\/www.phorest.com\/de\/wp-json\/wp\/v2\/types\/post"}],"author":[{"embeddable":true,"href":"https:\/\/www.phorest.com\/de\/wp-json\/wp\/v2\/users\/40066"}],"replies":[{"embeddable":true,"href":"https:\/\/www.phorest.com\/de\/wp-json\/wp\/v2\/comments?post=144705"}],"version-history":[{"count":1,"href":"https:\/\/www.phorest.com\/de\/wp-json\/wp\/v2\/posts\/144705\/revisions"}],"predecessor-version":[{"id":144717,"href":"https:\/\/www.phorest.com\/de\/wp-json\/wp\/v2\/posts\/144705\/revisions\/144717"}],"wp:featuredmedia":[{"embeddable":true,"href":"https:\/\/www.phorest.com\/de\/wp-json\/wp\/v2\/media\/144653"}],"wp:attachment":[{"href":"https:\/\/www.phorest.com\/de\/wp-json\/wp\/v2\/media?parent=144705"}],"wp:term":[{"taxonomy":"category","embeddable":true,"href":"https:\/\/www.phorest.com\/de\/wp-json\/wp\/v2\/categories?post=144705"},{"taxonomy":"post_tag","embeddable":true,"href":"https:\/\/www.phorest.com\/de\/wp-json\/wp\/v2\/tags?post=144705"}],"curies":[{"name":"wp","href":"https:\/\/api.w.org\/{rel}","templated":true}]}}