{"id":154618,"date":"2025-04-10T10:59:53","date_gmt":"2025-04-10T10:59:53","guid":{"rendered":"https:\/\/www.phorest.com\/?p=154618"},"modified":"2025-04-10T11:00:11","modified_gmt":"2025-04-10T11:00:11","slug":"tophair-2025","status":"publish","type":"post","link":"https:\/\/www.phorest.com\/de\/blog\/tophair-2025\/","title":{"rendered":"Rosa Schweinchen und goldenes Trinkgeld: Unser TOP HAIR Wochenende 2025"},"content":{"rendered":"\n<p>Die sch\u00f6nste Zeit des Jahres: F\u00fcr viele Menschen der Dezember und Weihnachten. Nicht so in der Friseur:innenbranche! Wir fiebern jedes Jahr aus einem ganz besonderen Grund auf den M\u00e4rz hin: Die TOP HAIR Messe in D\u00fcsseldorf. Und auch dieses Jahr waren wir wieder mittendrin. Sich mit Kolleg:innen austauschen, neue Innovationen bestaunen und Goodies einsammeln: 27.000 Besuchende waren dieses Jahr dabei. Die TOP HAIR&nbsp; ist und bleibt einfach ein gro\u00dfartiger Ort der Begegnung.<\/p>\n\n\n\n<p>Du hast es dieses Jahr nicht geschafft oder m\u00f6chtest das Wochenende einfach nochmal Revue passieren lassen? Wir nehmen dich mit und berichten \u00fcber unser TOP HAIR Wochenende.<\/p>\n\n\n\n<h3 class=\"wp-block-heading\">Freitag, 28.03.:<\/h3>\n\n\n\n<p>Gegen Mittag fiel der inoffizielle Startschuss: Gro\u00dfe, kleine, schwere und leichte Kartons wurden die Treppen unseres B\u00fcros in K\u00f6ln heruntertragen: Eine Messe rockt sich schlie\u00dflich nicht von allein. Der wichtigste Teilnehmer und heimliche Star neben unserem Team: Das rosa Schweinchen Pay (dazu sp\u00e4ter mehr). Der Transporter stand bereit und wurde vollgepackt mit allem, was ein Phorest Stand so braucht. Dann ging es auch schon los &#8211; ab nach D\u00fcsseldorf.&nbsp;<\/p>\n\n\n\n<p>In der Messehalle 16 liegt der ikonische, lila Teppich noch nicht, aber unser zauberhafter Stand steht. Letzte Vorkehrungen wurden getroffen, bevor wir uns f\u00fcr das letzte Mal schlafen bis zum Messestart nach Hause verabschiedet haben.<\/p>\n\n\n\n<figure class=\"wp-block-image size-full\"><img loading=\"lazy\" decoding=\"async\" width=\"528\" height=\"939\" src=\"https:\/\/d2dfxqxblmblx4.cloudfront.net\/wp-content\/uploads\/2025\/04\/10095913\/Gros-IMG_0291-edited-1.jpeg\" alt=\"\" class=\"wp-image-154791\" srcset=\"https:\/\/d2dfxqxblmblx4.cloudfront.net\/wp-content\/uploads\/2025\/04\/10095913\/Gros-IMG_0291-edited-1.jpeg 528w, https:\/\/d2dfxqxblmblx4.cloudfront.net\/wp-content\/uploads\/2025\/04\/10095913\/Gros-IMG_0291-edited-1-169x300.jpeg 169w\" sizes=\"auto, (max-width: 528px) 100vw, 528px\" \/><\/figure>\n\n\n\n<p><\/p>\n\n\n\n<h3 class=\"wp-block-heading\">Samstag, 29.03.:<\/h3>\n\n\n\n<p>Messebeginn um Punkt 12 Uhr: Und die Hallen f\u00fcllten sich schnell. Sowohl neue Kund:innen als auch treue Bestandskundschaft durften wir an unserem Stand begr\u00fc\u00dfen. Der Hingucker waren nat\u00fcrlich unsere rosa Schweinchen Pay. Die s\u00fc\u00dfen Anti-Stress Schweinchen stehen f\u00fcr unsere neue, digitale Trinkgeldrevolution <a href=\"https:\/\/www.phorest.com\/de\/funktionen\/bargeldloses-trinkgeld\/\" target=\"_blank\" rel=\"noreferrer noopener\">PhorestTips<\/a>. Aber auch mit goldenen Trinkgeldtalern aus Schokolade und k\u00fchlen Energydrinks konnten wir bei unseren Standbesuchenden punkten.<\/p>\n\n\n\n<figure class=\"wp-block-image size-medium\"><img loading=\"lazy\" decoding=\"async\" width=\"225\" height=\"300\" src=\"https:\/\/d2dfxqxblmblx4.cloudfront.net\/wp-content\/uploads\/2025\/04\/10101246\/IMG_6517-1-225x300.jpeg\" alt=\"\" class=\"wp-image-154890\" srcset=\"https:\/\/d2dfxqxblmblx4.cloudfront.net\/wp-content\/uploads\/2025\/04\/10101246\/IMG_6517-1-225x300.jpeg 225w, https:\/\/d2dfxqxblmblx4.cloudfront.net\/wp-content\/uploads\/2025\/04\/10101246\/IMG_6517-1-768x1024.jpeg 768w, https:\/\/d2dfxqxblmblx4.cloudfront.net\/wp-content\/uploads\/2025\/04\/10101246\/IMG_6517-1-1152x1536.jpeg 1152w, https:\/\/d2dfxqxblmblx4.cloudfront.net\/wp-content\/uploads\/2025\/04\/10101246\/IMG_6517-1-1536x2048.jpeg 1536w\" sizes=\"auto, (max-width: 225px) 100vw, 225px\" \/><\/figure>\n\n\n\n<p>Besonders sch\u00f6n war es auch, tolle Menschen wiederzutreffen, mit denen wir seit vielen Jahren eng zusammenarbeiten. Dazu geh\u00f6ren beispielsweise Leandro, Antonio und Cosima Morante von <a href=\"https:\/\/morante.de\/\" target=\"_blank\" rel=\"noreferrer noopener\">Morante Hair <\/a>und <a href=\"https:\/\/www.inbedi.de\/?fbclid=PAZXh0bgNhZW0CMTEAAaeDb5KcAZeD8eyq3rnS_axMR2JuqJ4U682UHRtaRLYITmHVyLuqyd7aHyzxAw_aem_CQ3hCPtt9M-KX6bupK3wkw\" target=\"_blank\" rel=\"noreferrer noopener\">Raffaele Guerra<\/a>. Verbindungen schaffen und unsere Gemeinschaft st\u00e4rken ist f\u00fcr uns ein wichtiger Teil der TOP HAIR Messe.<\/p>\n\n\n\n<div class=\"wp-block-columns is-layout-flex wp-container-core-columns-is-layout-1 wp-block-columns-is-layout-flex\">\n<div class=\"wp-block-column is-layout-flow wp-block-column-is-layout-flow\">\n<figure class=\"wp-block-image size-large\"><img loading=\"lazy\" decoding=\"async\" width=\"768\" height=\"1024\" src=\"https:\/\/d2dfxqxblmblx4.cloudfront.net\/wp-content\/uploads\/2025\/04\/10095422\/Gros-IMG_0176-768x1024.jpeg\" alt=\"\" class=\"wp-image-154755\" srcset=\"https:\/\/d2dfxqxblmblx4.cloudfront.net\/wp-content\/uploads\/2025\/04\/10095422\/Gros-IMG_0176-768x1024.jpeg 768w, https:\/\/d2dfxqxblmblx4.cloudfront.net\/wp-content\/uploads\/2025\/04\/10095422\/Gros-IMG_0176-225x300.jpeg 225w, https:\/\/d2dfxqxblmblx4.cloudfront.net\/wp-content\/uploads\/2025\/04\/10095422\/Gros-IMG_0176.jpeg 960w\" sizes=\"auto, (max-width: 768px) 100vw, 768px\" \/><figcaption>Unser Support Team Lead Fotios mit Familie Morante<\/figcaption><\/figure>\n<\/div>\n\n\n\n<div class=\"wp-block-column is-layout-flow wp-block-column-is-layout-flow\">\n<figure class=\"wp-block-image size-large\"><img loading=\"lazy\" decoding=\"async\" width=\"768\" height=\"1024\" src=\"https:\/\/d2dfxqxblmblx4.cloudfront.net\/wp-content\/uploads\/2025\/04\/10095435\/Gros-IMG_0177-768x1024.jpeg\" alt=\"\" class=\"wp-image-154764\" srcset=\"https:\/\/d2dfxqxblmblx4.cloudfront.net\/wp-content\/uploads\/2025\/04\/10095435\/Gros-IMG_0177-768x1024.jpeg 768w, https:\/\/d2dfxqxblmblx4.cloudfront.net\/wp-content\/uploads\/2025\/04\/10095435\/Gros-IMG_0177-225x300.jpeg 225w, https:\/\/d2dfxqxblmblx4.cloudfront.net\/wp-content\/uploads\/2025\/04\/10095435\/Gros-IMG_0177.jpeg 960w\" sizes=\"auto, (max-width: 768px) 100vw, 768px\" \/><figcaption>Unsere Marketing Executive Ann-Kathrin mit Raffaele Guerra<\/figcaption><\/figure>\n<\/div>\n<\/div>\n\n\n\n<p>Am Samstagabend stand die renommierte TOP SALON Verleihung an. Wir waren als Sponsor des Digital Business Awards dabei und unsere Chief of Staff Evelyn Wolf durfte den Award an den Gewinner, <a href=\"https:\/\/www.mehlfeld-friseur.de\/\" target=\"_blank\" rel=\"noreferrer noopener\">Salon Mehlfeld,<\/a> \u00fcbergeben.&nbsp;Besonders stolz sind wir auf unsere Phorest Salons <a href=\"https:\/\/www.haarkunst-niki.de\/\" target=\"_blank\" rel=\"noreferrer noopener\">HAARKUNST <\/a>(Gewinner der Kategorie Design) und <a href=\"https:\/\/haar-beauty.de\/\" target=\"_blank\" rel=\"noreferrer noopener\">Haar &amp; Beauty Zauber by ute berg<\/a> (Nominiert in den Kategorien Eco Future und Employer): Herzlichen Gl\u00fcckwunsch ihr Lieben!<\/p>\n\n\n\n<div class=\"wp-block-columns is-layout-flex wp-container-core-columns-is-layout-3 wp-block-columns-is-layout-flex\">\n<div class=\"wp-block-column is-layout-flow wp-block-column-is-layout-flow\" style=\"flex-basis:100%\">\n<div class=\"wp-block-group\"><div class=\"wp-block-group__inner-container is-layout-flow wp-block-group-is-layout-flow\">\n<div class=\"wp-block-columns is-layout-flex wp-container-core-columns-is-layout-2 wp-block-columns-is-layout-flex\">\n<div class=\"wp-block-column is-layout-flow wp-block-column-is-layout-flow\" style=\"flex-basis:100%\">\n<div class=\"wp-block-image\"><figure class=\"aligncenter size-large\"><img loading=\"lazy\" decoding=\"async\" width=\"591\" height=\"1051\" src=\"https:\/\/d2dfxqxblmblx4.cloudfront.net\/wp-content\/uploads\/2025\/04\/10100326\/Gros-IMG_0281-1-1-edited.jpeg\" alt=\"\" class=\"wp-image-154836\" srcset=\"https:\/\/d2dfxqxblmblx4.cloudfront.net\/wp-content\/uploads\/2025\/04\/10100326\/Gros-IMG_0281-1-1-edited.jpeg 591w, https:\/\/d2dfxqxblmblx4.cloudfront.net\/wp-content\/uploads\/2025\/04\/10100326\/Gros-IMG_0281-1-1-edited-169x300.jpeg 169w, https:\/\/d2dfxqxblmblx4.cloudfront.net\/wp-content\/uploads\/2025\/04\/10100326\/Gros-IMG_0281-1-1-edited-576x1024.jpeg 576w\" sizes=\"auto, (max-width: 591px) 100vw, 591px\" \/><figcaption>Unsere Chief of Staff Evelyn auf der TOP SALON Award B\u00fchne<\/figcaption><\/figure><\/div>\n<\/div>\n<\/div>\n<\/div><\/div>\n<\/div>\n<\/div>\n\n\n\n<p>Nach dem Ansto\u00dfen auf der Afterparty ging es f\u00fcr uns nach Hause, beziehungsweise zur\u00fcck in unser AirBnB, um Energie f\u00fcr einen weiteren, spannenden Messetag zu tanken.<\/p>\n\n\n\n<h3 class=\"wp-block-heading\">Sonntag, 30.03.:<\/h3>\n\n\n\n<p>P\u00fcnktlich gegen 9 Uhr haben wir uns alle wieder am Messestand eingefunden. Der K\u00fchlschrank wurde mit neuen Energydrinks best\u00fcckt und unsere Schweinchen wurden nachgef\u00fcllt: Wir waren ready f\u00fcr einen weiteren TOP HAIR Tag.&nbsp; Vor dem Start hatten wir auch noch etwas Zeit, lustige Instagram Reels zu filmen.&nbsp;<br><\/p>\n\n\n\n<p>Auch Sonntag gab es bei uns am Stand gute Laune und umso bessere Gespr\u00e4che. Auch die <a href=\"https:\/\/b-a-b.club\/\" target=\"_blank\" rel=\"noreferrer noopener\">Barber Angels Brotherhood<\/a>, die ehrenamtlich Menschen in Not die Haare schneiden, haben uns wieder an unserem Stand besucht. Die TOP HAIR hat uns erneut gezeigt, dass wir Teil einer gro\u00dfartigen Community sind, die wir mit der bestm\u00f6glichen All-In-One-Software begleiten wollen.<\/p>\n\n\n\n<figure class=\"wp-block-image size-large\"><img loading=\"lazy\" decoding=\"async\" width=\"1024\" height=\"768\" src=\"https:\/\/d2dfxqxblmblx4.cloudfront.net\/wp-content\/uploads\/2025\/04\/10100440\/Gros-IMG_6534-1024x768.jpeg\" alt=\"\" class=\"wp-image-154845\" srcset=\"https:\/\/d2dfxqxblmblx4.cloudfront.net\/wp-content\/uploads\/2025\/04\/10100440\/Gros-IMG_6534-1024x768.jpeg 1024w, https:\/\/d2dfxqxblmblx4.cloudfront.net\/wp-content\/uploads\/2025\/04\/10100440\/Gros-IMG_6534-300x225.jpeg 300w, https:\/\/d2dfxqxblmblx4.cloudfront.net\/wp-content\/uploads\/2025\/04\/10100440\/Gros-IMG_6534-768x576.jpeg 768w, https:\/\/d2dfxqxblmblx4.cloudfront.net\/wp-content\/uploads\/2025\/04\/10100440\/Gros-IMG_6534.jpeg 1280w\" sizes=\"auto, (max-width: 1024px) 100vw, 1024px\" \/><figcaption>Unsere Principal Sales Managerin Silke mit den Barber Angels<\/figcaption><\/figure>\n\n\n\n<p>Wie in jedem Jahr bot die TOP HAIR wieder spannende Workshops, Vortr\u00e4ge und neue Eindr\u00fccke. Auch wir durften mit <a href=\"https:\/\/www.phorest.com\/de\/funktionen\/bargeldloses-trinkgeld\/\" target=\"_blank\" rel=\"noreferrer noopener\">PhorestTips <\/a>auf der Workshop B\u00fchne stehen und dem Publikum vorstellen, wie einfach und lohnenswert digitales Trinkgeld sein kann. Im Schnitt bekommen Mitarbeitende mit <a href=\"https:\/\/www.phorest.com\/de\/funktionen\/bargeldloses-trinkgeld\/\" target=\"_blank\" rel=\"noreferrer noopener\">PhorestTips <\/a>n\u00e4mlich 25 % mehr Trinkgeld und das direkt auf ihr Bankkonto. Dabei ist kein Umweg \u00fcber das Unternehmenskonto mehr n\u00f6tig. Bye bye, Steuersorgen! <\/p>\n\n\n\n<p>Mit auf der B\u00fchne standen neben unserem PhorestPay-Experten Ben Z\u00fctphen und unserer Chief of Staff Evelyn Wolf auch zwei Kundinnen, die<a href=\"https:\/\/www.phorest.com\/de\/funktionen\/bargeldloses-trinkgeld\/\" target=\"_blank\" rel=\"noreferrer noopener\"> PhorestTips<\/a> bereits erfolgreich getestet haben: Charlene Legouez von<a href=\"https:\/\/www.modshair-privilege.de\/ueber-uns\/\" target=\"_blank\" rel=\"noreferrer noopener\"> mod\u2019s hair privil\u00e8ge<\/a> und Linda Rauthe von <a href=\"https:\/\/www.lindarauthe-hairart.de\/\" target=\"_blank\" rel=\"noreferrer noopener\">Linda Rauthe Hairart<\/a>.<\/p>\n\n\n\n<div class=\"wp-block-columns is-layout-flex wp-container-core-columns-is-layout-4 wp-block-columns-is-layout-flex\">\n<div class=\"wp-block-column is-layout-flow wp-block-column-is-layout-flow\">\n<figure class=\"wp-block-image size-large\"><img loading=\"lazy\" decoding=\"async\" width=\"699\" height=\"1000\" src=\"https:\/\/d2dfxqxblmblx4.cloudfront.net\/wp-content\/uploads\/2025\/04\/10105524\/Gros-Jenny-Ben-Charlene-von-Mods-Hair.jpg\" alt=\"\" class=\"wp-image-154921\" srcset=\"https:\/\/d2dfxqxblmblx4.cloudfront.net\/wp-content\/uploads\/2025\/04\/10105524\/Gros-Jenny-Ben-Charlene-von-Mods-Hair.jpg 699w, https:\/\/d2dfxqxblmblx4.cloudfront.net\/wp-content\/uploads\/2025\/04\/10105524\/Gros-Jenny-Ben-Charlene-von-Mods-Hair-210x300.jpg 210w\" sizes=\"auto, (max-width: 699px) 100vw, 699px\" \/><figcaption>Unsere Senior Business Beraterin Jenny und unser Pay Executive Ben mit Charlene Legouez<\/figcaption><\/figure>\n<\/div>\n\n\n\n<div class=\"wp-block-column is-layout-flow wp-block-column-is-layout-flow\">\n<figure class=\"wp-block-image size-large\"><img loading=\"lazy\" decoding=\"async\" width=\"699\" height=\"1000\" src=\"https:\/\/d2dfxqxblmblx4.cloudfront.net\/wp-content\/uploads\/2025\/04\/10105556\/IMG_0213.jpg\" alt=\"\" class=\"wp-image-154930\" srcset=\"https:\/\/d2dfxqxblmblx4.cloudfront.net\/wp-content\/uploads\/2025\/04\/10105556\/IMG_0213.jpg 699w, https:\/\/d2dfxqxblmblx4.cloudfront.net\/wp-content\/uploads\/2025\/04\/10105556\/IMG_0213-210x300.jpg 210w\" sizes=\"auto, (max-width: 699px) 100vw, 699px\" \/><figcaption>Unsere Chief of Staff Evelyn und unser Pay Executive Ben mit Linda Rauthe<\/figcaption><\/figure>\n<\/div>\n<\/div>\n\n\n\n<p>Am Sonntagabend war dann alles wieder so schnell vorbei. Wir hatten ein gro\u00dfartiges Wochenende und haben uns m\u00fcde, aber sehr gl\u00fccklich und mit tollen Gespr\u00e4chen im Herzen auf den Heimweg gemacht. Bis zum n\u00e4chsten Jahr!<\/p>\n\n\n\n<h3 class=\"wp-block-heading\">Nach der TOP HAIR ist vor der TOP HAIR<\/h3>\n\n\n\n<p>Wart ihr dieses Jahr auf der TOP HAIR mit dabei? Wie hat es euch gefallen? Habt ihr ein Schweinchen Pay ergattern k\u00f6nnen?<\/p>\n\n\n\n<p>Falls ihr nicht dabei wart, schaut gerne auf unserem<a href=\"https:\/\/www.instagram.com\/phorestgermany\/\" target=\"_blank\" rel=\"noreferrer noopener\"> Instagram Account<\/a> f\u00fcr mehr Videos zum Thema TOP HAIR 2025 vorbei. Hier findet ihr auch eine knackige Videozusammenfassung des Wochenendes.<\/p>\n\n\n\n<p>Wenn ihr uns auf der Messe nicht gesprochen habt, aber gerne noch mehr \u00fcber Phorest erfahren wollt, dann bucht euch gerne eine unverbindliche<a href=\"https:\/\/www.phorest.com\/de\/custom-demo\/?request_type=Demo%20request\" target=\"_blank\" rel=\"noreferrer noopener\"> Demo<\/a> mit unserem Team.<\/p>\n\n\n\n<p>Together, We Grow.<\/p>\n","protected":false},"excerpt":{"rendered":"<p>Die sch\u00f6nste Zeit des Jahres: F\u00fcr viele Menschen der Dezember und Weihnachten. Nicht so in der Friseur:innenbranche! Wir fiebern jedes Jahr aus einem ganz besonderen Grund auf den M\u00e4rz hin: Die TOP HAIR Messe in D\u00fcsseldorf. Und auch dieses Jahr waren wir wieder mittendrin. Sich mit Kolleg:innen austauschen, neue Innovationen bestaunen und Goodies einsammeln: 27.000 &hellip; <a href=\"https:\/\/www.phorest.com\/de\/blog\/tophair-2025\/\">Continued<\/a><\/p>\n","protected":false},"author":40112,"featured_media":154872,"comment_status":"open","ping_status":"open","sticky":false,"template":"","format":"standard","meta":{"_acf_changed":false,"footnotes":""},"categories":[3748],"tags":[12630,9372],"class_list":["post-154618","post","type-post","status-publish","format-standard","has-post-thumbnail","hentry","category-news-events","tag-event-2","tag-top-hair-messe"],"acf":[],"yoast_head":"<!-- This site is optimized with the Yoast SEO plugin v25.1 - https:\/\/yoast.com\/wordpress\/plugins\/seo\/ -->\n<title>Rosa Schweinchen und goldenes Trinkgeld: Unser TOP HAIR Wochenende 2025 | Phorest<\/title>\n<meta name=\"description\" content=\"Wir fiebern jedes Jahr aus einem ganz besonderen Grund auf den M\u00e4rz hin: Die TOP HAIR Messe. Auch dieses Jahr waren wir mittendrin und nehmen euch mit!\" \/>\n<meta name=\"robots\" content=\"index, follow, max-snippet:-1, max-image-preview:large, max-video-preview:-1\" \/>\n<link rel=\"canonical\" href=\"https:\/\/www.phorest.com\/de\/blog\/tophair-2025\/\" \/>\n<meta property=\"og:locale\" content=\"de_DE\" \/>\n<meta property=\"og:type\" content=\"article\" \/>\n<meta property=\"og:title\" content=\"Rosa Schweinchen und goldenes Trinkgeld: Unser TOP HAIR Wochenende 2025 | Phorest\" \/>\n<meta property=\"og:description\" content=\"Wir fiebern jedes Jahr aus einem ganz besonderen Grund auf den M\u00e4rz hin: Die TOP HAIR Messe. Auch dieses Jahr waren wir mittendrin und nehmen euch mit!\" \/>\n<meta property=\"og:url\" content=\"https:\/\/www.phorest.com\/de\/blog\/tophair-2025\/\" \/>\n<meta property=\"og:site_name\" content=\"Phorest\" \/>\n<meta property=\"article:publisher\" content=\"https:\/\/www.facebook.com\/phorestsalonsoftware\" \/>\n<meta property=\"article:published_time\" content=\"2025-04-10T10:59:53+00:00\" \/>\n<meta property=\"article:modified_time\" content=\"2025-04-10T11:00:11+00:00\" \/>\n<meta property=\"og:image\" content=\"https:\/\/d2dfxqxblmblx4.cloudfront.net\/wp-content\/uploads\/2025\/04\/10100754\/Gros-IMG_0100-4-2-150x150.jpeg\" \/>\n\t<meta property=\"og:image:width\" content=\"1280\" \/>\n\t<meta property=\"og:image:height\" content=\"1206\" \/>\n\t<meta property=\"og:image:type\" content=\"image\/jpeg\" \/>\n<meta name=\"author\" content=\"Emily Megger\" \/>\n<meta name=\"twitter:card\" content=\"summary_large_image\" \/>\n<meta name=\"twitter:image\" content=\"https:\/\/d2dfxqxblmblx4.cloudfront.net\/wp-content\/uploads\/2025\/04\/10100754\/Gros-IMG_0100-4-2-150x150.jpeg\" \/>\n<meta name=\"twitter:creator\" content=\"@thephorestword\" \/>\n<meta name=\"twitter:site\" content=\"@thephorestword\" \/>\n<meta name=\"twitter:label1\" content=\"Written by\" \/>\n\t<meta name=\"twitter:data1\" content=\"Emily Megger\" \/>\n\t<meta name=\"twitter:label2\" content=\"Est. reading time\" \/>\n\t<meta name=\"twitter:data2\" content=\"6 minutes\" \/>\n<script type=\"application\/ld+json\" class=\"yoast-schema-graph\">{\"@context\":\"https:\/\/schema.org\",\"@graph\":[{\"@type\":\"Article\",\"@id\":\"https:\/\/www.phorest.com\/de\/blog\/tophair-2025\/#article\",\"isPartOf\":{\"@id\":\"https:\/\/www.phorest.com\/de\/blog\/tophair-2025\/\"},\"author\":{\"name\":\"Emily Megger\",\"@id\":\"https:\/\/www.phorest.com\/de\/#\/schema\/person\/bdcb44e855e335e92c7f82d3e078d358\"},\"headline\":\"Rosa Schweinchen und goldenes Trinkgeld: Unser TOP HAIR Wochenende 2025\",\"datePublished\":\"2025-04-10T10:59:53+00:00\",\"dateModified\":\"2025-04-10T11:00:11+00:00\",\"mainEntityOfPage\":{\"@id\":\"https:\/\/www.phorest.com\/de\/blog\/tophair-2025\/\"},\"wordCount\":861,\"commentCount\":0,\"publisher\":{\"@id\":\"https:\/\/www.phorest.com\/de\/#organization\"},\"image\":{\"@id\":\"https:\/\/www.phorest.com\/de\/blog\/tophair-2025\/#primaryimage\"},\"thumbnailUrl\":\"https:\/\/d2dfxqxblmblx4.cloudfront.net\/wp-content\/uploads\/2025\/04\/10100754\/Gros-IMG_0100-4-2.jpeg\",\"keywords\":[\"event\",\"Top Hair Messe\"],\"articleSection\":[\"News &amp; Events\"],\"inLanguage\":\"de\",\"potentialAction\":[{\"@type\":\"CommentAction\",\"name\":\"Comment\",\"target\":[\"https:\/\/www.phorest.com\/de\/blog\/tophair-2025\/#respond\"]}]},{\"@type\":\"WebPage\",\"@id\":\"https:\/\/www.phorest.com\/de\/blog\/tophair-2025\/\",\"url\":\"https:\/\/www.phorest.com\/de\/blog\/tophair-2025\/\",\"name\":\"Rosa Schweinchen und goldenes Trinkgeld: Unser TOP HAIR Wochenende 2025 | Phorest\",\"isPartOf\":{\"@id\":\"https:\/\/www.phorest.com\/de\/#website\"},\"primaryImageOfPage\":{\"@id\":\"https:\/\/www.phorest.com\/de\/blog\/tophair-2025\/#primaryimage\"},\"image\":{\"@id\":\"https:\/\/www.phorest.com\/de\/blog\/tophair-2025\/#primaryimage\"},\"thumbnailUrl\":\"https:\/\/d2dfxqxblmblx4.cloudfront.net\/wp-content\/uploads\/2025\/04\/10100754\/Gros-IMG_0100-4-2.jpeg\",\"datePublished\":\"2025-04-10T10:59:53+00:00\",\"dateModified\":\"2025-04-10T11:00:11+00:00\",\"description\":\"Wir fiebern jedes Jahr aus einem ganz besonderen Grund auf den M\u00e4rz hin: Die TOP HAIR Messe. Auch dieses Jahr waren wir mittendrin und nehmen euch mit!\",\"breadcrumb\":{\"@id\":\"https:\/\/www.phorest.com\/de\/blog\/tophair-2025\/#breadcrumb\"},\"inLanguage\":\"de\",\"potentialAction\":[{\"@type\":\"ReadAction\",\"target\":[\"https:\/\/www.phorest.com\/de\/blog\/tophair-2025\/\"]}]},{\"@type\":\"ImageObject\",\"inLanguage\":\"de\",\"@id\":\"https:\/\/www.phorest.com\/de\/blog\/tophair-2025\/#primaryimage\",\"url\":\"https:\/\/d2dfxqxblmblx4.cloudfront.net\/wp-content\/uploads\/2025\/04\/10100754\/Gros-IMG_0100-4-2.jpeg\",\"contentUrl\":\"https:\/\/d2dfxqxblmblx4.cloudfront.net\/wp-content\/uploads\/2025\/04\/10100754\/Gros-IMG_0100-4-2.jpeg\",\"width\":1280,\"height\":1206,\"caption\":\"Unser Team TOP HAIR Messe 2025!\"},{\"@type\":\"BreadcrumbList\",\"@id\":\"https:\/\/www.phorest.com\/de\/blog\/tophair-2025\/#breadcrumb\",\"itemListElement\":[{\"@type\":\"ListItem\",\"position\":1,\"name\":\"Home\",\"item\":\"https:\/\/www.phorest.com\/de\/\"},{\"@type\":\"ListItem\",\"position\":2,\"name\":\"Rosa Schweinchen und goldenes Trinkgeld: Unser TOP HAIR Wochenende 2025\"}]},{\"@type\":\"WebSite\",\"@id\":\"https:\/\/www.phorest.com\/de\/#website\",\"url\":\"https:\/\/www.phorest.com\/de\/\",\"name\":\"Phorest\",\"description\":\"Salon Software - Hair &amp; Beauty - UK for Spa Management &amp; Appointments\",\"publisher\":{\"@id\":\"https:\/\/www.phorest.com\/de\/#organization\"},\"potentialAction\":[{\"@type\":\"SearchAction\",\"target\":{\"@type\":\"EntryPoint\",\"urlTemplate\":\"https:\/\/www.phorest.com\/de\/?s={search_term_string}\"},\"query-input\":{\"@type\":\"PropertyValueSpecification\",\"valueRequired\":true,\"valueName\":\"search_term_string\"}}],\"inLanguage\":\"de\"},{\"@type\":\"Organization\",\"@id\":\"https:\/\/www.phorest.com\/de\/#organization\",\"name\":\"Phorest Salon Software\",\"url\":\"https:\/\/www.phorest.com\/de\/\",\"logo\":{\"@type\":\"ImageObject\",\"inLanguage\":\"de\",\"@id\":\"https:\/\/www.phorest.com\/de\/#\/schema\/logo\/image\/\",\"url\":\"https:\/\/d2dfxqxblmblx4.cloudfront.net\/wp-content\/uploads\/2019\/10\/24141402\/phorest-acorn-logo1.png\",\"contentUrl\":\"https:\/\/d2dfxqxblmblx4.cloudfront.net\/wp-content\/uploads\/2019\/10\/24141402\/phorest-acorn-logo1.png\",\"width\":201,\"height\":202,\"caption\":\"Phorest Salon Software\"},\"image\":{\"@id\":\"https:\/\/www.phorest.com\/de\/#\/schema\/logo\/image\/\"},\"sameAs\":[\"https:\/\/www.facebook.com\/phorestsalonsoftware\",\"https:\/\/x.com\/thephorestword\",\"https:\/\/instagram.com\/phorest_salon_software\",\"https:\/\/www.linkedin.com\/company\/phorest?trk=company_name\",\"https:\/\/www.pinterest.com\/phorestss\/\",\"https:\/\/plus.google.com\/u\/0\/b\/101418954139594616916\/101418954139594616916\/posts\/p\/pub\"]},{\"@type\":\"Person\",\"@id\":\"https:\/\/www.phorest.com\/de\/#\/schema\/person\/bdcb44e855e335e92c7f82d3e078d358\",\"name\":\"Emily Megger\",\"image\":{\"@type\":\"ImageObject\",\"inLanguage\":\"de\",\"@id\":\"https:\/\/www.phorest.com\/de\/#\/schema\/person\/image\/\",\"url\":\"https:\/\/d2dfxqxblmblx4.cloudfront.net\/wp-content\/uploads\/2025\/03\/05093707\/IMG_2683-150x150.jpg\",\"contentUrl\":\"https:\/\/d2dfxqxblmblx4.cloudfront.net\/wp-content\/uploads\/2025\/03\/05093707\/IMG_2683-150x150.jpg\",\"caption\":\"Emily Megger\"},\"description\":\"Emily is our Content and Social Media Specialist here at Phorest Salon Software. She studied journalism and cultural studies in Germany and France. She loves connecting creativity and strategy in the marketing field. She incorporates her personal passion for the beauty industry into our social media channels, articles, emails and more. She also organises our events.\",\"sameAs\":[\"https:\/\/www.phorest.com\/de\"],\"url\":\"https:\/\/www.phorest.com\/de\/blog\/author\/emily_megger\/\"}]}<\/script>\n<!-- \/ Yoast SEO plugin. -->","yoast_head_json":{"title":"Rosa Schweinchen und goldenes Trinkgeld: Unser TOP HAIR Wochenende 2025 | Phorest","description":"Wir fiebern jedes Jahr aus einem ganz besonderen Grund auf den M\u00e4rz hin: Die TOP HAIR Messe. Auch dieses Jahr waren wir mittendrin und nehmen euch mit!","robots":{"index":"index","follow":"follow","max-snippet":"max-snippet:-1","max-image-preview":"max-image-preview:large","max-video-preview":"max-video-preview:-1"},"canonical":"https:\/\/www.phorest.com\/de\/blog\/tophair-2025\/","og_locale":"de_DE","og_type":"article","og_title":"Rosa Schweinchen und goldenes Trinkgeld: Unser TOP HAIR Wochenende 2025 | Phorest","og_description":"Wir fiebern jedes Jahr aus einem ganz besonderen Grund auf den M\u00e4rz hin: Die TOP HAIR Messe. Auch dieses Jahr waren wir mittendrin und nehmen euch mit!","og_url":"https:\/\/www.phorest.com\/de\/blog\/tophair-2025\/","og_site_name":"Phorest","article_publisher":"https:\/\/www.facebook.com\/phorestsalonsoftware","article_published_time":"2025-04-10T10:59:53+00:00","article_modified_time":"2025-04-10T11:00:11+00:00","og_image":[{"width":1280,"height":1206,"url":"https:\/\/d2dfxqxblmblx4.cloudfront.net\/wp-content\/uploads\/2025\/04\/10100754\/Gros-IMG_0100-4-2-150x150.jpeg","type":"image\/jpeg"}],"author":"Emily Megger","twitter_card":"summary_large_image","twitter_image":"https:\/\/d2dfxqxblmblx4.cloudfront.net\/wp-content\/uploads\/2025\/04\/10100754\/Gros-IMG_0100-4-2-150x150.jpeg","twitter_creator":"@thephorestword","twitter_site":"@thephorestword","twitter_misc":{"Written by":"Emily Megger","Est. reading time":"6 minutes"},"schema":{"@context":"https:\/\/schema.org","@graph":[{"@type":"Article","@id":"https:\/\/www.phorest.com\/de\/blog\/tophair-2025\/#article","isPartOf":{"@id":"https:\/\/www.phorest.com\/de\/blog\/tophair-2025\/"},"author":{"name":"Emily Megger","@id":"https:\/\/www.phorest.com\/de\/#\/schema\/person\/bdcb44e855e335e92c7f82d3e078d358"},"headline":"Rosa Schweinchen und goldenes Trinkgeld: Unser TOP HAIR Wochenende 2025","datePublished":"2025-04-10T10:59:53+00:00","dateModified":"2025-04-10T11:00:11+00:00","mainEntityOfPage":{"@id":"https:\/\/www.phorest.com\/de\/blog\/tophair-2025\/"},"wordCount":861,"commentCount":0,"publisher":{"@id":"https:\/\/www.phorest.com\/de\/#organization"},"image":{"@id":"https:\/\/www.phorest.com\/de\/blog\/tophair-2025\/#primaryimage"},"thumbnailUrl":"https:\/\/d2dfxqxblmblx4.cloudfront.net\/wp-content\/uploads\/2025\/04\/10100754\/Gros-IMG_0100-4-2.jpeg","keywords":["event","Top Hair Messe"],"articleSection":["News &amp; Events"],"inLanguage":"de","potentialAction":[{"@type":"CommentAction","name":"Comment","target":["https:\/\/www.phorest.com\/de\/blog\/tophair-2025\/#respond"]}]},{"@type":"WebPage","@id":"https:\/\/www.phorest.com\/de\/blog\/tophair-2025\/","url":"https:\/\/www.phorest.com\/de\/blog\/tophair-2025\/","name":"Rosa Schweinchen und goldenes Trinkgeld: Unser TOP HAIR Wochenende 2025 | Phorest","isPartOf":{"@id":"https:\/\/www.phorest.com\/de\/#website"},"primaryImageOfPage":{"@id":"https:\/\/www.phorest.com\/de\/blog\/tophair-2025\/#primaryimage"},"image":{"@id":"https:\/\/www.phorest.com\/de\/blog\/tophair-2025\/#primaryimage"},"thumbnailUrl":"https:\/\/d2dfxqxblmblx4.cloudfront.net\/wp-content\/uploads\/2025\/04\/10100754\/Gros-IMG_0100-4-2.jpeg","datePublished":"2025-04-10T10:59:53+00:00","dateModified":"2025-04-10T11:00:11+00:00","description":"Wir fiebern jedes Jahr aus einem ganz besonderen Grund auf den M\u00e4rz hin: Die TOP HAIR Messe. Auch dieses Jahr waren wir mittendrin und nehmen euch mit!","breadcrumb":{"@id":"https:\/\/www.phorest.com\/de\/blog\/tophair-2025\/#breadcrumb"},"inLanguage":"de","potentialAction":[{"@type":"ReadAction","target":["https:\/\/www.phorest.com\/de\/blog\/tophair-2025\/"]}]},{"@type":"ImageObject","inLanguage":"de","@id":"https:\/\/www.phorest.com\/de\/blog\/tophair-2025\/#primaryimage","url":"https:\/\/d2dfxqxblmblx4.cloudfront.net\/wp-content\/uploads\/2025\/04\/10100754\/Gros-IMG_0100-4-2.jpeg","contentUrl":"https:\/\/d2dfxqxblmblx4.cloudfront.net\/wp-content\/uploads\/2025\/04\/10100754\/Gros-IMG_0100-4-2.jpeg","width":1280,"height":1206,"caption":"Unser Team TOP HAIR Messe 2025!"},{"@type":"BreadcrumbList","@id":"https:\/\/www.phorest.com\/de\/blog\/tophair-2025\/#breadcrumb","itemListElement":[{"@type":"ListItem","position":1,"name":"Home","item":"https:\/\/www.phorest.com\/de\/"},{"@type":"ListItem","position":2,"name":"Rosa Schweinchen und goldenes Trinkgeld: Unser TOP HAIR Wochenende 2025"}]},{"@type":"WebSite","@id":"https:\/\/www.phorest.com\/de\/#website","url":"https:\/\/www.phorest.com\/de\/","name":"Phorest","description":"Salon Software - Hair &amp; Beauty - UK for Spa Management &amp; Appointments","publisher":{"@id":"https:\/\/www.phorest.com\/de\/#organization"},"potentialAction":[{"@type":"SearchAction","target":{"@type":"EntryPoint","urlTemplate":"https:\/\/www.phorest.com\/de\/?s={search_term_string}"},"query-input":{"@type":"PropertyValueSpecification","valueRequired":true,"valueName":"search_term_string"}}],"inLanguage":"de"},{"@type":"Organization","@id":"https:\/\/www.phorest.com\/de\/#organization","name":"Phorest Salon Software","url":"https:\/\/www.phorest.com\/de\/","logo":{"@type":"ImageObject","inLanguage":"de","@id":"https:\/\/www.phorest.com\/de\/#\/schema\/logo\/image\/","url":"https:\/\/d2dfxqxblmblx4.cloudfront.net\/wp-content\/uploads\/2019\/10\/24141402\/phorest-acorn-logo1.png","contentUrl":"https:\/\/d2dfxqxblmblx4.cloudfront.net\/wp-content\/uploads\/2019\/10\/24141402\/phorest-acorn-logo1.png","width":201,"height":202,"caption":"Phorest Salon Software"},"image":{"@id":"https:\/\/www.phorest.com\/de\/#\/schema\/logo\/image\/"},"sameAs":["https:\/\/www.facebook.com\/phorestsalonsoftware","https:\/\/x.com\/thephorestword","https:\/\/instagram.com\/phorest_salon_software","https:\/\/www.linkedin.com\/company\/phorest?trk=company_name","https:\/\/www.pinterest.com\/phorestss\/","https:\/\/plus.google.com\/u\/0\/b\/101418954139594616916\/101418954139594616916\/posts\/p\/pub"]},{"@type":"Person","@id":"https:\/\/www.phorest.com\/de\/#\/schema\/person\/bdcb44e855e335e92c7f82d3e078d358","name":"Emily Megger","image":{"@type":"ImageObject","inLanguage":"de","@id":"https:\/\/www.phorest.com\/de\/#\/schema\/person\/image\/","url":"https:\/\/d2dfxqxblmblx4.cloudfront.net\/wp-content\/uploads\/2025\/03\/05093707\/IMG_2683-150x150.jpg","contentUrl":"https:\/\/d2dfxqxblmblx4.cloudfront.net\/wp-content\/uploads\/2025\/03\/05093707\/IMG_2683-150x150.jpg","caption":"Emily Megger"},"description":"Emily is our Content and Social Media Specialist here at Phorest Salon Software. She studied journalism and cultural studies in Germany and France. She loves connecting creativity and strategy in the marketing field. She incorporates her personal passion for the beauty industry into our social media channels, articles, emails and more. She also organises our events.","sameAs":["https:\/\/www.phorest.com\/de"],"url":"https:\/\/www.phorest.com\/de\/blog\/author\/emily_megger\/"}]}},"_links":{"self":[{"href":"https:\/\/www.phorest.com\/de\/wp-json\/wp\/v2\/posts\/154618","targetHints":{"allow":["GET"]}}],"collection":[{"href":"https:\/\/www.phorest.com\/de\/wp-json\/wp\/v2\/posts"}],"about":[{"href":"https:\/\/www.phorest.com\/de\/wp-json\/wp\/v2\/types\/post"}],"author":[{"embeddable":true,"href":"https:\/\/www.phorest.com\/de\/wp-json\/wp\/v2\/users\/40112"}],"replies":[{"embeddable":true,"href":"https:\/\/www.phorest.com\/de\/wp-json\/wp\/v2\/comments?post=154618"}],"version-history":[{"count":5,"href":"https:\/\/www.phorest.com\/de\/wp-json\/wp\/v2\/posts\/154618\/revisions"}],"predecessor-version":[{"id":154939,"href":"https:\/\/www.phorest.com\/de\/wp-json\/wp\/v2\/posts\/154618\/revisions\/154939"}],"wp:featuredmedia":[{"embeddable":true,"href":"https:\/\/www.phorest.com\/de\/wp-json\/wp\/v2\/media\/154872"}],"wp:attachment":[{"href":"https:\/\/www.phorest.com\/de\/wp-json\/wp\/v2\/media?parent=154618"}],"wp:term":[{"taxonomy":"category","embeddable":true,"href":"https:\/\/www.phorest.com\/de\/wp-json\/wp\/v2\/categories?post=154618"},{"taxonomy":"post_tag","embeddable":true,"href":"https:\/\/www.phorest.com\/de\/wp-json\/wp\/v2\/tags?post=154618"}],"curies":[{"name":"wp","href":"https:\/\/api.w.org\/{rel}","templated":true}]}}