{"id":162053,"date":"2026-01-12T13:05:18","date_gmt":"2026-01-12T13:05:18","guid":{"rendered":"https:\/\/www.phorest.com\/?p=162053"},"modified":"2026-01-12T13:05:21","modified_gmt":"2026-01-12T13:05:21","slug":"phorest-jahresrueckblick-2025","status":"publish","type":"post","link":"https:\/\/www.phorest.com\/de\/blog\/phorest-jahresrueckblick-2025\/","title":{"rendered":"Ein Jahr voller Wachstum: Unser gemeinsamer R\u00fcckblick auf 2025"},"content":{"rendered":"\n<p>Hinter uns liegt ein Jahr, das gezeigt hat, wie viel Energie, Leidenschaft und Innovationskraft in der Haar- und Beauty-Branche steckt. Bei Phorest ist es unsere Mission, dich und dein Team jeden Tag zu unterst\u00fctzen: 2025 hatten wir daf\u00fcr so viele Gelegenheiten wie nie zuvor.<\/p>\n\n\n\n<p>Ob bei pers\u00f6nlichen Begegnungen auf Events oder durch technologische Meilensteine in deiner Software: Wir haben das ganze Jahr \u00fcber gemeinsam mit dir an der Zukunft deines Unternehmens gearbeitet. Lass uns die Highlights Revue passieren lassen!<\/p>\n\n\n\n<h2 class=\"wp-block-heading\"><strong>Community &amp; Austausch: Wo die Energie sp\u00fcrbar war<\/strong><\/h2>\n\n\n\n<p>Das Jahr begann direkt mit einem Paukenschlag. Im <strong>Januar <\/strong>durften wir 650 Saloninhaber:innen und Branchenexpert:innen beim Salon Owner Summit in Dublin begr\u00fc\u00dfen. Die Stimmung war elektrisierend, besonders weil so viele Gesichter aus Deutschland, \u00d6sterreich und der Schweiz dabei waren.<\/p>\n\n\n\n<blockquote class=\"wp-block-quote is-layout-flow wp-block-quote-is-layout-flow\">\n<p>\u201eDie Energie im Raum war f\u00f6rmlich sp\u00fcrbar. Unsere Community ist st\u00e4rker als je zuvor.\u201c \u2013 Ronan Perceval, CEO Phorest.<\/p>\n<\/blockquote>\n\n\n\n<p>Psst: Auf dem Summit 2026 d\u00fcrfen wir so viele Menschen aus Deutschland, \u00d6sterreich und der Schweiz, wie nie zuvor begr\u00fc\u00dfen!<br><br>Im <strong>M\u00e4rz <\/strong>ging die Reise weiter zur TOP HAIR Messe nach D\u00fcsseldorf. Es war uns eine Ehre, so viele von euch pers\u00f6nlich zu treffen und den TOP Salon Award in der Kategorie \u201eDigital Business\u201c zu \u00fcbergeben. Zudem konnten wir unsere neue Trinkgeldl\u00f6sung PhorestTips f\u00fcr Deutschland pr\u00e4sentieren. Solche Momente erinnern uns daran, warum wir lieben, was wir tun: Weil wir gemeinsam Erfolge feiern k\u00f6nnen.<\/p>\n\n\n\n<p><em><a href=\"https:\/\/www.phorest.com\/de\/blog\/tophair-2025\/\">R\u00fcckblick auf die TOP HAIR Messe 2025<\/a><\/em><br><br>Der <strong>September<\/strong> stand bei uns f\u00fcr au\u00dfergew\u00f6hnlichen Service: Wir haben exzellenten Kundenservice belohnt und durften Client Experience Awards an die Salons, Kosmetik- und Med-\u00c4sthetik-Institute verleihen, die Phorest nutzen und im Zeitraum vom 01. M\u00e4rz 2024 bis zum 28. Februar 2025 bei mindestens 60 Bewertungen einen Durchschnitt von mindestens 4 von 5 Sternen erhalten haben. In und um K\u00f6ln haben wir uns riesig gefreut, einige dieser Awards und viele Gl\u00fcckw\u00fcnsche pers\u00f6nlich zu \u00fcberreichen und uns mit allen Gewinner:innen zu freuen.<\/p>\n\n\n\n<figure class=\"wp-block-image size-full\"><img loading=\"lazy\" decoding=\"async\" width=\"640\" height=\"427\" src=\"https:\/\/d2dfxqxblmblx4.cloudfront.net\/wp-content\/uploads\/2026\/01\/12104934\/Mittel-1IMAGE-8513.jpeg\" alt=\"\" class=\"wp-image-162068\" srcset=\"https:\/\/d2dfxqxblmblx4.cloudfront.net\/wp-content\/uploads\/2026\/01\/12104934\/Mittel-1IMAGE-8513.jpeg 640w, https:\/\/d2dfxqxblmblx4.cloudfront.net\/wp-content\/uploads\/2026\/01\/12104934\/Mittel-1IMAGE-8513-300x200.jpeg 300w\" sizes=\"auto, (max-width: 640px) 100vw, 640px\" \/><figcaption class=\"wp-element-caption\">Unser legend\u00e4rer Salon Owners Summit 2025 in Dublin (1IMAGE Photography\/Bryan Brophy\u00a9)<\/figcaption><\/figure>\n\n\n\n<h2 class=\"wp-block-heading\"><strong>Innovationen f\u00fcr dein Team: Motivation &amp; Wertsch\u00e4tzung<\/strong><\/h2>\n\n\n\n<p>Ein Unternehmen ist immer nur so stark wie das eigene Team. Deshalb haben wir 2025 Tools entwickelt, die deine Mitarbeitenden motivieren und ihnen den Alltag erleichtern.<\/p>\n\n\n\n<p><strong>PhorestTips:<\/strong> Im M\u00e4rz gelauncht, hat diese Funktion die Trinkgeld-Kultur in Deutschland revolutioniert. Das Trinkgeld geht \u00fcber das Terminal direkt an dein Team \u2013 steuerfrei und ohne Umwege \u00fcber das Unternehmenskonto. Im Juli haben wir dies um das \u201eSparschwein\u201c f\u00fcr individuelle Sparziele erg\u00e4nzt. Die meisten sparen hier f\u00fcr ihren Urlaub \ud83c\udf34<\/p>\n\n\n\n<p><strong>Mitarbeiter-Ziele: <\/strong>Unter dem Bereich \u201eMeine Performance\u201c haben wir die Stufen von 5 auf beeindruckende 15 erweitert. Mit neuen Prognose-Funktionen sieht dein Team jetzt genau, wo es steht und was m\u00f6glich ist.<strong> <\/strong><\/p>\n\n\n\n<p><strong>Wertsch\u00e4tzung zeigen:<\/strong> Im Sommer haben wir das Thema Team-Bindung besonders in den Fokus ger\u00fcckt \u2013 unter anderem mit <a href=\"https:\/\/www.instagram.com\/reel\/DMaJb94NrNG\/?utm_source=ig_web_copy_link&amp;igsh=MzRlODBiNWFlZA==\">unserer Wertsch\u00e4tzungstour<\/a> inklusive eiskalter Drinks quer durch K\u00f6ln.<\/p>\n\n\n\n<h2 class=\"wp-block-heading\"><strong>Tools f\u00fcr dein Wachstum: Von Leads zu loyalen Fans<\/strong><\/h2>\n\n\n\n<p>Wachstum bedeutet 2025 mehr als nur neue Termine. Es bedeutet, die richtigen Kund:innen zu gewinnen und langfristig zu binden.<\/p>\n\n\n\n<p><strong>Lead Management:<\/strong> Im Mai haben wir unser Lead Management vorgestellt. Es hilft dir, aus neugierigen Website-Besucher:innen echte Kundschaft zu machen.<\/p>\n\n\n\n<p><em><a href=\"https:\/\/www.phorest.com\/de\/blog\/was-ist-ein-lead\/\">Lies hier Ivans Blogpost zum Thema Lead Management<\/a><\/em><\/p>\n\n\n\n<p><strong>Die August Collection: <\/strong>Unser bisher gr\u00f6\u00dftes Update-Paket des Jahres! Von Online-Anzahlungen mit Gutscheinen bis hin zu Weiterempfehlungen und der Digitalen Treuekarte mit Treue+ \u2013 wir haben an jedem Stellrad f\u00fcr deinen Umsatz gedreht.<\/p>\n\n\n\n<p><strong>SMS-Power: <\/strong>Im Juni haben wir gesehen, wie stark SMS-Marketing wirkt. Mit einem 10-fachen Umsatz-ROI im DACH-Raum bleibt die SMS das effektivste Tool zur Kundenbindung.<\/p>\n\n\n\n<p><\/p>\n\n\n\n<h2 class=\"wp-block-heading\"><strong>Effizienz im Alltag: Zeit f\u00fcr das Wesentliche<\/strong><\/h2>\n\n\n\n<p>Wir wissen, dass deine Zeit kostbar ist. Deshalb haben wir die Software-Prozesse im Hintergrund optimiert:<\/p>\n\n\n\n<p><strong>P10:<\/strong> Die bisher schnellste und modernste Version von Phorest wurde im Sommer ausgerollt und erm\u00f6glicht es dir Phorest in deinem Branding zu nutzen.<\/p>\n\n\n\n<p><strong>Individuelle Kalender-Blocker:<\/strong> Ein oft gew\u00fcnschtes Feature, das seit Oktober f\u00fcr mehr Ordnung bei Meetings und Pausen sorgt.<\/p>\n\n\n\n<p><strong>Digitale Formulare &amp; A4-Laufzettel:<\/strong> Seit November kannst du Formulare direkt bei der Buchung versenden und Laufzettel \u00fcbersichtlich im A4-Format drucken.<\/p>\n\n\n\n<p><strong>Qualit\u00e4tssicherung:<\/strong> Damit alles reibungslos l\u00e4uft, arbeiten unsere Expert:innen im Hintergrund unerm\u00fcdlich an der Stabilit\u00e4t der Systeme.<\/p>\n\n\n\n<p><em><a href=\"https:\/\/www.phorest.com\/de\/blog\/was-qualitaetssicherung-wirklich-fuer-deine-salon-kosmetik-und-medi-aesthetik-software-bedeutet\/\">Erfahre hier mehr \u00fcber Qualit\u00e4tssicherung bei Phorest<\/a><\/em><\/p>\n\n\n\n<h2 class=\"wp-block-heading\"><strong>Ausblick: Auf ein strahlendes 2026!<\/strong><\/h2>\n\n\n\n<p>Im Jahr 2025 haben wir gemeinsam gelernt, gelacht und sind gewachsen. Wir freuen uns darauf, auch im n\u00e4chsten Jahr der Partner an deiner Seite zu sein \u2013 mit noch mehr Innovationen, Events und Support f\u00fcr deinen Erfolg.<\/p>\n\n\n\n<p>Vielen Dank, dass du Teil unserer Phorest Community bist! \ud83d\udc9a<\/p>\n\n\n\n<p>Together, We Grow.<\/p>\n","protected":false},"excerpt":{"rendered":"<p>Hinter uns liegt ein Jahr, das gezeigt hat, wie viel Energie, Leidenschaft und Innovationskraft in der Haar- und Beauty-Branche steckt. Bei Phorest ist es unsere Mission, dich und dein Team jeden Tag zu unterst\u00fctzen: 2025 hatten wir daf\u00fcr so viele Gelegenheiten wie nie zuvor. Ob bei pers\u00f6nlichen Begegnungen auf Events oder durch technologische Meilensteine in &hellip; <a href=\"https:\/\/www.phorest.com\/de\/blog\/phorest-jahresrueckblick-2025\/\">Continued<\/a><\/p>\n","protected":false},"author":40060,"featured_media":162056,"comment_status":"open","ping_status":"open","sticky":false,"template":"","format":"standard","meta":{"_acf_changed":false,"footnotes":""},"categories":[80],"tags":[12630,9372],"class_list":["post-162053","post","type-post","status-publish","format-standard","has-post-thumbnail","hentry","category-news-events","tag-event-2","tag-top-hair-messe"],"acf":[],"yoast_head":"<!-- This site is optimized with the Yoast SEO plugin v25.1 - https:\/\/yoast.com\/wordpress\/plugins\/seo\/ -->\n<title>Ein Jahr voller Wachstum: Unser gemeinsamer R\u00fcckblick auf 2025 | Phorest R\u00fcckblick 2025<\/title>\n<meta name=\"description\" content=\"Unser R\u00fcckblick auf 2025: Events, neue Tools und Innovationen bei Phorest. Gemeinsam lassen wir dein Unternehmen in der Haar und Beauty-Branche wachsen!\" \/>\n<meta name=\"robots\" content=\"index, follow, max-snippet:-1, max-image-preview:large, max-video-preview:-1\" \/>\n<link rel=\"canonical\" href=\"https:\/\/www.phorest.com\/de\/blog\/phorest-jahresrueckblick-2025\/\" \/>\n<meta property=\"og:locale\" content=\"de_DE\" \/>\n<meta property=\"og:type\" content=\"article\" \/>\n<meta property=\"og:title\" content=\"Ein Jahr voller Wachstum: Unser gemeinsamer R\u00fcckblick auf 2025 | Phorest R\u00fcckblick 2025\" \/>\n<meta property=\"og:description\" content=\"Unser R\u00fcckblick auf 2025: Events, neue Tools und Innovationen bei Phorest. Gemeinsam lassen wir dein Unternehmen in der Haar und Beauty-Branche wachsen!\" \/>\n<meta property=\"og:url\" content=\"https:\/\/www.phorest.com\/de\/blog\/phorest-jahresrueckblick-2025\/\" \/>\n<meta property=\"og:site_name\" content=\"Phorest\" \/>\n<meta property=\"article:publisher\" content=\"https:\/\/www.facebook.com\/phorestsalonsoftware\" \/>\n<meta property=\"article:published_time\" content=\"2026-01-12T13:05:18+00:00\" \/>\n<meta property=\"article:modified_time\" content=\"2026-01-12T13:05:21+00:00\" \/>\n<meta property=\"og:image\" content=\"https:\/\/d2dfxqxblmblx4.cloudfront.net\/wp-content\/uploads\/2026\/01\/12103616\/2025-150x150.png\" \/>\n\t<meta property=\"og:image:width\" content=\"940\" \/>\n\t<meta property=\"og:image:height\" content=\"788\" \/>\n\t<meta property=\"og:image:type\" content=\"image\/png\" \/>\n<meta name=\"author\" content=\"Ann-Kathrin Helm\" \/>\n<meta name=\"twitter:card\" content=\"summary_large_image\" \/>\n<meta name=\"twitter:image\" content=\"https:\/\/d2dfxqxblmblx4.cloudfront.net\/wp-content\/uploads\/2026\/01\/12103616\/2025-150x150.png\" \/>\n<meta name=\"twitter:creator\" content=\"@thephorestword\" \/>\n<meta name=\"twitter:site\" content=\"@thephorestword\" \/>\n<meta name=\"twitter:label1\" content=\"Written by\" \/>\n\t<meta name=\"twitter:data1\" content=\"Ann-Kathrin Helm\" \/>\n\t<meta name=\"twitter:label2\" content=\"Est. reading time\" \/>\n\t<meta name=\"twitter:data2\" content=\"6 minutes\" \/>\n<script type=\"application\/ld+json\" class=\"yoast-schema-graph\">{\"@context\":\"https:\/\/schema.org\",\"@graph\":[{\"@type\":\"Article\",\"@id\":\"https:\/\/www.phorest.com\/de\/blog\/phorest-jahresrueckblick-2025\/#article\",\"isPartOf\":{\"@id\":\"https:\/\/www.phorest.com\/de\/blog\/phorest-jahresrueckblick-2025\/\"},\"author\":{\"name\":\"Ann-Kathrin Helm\",\"@id\":\"https:\/\/www.phorest.com\/de\/#\/schema\/person\/56a1801ae3d5b559a4450b5b0a308d27\"},\"headline\":\"Ein Jahr voller Wachstum: Unser gemeinsamer R\u00fcckblick auf 2025\",\"datePublished\":\"2026-01-12T13:05:18+00:00\",\"dateModified\":\"2026-01-12T13:05:21+00:00\",\"mainEntityOfPage\":{\"@id\":\"https:\/\/www.phorest.com\/de\/blog\/phorest-jahresrueckblick-2025\/\"},\"wordCount\":784,\"commentCount\":0,\"publisher\":{\"@id\":\"https:\/\/www.phorest.com\/de\/#organization\"},\"image\":{\"@id\":\"https:\/\/www.phorest.com\/de\/blog\/phorest-jahresrueckblick-2025\/#primaryimage\"},\"thumbnailUrl\":\"https:\/\/d2dfxqxblmblx4.cloudfront.net\/wp-content\/uploads\/2026\/01\/12103616\/2025.png\",\"keywords\":[\"event\",\"Top Hair Messe\"],\"articleSection\":[\"News &amp; Events\"],\"inLanguage\":\"de\",\"potentialAction\":[{\"@type\":\"CommentAction\",\"name\":\"Comment\",\"target\":[\"https:\/\/www.phorest.com\/de\/blog\/phorest-jahresrueckblick-2025\/#respond\"]}]},{\"@type\":\"WebPage\",\"@id\":\"https:\/\/www.phorest.com\/de\/blog\/phorest-jahresrueckblick-2025\/\",\"url\":\"https:\/\/www.phorest.com\/de\/blog\/phorest-jahresrueckblick-2025\/\",\"name\":\"Ein Jahr voller Wachstum: Unser gemeinsamer R\u00fcckblick auf 2025 | Phorest R\u00fcckblick 2025\",\"isPartOf\":{\"@id\":\"https:\/\/www.phorest.com\/de\/#website\"},\"primaryImageOfPage\":{\"@id\":\"https:\/\/www.phorest.com\/de\/blog\/phorest-jahresrueckblick-2025\/#primaryimage\"},\"image\":{\"@id\":\"https:\/\/www.phorest.com\/de\/blog\/phorest-jahresrueckblick-2025\/#primaryimage\"},\"thumbnailUrl\":\"https:\/\/d2dfxqxblmblx4.cloudfront.net\/wp-content\/uploads\/2026\/01\/12103616\/2025.png\",\"datePublished\":\"2026-01-12T13:05:18+00:00\",\"dateModified\":\"2026-01-12T13:05:21+00:00\",\"description\":\"Unser R\u00fcckblick auf 2025: Events, neue Tools und Innovationen bei Phorest. Gemeinsam lassen wir dein Unternehmen in der Haar und Beauty-Branche wachsen!\",\"breadcrumb\":{\"@id\":\"https:\/\/www.phorest.com\/de\/blog\/phorest-jahresrueckblick-2025\/#breadcrumb\"},\"inLanguage\":\"de\",\"potentialAction\":[{\"@type\":\"ReadAction\",\"target\":[\"https:\/\/www.phorest.com\/de\/blog\/phorest-jahresrueckblick-2025\/\"]}]},{\"@type\":\"ImageObject\",\"inLanguage\":\"de\",\"@id\":\"https:\/\/www.phorest.com\/de\/blog\/phorest-jahresrueckblick-2025\/#primaryimage\",\"url\":\"https:\/\/d2dfxqxblmblx4.cloudfront.net\/wp-content\/uploads\/2026\/01\/12103616\/2025.png\",\"contentUrl\":\"https:\/\/d2dfxqxblmblx4.cloudfront.net\/wp-content\/uploads\/2026\/01\/12103616\/2025.png\",\"width\":940,\"height\":788},{\"@type\":\"BreadcrumbList\",\"@id\":\"https:\/\/www.phorest.com\/de\/blog\/phorest-jahresrueckblick-2025\/#breadcrumb\",\"itemListElement\":[{\"@type\":\"ListItem\",\"position\":1,\"name\":\"Home\",\"item\":\"https:\/\/www.phorest.com\/de\/\"},{\"@type\":\"ListItem\",\"position\":2,\"name\":\"Ein Jahr voller Wachstum: Unser gemeinsamer R\u00fcckblick auf 2025\"}]},{\"@type\":\"WebSite\",\"@id\":\"https:\/\/www.phorest.com\/de\/#website\",\"url\":\"https:\/\/www.phorest.com\/de\/\",\"name\":\"Phorest\",\"description\":\"Salon Software - Hair &amp; Beauty - UK for Spa Management &amp; Appointments\",\"publisher\":{\"@id\":\"https:\/\/www.phorest.com\/de\/#organization\"},\"potentialAction\":[{\"@type\":\"SearchAction\",\"target\":{\"@type\":\"EntryPoint\",\"urlTemplate\":\"https:\/\/www.phorest.com\/de\/?s={search_term_string}\"},\"query-input\":{\"@type\":\"PropertyValueSpecification\",\"valueRequired\":true,\"valueName\":\"search_term_string\"}}],\"inLanguage\":\"de\"},{\"@type\":\"Organization\",\"@id\":\"https:\/\/www.phorest.com\/de\/#organization\",\"name\":\"Phorest Salon Software\",\"url\":\"https:\/\/www.phorest.com\/de\/\",\"logo\":{\"@type\":\"ImageObject\",\"inLanguage\":\"de\",\"@id\":\"https:\/\/www.phorest.com\/de\/#\/schema\/logo\/image\/\",\"url\":\"https:\/\/d2dfxqxblmblx4.cloudfront.net\/wp-content\/uploads\/2019\/10\/24141402\/phorest-acorn-logo1.png\",\"contentUrl\":\"https:\/\/d2dfxqxblmblx4.cloudfront.net\/wp-content\/uploads\/2019\/10\/24141402\/phorest-acorn-logo1.png\",\"width\":201,\"height\":202,\"caption\":\"Phorest Salon Software\"},\"image\":{\"@id\":\"https:\/\/www.phorest.com\/de\/#\/schema\/logo\/image\/\"},\"sameAs\":[\"https:\/\/www.facebook.com\/phorestsalonsoftware\",\"https:\/\/x.com\/thephorestword\",\"https:\/\/instagram.com\/phorest_salon_software\",\"https:\/\/www.linkedin.com\/company\/phorest?trk=company_name\",\"https:\/\/www.pinterest.com\/phorestss\/\",\"https:\/\/plus.google.com\/u\/0\/b\/101418954139594616916\/101418954139594616916\/posts\/p\/pub\"]},{\"@type\":\"Person\",\"@id\":\"https:\/\/www.phorest.com\/de\/#\/schema\/person\/56a1801ae3d5b559a4450b5b0a308d27\",\"name\":\"Ann-Kathrin Helm\",\"image\":{\"@type\":\"ImageObject\",\"inLanguage\":\"de\",\"@id\":\"https:\/\/www.phorest.com\/de\/#\/schema\/person\/image\/\",\"url\":\"https:\/\/d2dfxqxblmblx4.cloudfront.net\/wp-content\/uploads\/2021\/05\/13095446\/Ann-Kathrin_Helm-150x150.jpg\",\"contentUrl\":\"https:\/\/d2dfxqxblmblx4.cloudfront.net\/wp-content\/uploads\/2021\/05\/13095446\/Ann-Kathrin_Helm-150x150.jpg\",\"caption\":\"Ann-Kathrin Helm\"},\"description\":\"Ann-Kathrin Helm is our Marketing Executive for Germany, Austria &amp; Switzerland (DACH) here at Phorest Salon Software. She is responsible for customer communication in the DACH region. Her mother \u2013 a master hairdresser \u2013 instilled in her a passion for the industry from an early age. As a result, she understands the challenges and opportunities of the salon world firsthand. This deep connection is reflected in everything she does \u2013 from articles in professional magazines such as TOP HAIR, to targeted email campaigns, inspiring blog posts, and her mission to make Phorest\u2019s features and their benefits more accessible to the Phorest community. Her goal: to make marketing understandable, actionable, and \u2013 above all \u2013 effective, creating real value for beauty entrepreneurs.\",\"sameAs\":[\"https:\/\/www.phorest.com\/de\/\",\"https:\/\/www.linkedin.com\/in\/ann-kathrin-helm\/\"],\"url\":\"https:\/\/www.phorest.com\/de\/blog\/author\/ann-kathrin-helm-2\/\"}]}<\/script>\n<!-- \/ Yoast SEO plugin. -->","yoast_head_json":{"title":"Ein Jahr voller Wachstum: Unser gemeinsamer R\u00fcckblick auf 2025 | Phorest R\u00fcckblick 2025","description":"Unser R\u00fcckblick auf 2025: Events, neue Tools und Innovationen bei Phorest. Gemeinsam lassen wir dein Unternehmen in der Haar und Beauty-Branche wachsen!","robots":{"index":"index","follow":"follow","max-snippet":"max-snippet:-1","max-image-preview":"max-image-preview:large","max-video-preview":"max-video-preview:-1"},"canonical":"https:\/\/www.phorest.com\/de\/blog\/phorest-jahresrueckblick-2025\/","og_locale":"de_DE","og_type":"article","og_title":"Ein Jahr voller Wachstum: Unser gemeinsamer R\u00fcckblick auf 2025 | Phorest R\u00fcckblick 2025","og_description":"Unser R\u00fcckblick auf 2025: Events, neue Tools und Innovationen bei Phorest. Gemeinsam lassen wir dein Unternehmen in der Haar und Beauty-Branche wachsen!","og_url":"https:\/\/www.phorest.com\/de\/blog\/phorest-jahresrueckblick-2025\/","og_site_name":"Phorest","article_publisher":"https:\/\/www.facebook.com\/phorestsalonsoftware","article_published_time":"2026-01-12T13:05:18+00:00","article_modified_time":"2026-01-12T13:05:21+00:00","og_image":[{"width":940,"height":788,"url":"https:\/\/d2dfxqxblmblx4.cloudfront.net\/wp-content\/uploads\/2026\/01\/12103616\/2025-150x150.png","type":"image\/png"}],"author":"Ann-Kathrin Helm","twitter_card":"summary_large_image","twitter_image":"https:\/\/d2dfxqxblmblx4.cloudfront.net\/wp-content\/uploads\/2026\/01\/12103616\/2025-150x150.png","twitter_creator":"@thephorestword","twitter_site":"@thephorestword","twitter_misc":{"Written by":"Ann-Kathrin Helm","Est. reading time":"6 minutes"},"schema":{"@context":"https:\/\/schema.org","@graph":[{"@type":"Article","@id":"https:\/\/www.phorest.com\/de\/blog\/phorest-jahresrueckblick-2025\/#article","isPartOf":{"@id":"https:\/\/www.phorest.com\/de\/blog\/phorest-jahresrueckblick-2025\/"},"author":{"name":"Ann-Kathrin Helm","@id":"https:\/\/www.phorest.com\/de\/#\/schema\/person\/56a1801ae3d5b559a4450b5b0a308d27"},"headline":"Ein Jahr voller Wachstum: Unser gemeinsamer R\u00fcckblick auf 2025","datePublished":"2026-01-12T13:05:18+00:00","dateModified":"2026-01-12T13:05:21+00:00","mainEntityOfPage":{"@id":"https:\/\/www.phorest.com\/de\/blog\/phorest-jahresrueckblick-2025\/"},"wordCount":784,"commentCount":0,"publisher":{"@id":"https:\/\/www.phorest.com\/de\/#organization"},"image":{"@id":"https:\/\/www.phorest.com\/de\/blog\/phorest-jahresrueckblick-2025\/#primaryimage"},"thumbnailUrl":"https:\/\/d2dfxqxblmblx4.cloudfront.net\/wp-content\/uploads\/2026\/01\/12103616\/2025.png","keywords":["event","Top Hair Messe"],"articleSection":["News &amp; Events"],"inLanguage":"de","potentialAction":[{"@type":"CommentAction","name":"Comment","target":["https:\/\/www.phorest.com\/de\/blog\/phorest-jahresrueckblick-2025\/#respond"]}]},{"@type":"WebPage","@id":"https:\/\/www.phorest.com\/de\/blog\/phorest-jahresrueckblick-2025\/","url":"https:\/\/www.phorest.com\/de\/blog\/phorest-jahresrueckblick-2025\/","name":"Ein Jahr voller Wachstum: Unser gemeinsamer R\u00fcckblick auf 2025 | Phorest R\u00fcckblick 2025","isPartOf":{"@id":"https:\/\/www.phorest.com\/de\/#website"},"primaryImageOfPage":{"@id":"https:\/\/www.phorest.com\/de\/blog\/phorest-jahresrueckblick-2025\/#primaryimage"},"image":{"@id":"https:\/\/www.phorest.com\/de\/blog\/phorest-jahresrueckblick-2025\/#primaryimage"},"thumbnailUrl":"https:\/\/d2dfxqxblmblx4.cloudfront.net\/wp-content\/uploads\/2026\/01\/12103616\/2025.png","datePublished":"2026-01-12T13:05:18+00:00","dateModified":"2026-01-12T13:05:21+00:00","description":"Unser R\u00fcckblick auf 2025: Events, neue Tools und Innovationen bei Phorest. Gemeinsam lassen wir dein Unternehmen in der Haar und Beauty-Branche wachsen!","breadcrumb":{"@id":"https:\/\/www.phorest.com\/de\/blog\/phorest-jahresrueckblick-2025\/#breadcrumb"},"inLanguage":"de","potentialAction":[{"@type":"ReadAction","target":["https:\/\/www.phorest.com\/de\/blog\/phorest-jahresrueckblick-2025\/"]}]},{"@type":"ImageObject","inLanguage":"de","@id":"https:\/\/www.phorest.com\/de\/blog\/phorest-jahresrueckblick-2025\/#primaryimage","url":"https:\/\/d2dfxqxblmblx4.cloudfront.net\/wp-content\/uploads\/2026\/01\/12103616\/2025.png","contentUrl":"https:\/\/d2dfxqxblmblx4.cloudfront.net\/wp-content\/uploads\/2026\/01\/12103616\/2025.png","width":940,"height":788},{"@type":"BreadcrumbList","@id":"https:\/\/www.phorest.com\/de\/blog\/phorest-jahresrueckblick-2025\/#breadcrumb","itemListElement":[{"@type":"ListItem","position":1,"name":"Home","item":"https:\/\/www.phorest.com\/de\/"},{"@type":"ListItem","position":2,"name":"Ein Jahr voller Wachstum: Unser gemeinsamer R\u00fcckblick auf 2025"}]},{"@type":"WebSite","@id":"https:\/\/www.phorest.com\/de\/#website","url":"https:\/\/www.phorest.com\/de\/","name":"Phorest","description":"Salon Software - Hair &amp; Beauty - UK for Spa Management &amp; Appointments","publisher":{"@id":"https:\/\/www.phorest.com\/de\/#organization"},"potentialAction":[{"@type":"SearchAction","target":{"@type":"EntryPoint","urlTemplate":"https:\/\/www.phorest.com\/de\/?s={search_term_string}"},"query-input":{"@type":"PropertyValueSpecification","valueRequired":true,"valueName":"search_term_string"}}],"inLanguage":"de"},{"@type":"Organization","@id":"https:\/\/www.phorest.com\/de\/#organization","name":"Phorest Salon Software","url":"https:\/\/www.phorest.com\/de\/","logo":{"@type":"ImageObject","inLanguage":"de","@id":"https:\/\/www.phorest.com\/de\/#\/schema\/logo\/image\/","url":"https:\/\/d2dfxqxblmblx4.cloudfront.net\/wp-content\/uploads\/2019\/10\/24141402\/phorest-acorn-logo1.png","contentUrl":"https:\/\/d2dfxqxblmblx4.cloudfront.net\/wp-content\/uploads\/2019\/10\/24141402\/phorest-acorn-logo1.png","width":201,"height":202,"caption":"Phorest Salon Software"},"image":{"@id":"https:\/\/www.phorest.com\/de\/#\/schema\/logo\/image\/"},"sameAs":["https:\/\/www.facebook.com\/phorestsalonsoftware","https:\/\/x.com\/thephorestword","https:\/\/instagram.com\/phorest_salon_software","https:\/\/www.linkedin.com\/company\/phorest?trk=company_name","https:\/\/www.pinterest.com\/phorestss\/","https:\/\/plus.google.com\/u\/0\/b\/101418954139594616916\/101418954139594616916\/posts\/p\/pub"]},{"@type":"Person","@id":"https:\/\/www.phorest.com\/de\/#\/schema\/person\/56a1801ae3d5b559a4450b5b0a308d27","name":"Ann-Kathrin Helm","image":{"@type":"ImageObject","inLanguage":"de","@id":"https:\/\/www.phorest.com\/de\/#\/schema\/person\/image\/","url":"https:\/\/d2dfxqxblmblx4.cloudfront.net\/wp-content\/uploads\/2021\/05\/13095446\/Ann-Kathrin_Helm-150x150.jpg","contentUrl":"https:\/\/d2dfxqxblmblx4.cloudfront.net\/wp-content\/uploads\/2021\/05\/13095446\/Ann-Kathrin_Helm-150x150.jpg","caption":"Ann-Kathrin Helm"},"description":"Ann-Kathrin Helm is our Marketing Executive for Germany, Austria &amp; Switzerland (DACH) here at Phorest Salon Software. She is responsible for customer communication in the DACH region. Her mother \u2013 a master hairdresser \u2013 instilled in her a passion for the industry from an early age. As a result, she understands the challenges and opportunities of the salon world firsthand. This deep connection is reflected in everything she does \u2013 from articles in professional magazines such as TOP HAIR, to targeted email campaigns, inspiring blog posts, and her mission to make Phorest\u2019s features and their benefits more accessible to the Phorest community. Her goal: to make marketing understandable, actionable, and \u2013 above all \u2013 effective, creating real value for beauty entrepreneurs.","sameAs":["https:\/\/www.phorest.com\/de\/","https:\/\/www.linkedin.com\/in\/ann-kathrin-helm\/"],"url":"https:\/\/www.phorest.com\/de\/blog\/author\/ann-kathrin-helm-2\/"}]}},"_links":{"self":[{"href":"https:\/\/www.phorest.com\/de\/wp-json\/wp\/v2\/posts\/162053","targetHints":{"allow":["GET"]}}],"collection":[{"href":"https:\/\/www.phorest.com\/de\/wp-json\/wp\/v2\/posts"}],"about":[{"href":"https:\/\/www.phorest.com\/de\/wp-json\/wp\/v2\/types\/post"}],"author":[{"embeddable":true,"href":"https:\/\/www.phorest.com\/de\/wp-json\/wp\/v2\/users\/40060"}],"replies":[{"embeddable":true,"href":"https:\/\/www.phorest.com\/de\/wp-json\/wp\/v2\/comments?post=162053"}],"version-history":[{"count":20,"href":"https:\/\/www.phorest.com\/de\/wp-json\/wp\/v2\/posts\/162053\/revisions"}],"predecessor-version":[{"id":162099,"href":"https:\/\/www.phorest.com\/de\/wp-json\/wp\/v2\/posts\/162053\/revisions\/162099"}],"wp:featuredmedia":[{"embeddable":true,"href":"https:\/\/www.phorest.com\/de\/wp-json\/wp\/v2\/media\/162056"}],"wp:attachment":[{"href":"https:\/\/www.phorest.com\/de\/wp-json\/wp\/v2\/media?parent=162053"}],"wp:term":[{"taxonomy":"category","embeddable":true,"href":"https:\/\/www.phorest.com\/de\/wp-json\/wp\/v2\/categories?post=162053"},{"taxonomy":"post_tag","embeddable":true,"href":"https:\/\/www.phorest.com\/de\/wp-json\/wp\/v2\/tags?post=162053"}],"curies":[{"name":"wp","href":"https:\/\/api.w.org\/{rel}","templated":true}]}}