{"id":33568,"date":"2018-06-20T18:57:05","date_gmt":"2018-06-20T17:57:05","guid":{"rendered":"https:\/\/phorest-ob-staging.com\/?p=33568"},"modified":"2022-08-29T08:37:40","modified_gmt":"2022-08-29T08:37:40","slug":"salon-gdpr-faqs-ebook","status":"publish","type":"post","link":"https:\/\/www.phorest.com\/de\/blog\/salon-gdpr-faqs-ebook\/","title":{"rendered":"Hol&#8217; dir dein Exemplar: das DSGVO FAQ eBook f\u00fcr Saloninhaber"},"content":{"rendered":"<div class=\"page\" title=\"Page 3\">\n<div class=\"layoutArea\">\n<div class=\"column\">\n<p>Die neue Datenschutzverordnung raubt dir immer noch den Schlaf und verschafft dir graue Haare? Am 25. Mai ist die DSGVO in Kraft getreten;\u00a0ein heftiges St\u00fcck Legislatur, dessen Umsetzung\u00a0mehr als nur ein paar H\u00e4nde braucht. Manche Konzepte sind immer noch unklar? Manche Definitionen f\u00fchlen sich einfach noch nicht richtig an? Bei manchen Dingen bist du dir einfach nicht sicher, ob du da jetzt etwas richtig verstanden hast? Dann ist es h\u00f6chstwichtig, dass du nicht sch\u00fcchtern bist oder den Kopf in den Sand steckst, sondern dir alle Informationen zusammensuchst, die du finden kannst. Denn es geht darum dein Gesch\u00e4ft zu sch\u00fctzen und deine Kunden weiterhin zu begeistern! Um dir zu helfen DSGVO-konform zu werden, haben wir die h\u00e4ufigsten Fragen zusammengestellt, die uns Saloninhaber aus ganz Europa w\u00e4hrend oder nach den verschiedenen Webinaren, Seminare, Messenm per E-Mail, per Telefon, in Person oder \u00fcber Social Media gestellt haben. Die Antworten haben wir dann recherchiert und in einem praktischen, handlichen und hoffentlich leicht verdaulichen eBook ver\u00f6ffentlicht. <strong>Um dein DSGVO FAQ eBook f\u00fcr Saloninhaber herunterzuladen, <a href=\"https:\/\/www.phorest.com\/de\/ressourcen\/dsgvo-faq-ebook\/\">klicke hier<\/a>!<\/strong><\/p>\n<\/div>\n<\/div>\n<\/div>\n<p><!--more--><\/p>\n<h2>Die DSGVO FAQ f\u00fcr Saloninhaber: 32 Seiten voller Fragen und Antworten<\/h2>\n<div class=\"page\" title=\"Page 3\">\n<div class=\"layoutArea\">\n<div class=\"column\">\n<p>In einer\u00a0vorherigen eBook Ver\u00f6ffentlichung hat Connor Keppel,\u00a0Marketing &amp; Growth VP bei Phorest Salon Software, sich diesem Thema schon einmal gen\u00e4hert und eine 360-Grad \u00dcbersicht zur Datenschutz-Grundverordnung gegeben. Das <a href=\"https:\/\/www.phorest.com\/de\/blog\/saloninhaber-handbuch-dsgvo\/\" target=\"_blank\" rel=\"noopener noreferrer\">Handbuch f\u00fcr Saloninhaber &#8211; DSGVO: Verstehen und Vorbereiten<\/a> beinhaltet Informationen zu Daten im Salon, welche sind von der DSGVO betroffen, wer ist wof\u00fcr verantwortlich, wie wird man DSGVO-konform, Einwilligungserkl\u00e4rungen, und vieles mehr.<\/p>\n<p>Dieses Mal geht es im Phorest Salonsoftware\u00a0<em>\u201cHandbuch f\u00fcr Saloninhaber &#8211; DSGVO FAQ&#8221;\u00a0<\/em>um <a href=\"https:\/\/www.phorest.com\/de\/ressourcen\/dsgvo-faq-ebook\/\" rel=\"noopener\">die Fragen, die uns Saloninhaber in ganz Europa am h\u00e4ufigsten gestellt haben<\/a>:<\/p>\n<\/div>\n<\/div>\n<\/div>\n<div class=\"page\" title=\"Page 3\">\n<div class=\"layoutArea\">\n<div class=\"column\">\n<div class=\"page\" title=\"Page 2\">\n<div class=\"layoutArea\">\n<div class=\"column\">\n<ol>\n<li><strong>Allgemeine Fragen<\/strong><\/li>\n<li><strong>Schweiz<\/strong><\/li>\n<li><strong>Personenbezogene Daten<\/strong><\/li>\n<li><strong>Einwilligung<\/strong><\/li>\n<li><strong>Datenspeicherung<\/strong><\/li>\n<li><strong>Versicherung<\/strong><\/li>\n<li><strong>Produkt<\/strong><\/li>\n<li><strong>Marketing<\/strong><\/li>\n<li><strong>Minderj\u00e4hrige\/Kinder<\/strong><\/li>\n<\/ol>\n<p><a href=\"https:\/\/www.phorest.com\/de\/ressourcen\/dsgvo-faq-ebook\/\"><b>Klicke hier f\u00fcr dein kostenloses Exemplar<\/b><\/a><\/p>\n<h5><em><strong>Wichtig.<\/strong>\u00a0Dieses Dokument dient ausschlie\u00dflich zur Unterst\u00fctzung und enth\u00e4lt weder rechtliche Beratung, noch rechtliche Analysen. Alle Unternehmen u.\u00c4., die Daten verarbeiten oder kontrollieren, m\u00fcssen dar\u00fcber in Kenntnis gesetzt werden, dass die Datenschutz-Grundverordnung (DSGVO) sie direkt betrifft. Die Verantwortung, sich mit diesen Bestimmungen vertraut zu machen und den darin enthaltenen Richtlinien ab dem 25. Mai 2018 nachzukommen, liegt daher beim Salon. Den Unternehmen wird im Fall spezifischer, rechtlicher Fragen oder Probleme oder um ihre eigenen Arbeitsprozesse und -vorg\u00e4nge zu \u00fcberpr\u00fcfen und auszubauen empfohlen, eine unabh\u00e4ngige Rechtsberatung in Anspruch zu nehmen.<br \/>\nDieses Dokument ist lediglich eine Sammlung von Fragen, die wir von Saloninhabern gestellt bekommen haben und auf die wir einfach verst\u00e4ndliche Antworten gesucht haben. Wir k\u00f6nnen jedoch nicht daf\u00fcr garantieren, dass die Antworten rechtsg\u00fcltig sind, bzw. dass sich die rechtliche Lage nicht \u00e4ndern wird. Stand Juni 2018.<br \/>\n<\/em><\/h5>\n<p>Wenn du von uns beraten werden m\u00f6chtest, melde dich doch unter:<\/p>\n<ul>\n<li>Tel: +49 (0)221 999 68 130<\/li>\n<li>E-Mail <a href=\"mailto:hallo@phorest.de\" target=\"_blank\" rel=\"noopener noreferrer\">hallo@phorest.de<\/a><\/li>\n<\/ul>\n<figure id=\"attachment_33592\" aria-describedby=\"caption-attachment-33592\" style=\"width: 676px\" class=\"wp-caption alignnone\"><a href=\"https:\/\/www.phorest.com\/de\/ressourcen\/dsgvo-faq-ebook\/\"><img loading=\"lazy\" decoding=\"async\" class=\"wp-image-33592\" src=\"https:\/\/d2dfxqxblmblx4.cloudfront.net\/wp-content\/uploads\/2018\/06\/20103500\/DSGVOFAQ_Banner-1024x429.png\" alt=\"DSGVO FAQ Datenschutz eBook\" width=\"676\" height=\"283\" srcset=\"https:\/\/d2dfxqxblmblx4.cloudfront.net\/wp-content\/uploads\/2018\/06\/20103500\/DSGVOFAQ_Banner-1024x429.png 1024w, https:\/\/d2dfxqxblmblx4.cloudfront.net\/wp-content\/uploads\/2018\/06\/20103500\/DSGVOFAQ_Banner-300x126.png 300w, https:\/\/d2dfxqxblmblx4.cloudfront.net\/wp-content\/uploads\/2018\/06\/20103500\/DSGVOFAQ_Banner-768x322.png 768w, https:\/\/d2dfxqxblmblx4.cloudfront.net\/wp-content\/uploads\/2018\/06\/20103500\/DSGVOFAQ_Banner.png 1431w\" sizes=\"auto, (max-width: 676px) 100vw, 676px\" \/><\/a><figcaption id=\"caption-attachment-33592\" class=\"wp-caption-text\">Klicke hier um dein eBook herunterzuladen<\/figcaption><\/figure>\n<\/div>\n<\/div>\n<\/div>\n<\/div>\n<div class=\"page\" title=\"Page 3\">\n<div class=\"layoutArea\">\n<h2>Weiteres Infomaterial<\/h2>\n<h3>Handbuch f\u00fcr Saloninhaber zum Datenschutz: DSGVO &#8211; Verstehen &amp; Vorbereiten<\/h3>\n<ul>\n<li><a href=\"https:\/\/www.phorest.com\/de\/blog\/salon-gdpr-faqs-ebook\/\">Link zur Salon-DSGVO Webseite<\/a><\/li>\n<li><a href=\"https:\/\/www.phorest.com\/de\/ressourcen\/dsgvo-faq-ebook\/\">Link zum eBook<\/a><\/li>\n<\/ul>\n<\/div>\n<div class=\"layoutArea\">\n<h3>Das Phorest Academy Salon DSGVO Webinar<\/h3>\n<ul>\n<li><a href=\"https:\/\/www.phorest.com\/de\/ressourcen\/dsgvo-verstehen-und-vorbereiten\/\">Hier kannst du dir die Aufzeichnung unseres 1-St\u00fcndigen Webinars zum Datenschutz im Salon ansehen &#8211; nat\u00fcrlich kostenlos!<\/a><\/li>\n<\/ul>\n<h3 class=\"entry-title\">Neues Feature: Die Digitalen Konsultationsformulare von Phorest<\/h3>\n<p>Mit diesem neuesten Feature der Phorest Salonsoftware, den Digitalen Konsultationsformularen, kannst du deinen <strong>Salon komplett von Papier befreien<\/strong>, denn alle\u00a0ausgef\u00fcllten Formulare\u00a0werden sofort digital auf\u00a0der Kundenkarte gespeichert! Kurz gefasst: du kannst deine eigenen Formulare erstellen und von den Kunden auf deinem iPad oder Android Tablet ausf\u00fcllen lassen, sobald sie in den Salon kommen. Du wirst eine vollst\u00e4ndige \u00dcbersicht dar\u00fcber haben, wann die Formulare ausgef\u00fcllt wurden, und dein Personal kann nachder Behandlung jeweils noch Notizen einf\u00fcgen. Das Beste? Deine Kunden unterschreiben die Formulare <strong>direkt digital<\/strong>!<\/p>\n<div style=\"position: relative; height: 0; padding-bottom: 5.25%;\">Du hast Feedback oder Anmerkungen?Schreib uns auf <a href=\"https:\/\/www.facebook.com\/phorestsalonsoftwarede\">Facebook<\/a>\u00a0!\u00a0(Pssst! Wir sind auch auf\u00a0<a href=\"https:\/\/www.instagram.com\/phorestsalonsoftware\/?hl=en\" rel=\"noopener\">Instagram<\/a><\/div>\n<div style=\"position: relative; height: 0; padding-bottom: 5.25%;\">Danke f\u00fcr&#8217;s Lesen! #LetsGrow<\/div>\n<\/div>\n<\/div>\n<\/div>\n<\/div>\n","protected":false},"excerpt":{"rendered":"<p>Die neue Datenschutzverordnung raubt dir immer noch den Schlaf und verschafft dir graue Haare? Am 25. Mai ist die DSGVO in Kraft getreten;\u00a0ein heftiges St\u00fcck Legislatur, dessen Umsetzung\u00a0mehr als nur ein paar H\u00e4nde braucht. Manche Konzepte sind immer noch unklar? Manche Definitionen f\u00fchlen sich einfach noch nicht richtig an? Bei manchen Dingen bist du dir &hellip; <a href=\"https:\/\/www.phorest.com\/de\/blog\/salon-gdpr-faqs-ebook\/\">Continued<\/a><\/p>\n","protected":false},"author":25,"featured_media":33594,"comment_status":"closed","ping_status":"open","sticky":false,"template":"","format":"standard","meta":{"_acf_changed":false,"footnotes":""},"categories":[3749],"tags":[6720,7002,6962,7003,5415,6472,6961,7004,71,7005],"class_list":["post-33568","post","type-post","status-publish","format-standard","has-post-thumbnail","hentry","category-freebies-giveaways","tag-digital-consultation-forms","tag-digital-consultation-forms-de","tag-faqs","tag-faqs-de","tag-gdpr","tag-gdpr-de","tag-general-protection-data-regulation","tag-general-protection-data-regulation-de","tag-phorest-salon-software","tag-phorest-salon-software-de"],"acf":[],"yoast_head":"<!-- This site is optimized with the Yoast SEO plugin v25.1 - https:\/\/yoast.com\/wordpress\/plugins\/seo\/ -->\n<title>Hol&#039; dir dein Exemplar: das DSGVO FAQ eBook f\u00fcr Saloninhaber | Phorest<\/title>\n<meta name=\"description\" content=\"Is getting to grips with the latest European data protection law giving you a few strands of white hair? Download the latest Salon Owner\u2019s GDPR FAQs eBook!\" \/>\n<meta name=\"robots\" content=\"index, follow, max-snippet:-1, max-image-preview:large, max-video-preview:-1\" \/>\n<link rel=\"canonical\" href=\"https:\/\/www.phorest.com\/de\/blog\/salon-gdpr-faqs-ebook\/\" \/>\n<meta property=\"og:locale\" content=\"de_DE\" \/>\n<meta property=\"og:type\" content=\"article\" \/>\n<meta property=\"og:title\" content=\"Hol&#039; dir dein Exemplar: das DSGVO FAQ eBook f\u00fcr Saloninhaber | Phorest\" \/>\n<meta property=\"og:description\" content=\"Is getting to grips with the latest European data protection law giving you a few strands of white hair? Download the latest Salon Owner\u2019s GDPR FAQs eBook!\" \/>\n<meta property=\"og:url\" content=\"https:\/\/www.phorest.com\/de\/blog\/salon-gdpr-faqs-ebook\/\" \/>\n<meta property=\"og:site_name\" content=\"Phorest\" \/>\n<meta property=\"article:publisher\" content=\"https:\/\/www.facebook.com\/phorestsalonsoftware\" \/>\n<meta property=\"article:published_time\" content=\"2018-06-20T17:57:05+00:00\" \/>\n<meta property=\"article:modified_time\" content=\"2022-08-29T08:37:40+00:00\" \/>\n<meta property=\"og:image\" content=\"https:\/\/d2dfxqxblmblx4.cloudfront.net\/wp-content\/uploads\/2018\/06\/20112109\/DSGVOFAQs_1153x442-150x150.png\" \/>\n\t<meta property=\"og:image:width\" content=\"1153\" \/>\n\t<meta property=\"og:image:height\" content=\"442\" \/>\n\t<meta property=\"og:image:type\" content=\"image\/png\" \/>\n<meta name=\"author\" content=\"Alex B\u00e9lisle-Springer\" \/>\n<meta name=\"twitter:card\" content=\"summary_large_image\" \/>\n<meta name=\"twitter:image\" content=\"https:\/\/d2dfxqxblmblx4.cloudfront.net\/wp-content\/uploads\/2018\/06\/20112109\/DSGVOFAQs_1153x442-150x150.png\" \/>\n<meta name=\"twitter:creator\" content=\"@thephorestword\" \/>\n<meta name=\"twitter:site\" content=\"@thephorestword\" \/>\n<meta name=\"twitter:label1\" content=\"Written by\" \/>\n\t<meta name=\"twitter:data1\" content=\"Alex B\u00e9lisle-Springer\" \/>\n\t<meta name=\"twitter:label2\" content=\"Est. reading time\" \/>\n\t<meta name=\"twitter:data2\" content=\"3 minutes\" \/>\n<script type=\"application\/ld+json\" class=\"yoast-schema-graph\">{\"@context\":\"https:\/\/schema.org\",\"@graph\":[{\"@type\":\"Article\",\"@id\":\"https:\/\/www.phorest.com\/de\/blog\/salon-gdpr-faqs-ebook\/#article\",\"isPartOf\":{\"@id\":\"https:\/\/www.phorest.com\/de\/blog\/salon-gdpr-faqs-ebook\/\"},\"author\":{\"name\":\"Alex B\u00e9lisle-Springer\",\"@id\":\"https:\/\/www.phorest.com\/de\/#\/schema\/person\/ffd80693198c2f00b7eb7a39d1894c55\"},\"headline\":\"Hol&#8217; dir dein Exemplar: das DSGVO FAQ eBook f\u00fcr Saloninhaber\",\"datePublished\":\"2018-06-20T17:57:05+00:00\",\"dateModified\":\"2022-08-29T08:37:40+00:00\",\"mainEntityOfPage\":{\"@id\":\"https:\/\/www.phorest.com\/de\/blog\/salon-gdpr-faqs-ebook\/\"},\"wordCount\":660,\"publisher\":{\"@id\":\"https:\/\/www.phorest.com\/de\/#organization\"},\"image\":{\"@id\":\"https:\/\/www.phorest.com\/de\/blog\/salon-gdpr-faqs-ebook\/#primaryimage\"},\"thumbnailUrl\":\"https:\/\/d2dfxqxblmblx4.cloudfront.net\/wp-content\/uploads\/2018\/06\/20112109\/DSGVOFAQs_1153x442.png\",\"keywords\":[\"digital consultation forms\",\"digital consultation forms\",\"faqs\",\"faqs\",\"gdpr\",\"gdpr\",\"general protection data regulation\",\"general protection data regulation\",\"phorest salon software\",\"phorest salon software\"],\"articleSection\":[\"Freebies &amp; Giveaways\"],\"inLanguage\":\"de\"},{\"@type\":\"WebPage\",\"@id\":\"https:\/\/www.phorest.com\/de\/blog\/salon-gdpr-faqs-ebook\/\",\"url\":\"https:\/\/www.phorest.com\/de\/blog\/salon-gdpr-faqs-ebook\/\",\"name\":\"Hol' dir dein Exemplar: das DSGVO FAQ eBook f\u00fcr Saloninhaber | Phorest\",\"isPartOf\":{\"@id\":\"https:\/\/www.phorest.com\/de\/#website\"},\"primaryImageOfPage\":{\"@id\":\"https:\/\/www.phorest.com\/de\/blog\/salon-gdpr-faqs-ebook\/#primaryimage\"},\"image\":{\"@id\":\"https:\/\/www.phorest.com\/de\/blog\/salon-gdpr-faqs-ebook\/#primaryimage\"},\"thumbnailUrl\":\"https:\/\/d2dfxqxblmblx4.cloudfront.net\/wp-content\/uploads\/2018\/06\/20112109\/DSGVOFAQs_1153x442.png\",\"datePublished\":\"2018-06-20T17:57:05+00:00\",\"dateModified\":\"2022-08-29T08:37:40+00:00\",\"description\":\"Is getting to grips with the latest European data protection law giving you a few strands of white hair? Download the latest Salon Owner\u2019s GDPR FAQs eBook!\",\"breadcrumb\":{\"@id\":\"https:\/\/www.phorest.com\/de\/blog\/salon-gdpr-faqs-ebook\/#breadcrumb\"},\"inLanguage\":\"de\",\"potentialAction\":[{\"@type\":\"ReadAction\",\"target\":[\"https:\/\/www.phorest.com\/de\/blog\/salon-gdpr-faqs-ebook\/\"]}]},{\"@type\":\"ImageObject\",\"inLanguage\":\"de\",\"@id\":\"https:\/\/www.phorest.com\/de\/blog\/salon-gdpr-faqs-ebook\/#primaryimage\",\"url\":\"https:\/\/d2dfxqxblmblx4.cloudfront.net\/wp-content\/uploads\/2018\/06\/20112109\/DSGVOFAQs_1153x442.png\",\"contentUrl\":\"https:\/\/d2dfxqxblmblx4.cloudfront.net\/wp-content\/uploads\/2018\/06\/20112109\/DSGVOFAQs_1153x442.png\",\"width\":1153,\"height\":442},{\"@type\":\"BreadcrumbList\",\"@id\":\"https:\/\/www.phorest.com\/de\/blog\/salon-gdpr-faqs-ebook\/#breadcrumb\",\"itemListElement\":[{\"@type\":\"ListItem\",\"position\":1,\"name\":\"Home\",\"item\":\"https:\/\/www.phorest.com\/de\/\"},{\"@type\":\"ListItem\",\"position\":2,\"name\":\"Hol&#8217; dir dein Exemplar: das DSGVO FAQ eBook f\u00fcr Saloninhaber\"}]},{\"@type\":\"WebSite\",\"@id\":\"https:\/\/www.phorest.com\/de\/#website\",\"url\":\"https:\/\/www.phorest.com\/de\/\",\"name\":\"Phorest\",\"description\":\"Salon Software - Hair &amp; Beauty - UK for Spa Management &amp; Appointments\",\"publisher\":{\"@id\":\"https:\/\/www.phorest.com\/de\/#organization\"},\"potentialAction\":[{\"@type\":\"SearchAction\",\"target\":{\"@type\":\"EntryPoint\",\"urlTemplate\":\"https:\/\/www.phorest.com\/de\/?s={search_term_string}\"},\"query-input\":{\"@type\":\"PropertyValueSpecification\",\"valueRequired\":true,\"valueName\":\"search_term_string\"}}],\"inLanguage\":\"de\"},{\"@type\":\"Organization\",\"@id\":\"https:\/\/www.phorest.com\/de\/#organization\",\"name\":\"Phorest Salon Software\",\"url\":\"https:\/\/www.phorest.com\/de\/\",\"logo\":{\"@type\":\"ImageObject\",\"inLanguage\":\"de\",\"@id\":\"https:\/\/www.phorest.com\/de\/#\/schema\/logo\/image\/\",\"url\":\"https:\/\/d2dfxqxblmblx4.cloudfront.net\/wp-content\/uploads\/2019\/10\/24141402\/phorest-acorn-logo1.png\",\"contentUrl\":\"https:\/\/d2dfxqxblmblx4.cloudfront.net\/wp-content\/uploads\/2019\/10\/24141402\/phorest-acorn-logo1.png\",\"width\":201,\"height\":202,\"caption\":\"Phorest Salon Software\"},\"image\":{\"@id\":\"https:\/\/www.phorest.com\/de\/#\/schema\/logo\/image\/\"},\"sameAs\":[\"https:\/\/www.facebook.com\/phorestsalonsoftware\",\"https:\/\/x.com\/thephorestword\",\"https:\/\/instagram.com\/phorest_salon_software\",\"https:\/\/www.linkedin.com\/company\/phorest?trk=company_name\",\"https:\/\/www.pinterest.com\/phorestss\/\",\"https:\/\/plus.google.com\/u\/0\/b\/101418954139594616916\/101418954139594616916\/posts\/p\/pub\"]},{\"@type\":\"Person\",\"@id\":\"https:\/\/www.phorest.com\/de\/#\/schema\/person\/ffd80693198c2f00b7eb7a39d1894c55\",\"name\":\"Alex B\u00e9lisle-Springer\",\"image\":{\"@type\":\"ImageObject\",\"inLanguage\":\"de\",\"@id\":\"https:\/\/www.phorest.com\/de\/#\/schema\/person\/image\/\",\"url\":\"https:\/\/d2dfxqxblmblx4.cloudfront.net\/wp-content\/uploads\/2026\/03\/09222339\/AlexBelisle-Springer_Headshot_2026_byHannahCoveyPhoto-8759-150x150.jpg\",\"contentUrl\":\"https:\/\/d2dfxqxblmblx4.cloudfront.net\/wp-content\/uploads\/2026\/03\/09222339\/AlexBelisle-Springer_Headshot_2026_byHannahCoveyPhoto-8759-150x150.jpg\",\"caption\":\"Alex B\u00e9lisle-Springer\"},\"description\":\"Alex B\u00e9lisle-Springer is the Producer\/Resident Host of the PhorestFM podcast and the Global Education Content Lead at Phorest Salon Software. In his global education role at Phorest, he serves as an advisor for education-focused content and is a key co-creator of business education online courses for Phorest Academy, collaborating with owners, industry coaches, and consultants. As a recognized podcaster, writer, and public speaker, Alex's signature is his intentionality, his profound, thought-provoking questions, and his commitment to helping bring the industry closer together. You can find some of Alex\u2019s written pieces on the\u00a0Phorest Blog,\u00a0Beauty Launchpad,\u00a0WellSpa 360 Magazine,\u00a0SalonEVO,\u00a0Salon Today,\u00a0Professional Beauty UK,\u00a0Thrive Global,\u00a0and\u00a0Authority Magazine.\u00a0He\u2019s also delivered webinars and workshops for The Fellowship for British Hairdressing, Creative Head Salon Smart, and spoken at conferences including the Salon Owners Summit 2024 &amp; 2025, Modern Salon\u2019s Digital Summit, the Thrive Sessions, Seattle Interactive 2018, and Uppercase.\",\"sameAs\":[\"https:\/\/www.instagram.com\/a.belspring\",\"https:\/\/www.linkedin.com\/in\/alexbelislespringer\/\"],\"url\":\"https:\/\/www.phorest.com\/de\/blog\/author\/zoe-belisle-springer\/\"}]}<\/script>\n<!-- \/ Yoast SEO plugin. -->","yoast_head_json":{"title":"Hol' dir dein Exemplar: das DSGVO FAQ eBook f\u00fcr Saloninhaber | Phorest","description":"Is getting to grips with the latest European data protection law giving you a few strands of white hair? Download the latest Salon Owner\u2019s GDPR FAQs eBook!","robots":{"index":"index","follow":"follow","max-snippet":"max-snippet:-1","max-image-preview":"max-image-preview:large","max-video-preview":"max-video-preview:-1"},"canonical":"https:\/\/www.phorest.com\/de\/blog\/salon-gdpr-faqs-ebook\/","og_locale":"de_DE","og_type":"article","og_title":"Hol' dir dein Exemplar: das DSGVO FAQ eBook f\u00fcr Saloninhaber | Phorest","og_description":"Is getting to grips with the latest European data protection law giving you a few strands of white hair? Download the latest Salon Owner\u2019s GDPR FAQs eBook!","og_url":"https:\/\/www.phorest.com\/de\/blog\/salon-gdpr-faqs-ebook\/","og_site_name":"Phorest","article_publisher":"https:\/\/www.facebook.com\/phorestsalonsoftware","article_published_time":"2018-06-20T17:57:05+00:00","article_modified_time":"2022-08-29T08:37:40+00:00","og_image":[{"width":1153,"height":442,"url":"https:\/\/d2dfxqxblmblx4.cloudfront.net\/wp-content\/uploads\/2018\/06\/20112109\/DSGVOFAQs_1153x442-150x150.png","type":"image\/png"}],"author":"Alex B\u00e9lisle-Springer","twitter_card":"summary_large_image","twitter_image":"https:\/\/d2dfxqxblmblx4.cloudfront.net\/wp-content\/uploads\/2018\/06\/20112109\/DSGVOFAQs_1153x442-150x150.png","twitter_creator":"@thephorestword","twitter_site":"@thephorestword","twitter_misc":{"Written by":"Alex B\u00e9lisle-Springer","Est. reading time":"3 minutes"},"schema":{"@context":"https:\/\/schema.org","@graph":[{"@type":"Article","@id":"https:\/\/www.phorest.com\/de\/blog\/salon-gdpr-faqs-ebook\/#article","isPartOf":{"@id":"https:\/\/www.phorest.com\/de\/blog\/salon-gdpr-faqs-ebook\/"},"author":{"name":"Alex B\u00e9lisle-Springer","@id":"https:\/\/www.phorest.com\/de\/#\/schema\/person\/ffd80693198c2f00b7eb7a39d1894c55"},"headline":"Hol&#8217; dir dein Exemplar: das DSGVO FAQ eBook f\u00fcr Saloninhaber","datePublished":"2018-06-20T17:57:05+00:00","dateModified":"2022-08-29T08:37:40+00:00","mainEntityOfPage":{"@id":"https:\/\/www.phorest.com\/de\/blog\/salon-gdpr-faqs-ebook\/"},"wordCount":660,"publisher":{"@id":"https:\/\/www.phorest.com\/de\/#organization"},"image":{"@id":"https:\/\/www.phorest.com\/de\/blog\/salon-gdpr-faqs-ebook\/#primaryimage"},"thumbnailUrl":"https:\/\/d2dfxqxblmblx4.cloudfront.net\/wp-content\/uploads\/2018\/06\/20112109\/DSGVOFAQs_1153x442.png","keywords":["digital consultation forms","digital consultation forms","faqs","faqs","gdpr","gdpr","general protection data regulation","general protection data regulation","phorest salon software","phorest salon software"],"articleSection":["Freebies &amp; Giveaways"],"inLanguage":"de"},{"@type":"WebPage","@id":"https:\/\/www.phorest.com\/de\/blog\/salon-gdpr-faqs-ebook\/","url":"https:\/\/www.phorest.com\/de\/blog\/salon-gdpr-faqs-ebook\/","name":"Hol' dir dein Exemplar: das DSGVO FAQ eBook f\u00fcr Saloninhaber | Phorest","isPartOf":{"@id":"https:\/\/www.phorest.com\/de\/#website"},"primaryImageOfPage":{"@id":"https:\/\/www.phorest.com\/de\/blog\/salon-gdpr-faqs-ebook\/#primaryimage"},"image":{"@id":"https:\/\/www.phorest.com\/de\/blog\/salon-gdpr-faqs-ebook\/#primaryimage"},"thumbnailUrl":"https:\/\/d2dfxqxblmblx4.cloudfront.net\/wp-content\/uploads\/2018\/06\/20112109\/DSGVOFAQs_1153x442.png","datePublished":"2018-06-20T17:57:05+00:00","dateModified":"2022-08-29T08:37:40+00:00","description":"Is getting to grips with the latest European data protection law giving you a few strands of white hair? Download the latest Salon Owner\u2019s GDPR FAQs eBook!","breadcrumb":{"@id":"https:\/\/www.phorest.com\/de\/blog\/salon-gdpr-faqs-ebook\/#breadcrumb"},"inLanguage":"de","potentialAction":[{"@type":"ReadAction","target":["https:\/\/www.phorest.com\/de\/blog\/salon-gdpr-faqs-ebook\/"]}]},{"@type":"ImageObject","inLanguage":"de","@id":"https:\/\/www.phorest.com\/de\/blog\/salon-gdpr-faqs-ebook\/#primaryimage","url":"https:\/\/d2dfxqxblmblx4.cloudfront.net\/wp-content\/uploads\/2018\/06\/20112109\/DSGVOFAQs_1153x442.png","contentUrl":"https:\/\/d2dfxqxblmblx4.cloudfront.net\/wp-content\/uploads\/2018\/06\/20112109\/DSGVOFAQs_1153x442.png","width":1153,"height":442},{"@type":"BreadcrumbList","@id":"https:\/\/www.phorest.com\/de\/blog\/salon-gdpr-faqs-ebook\/#breadcrumb","itemListElement":[{"@type":"ListItem","position":1,"name":"Home","item":"https:\/\/www.phorest.com\/de\/"},{"@type":"ListItem","position":2,"name":"Hol&#8217; dir dein Exemplar: das DSGVO FAQ eBook f\u00fcr Saloninhaber"}]},{"@type":"WebSite","@id":"https:\/\/www.phorest.com\/de\/#website","url":"https:\/\/www.phorest.com\/de\/","name":"Phorest","description":"Salon Software - Hair &amp; Beauty - UK for Spa Management &amp; Appointments","publisher":{"@id":"https:\/\/www.phorest.com\/de\/#organization"},"potentialAction":[{"@type":"SearchAction","target":{"@type":"EntryPoint","urlTemplate":"https:\/\/www.phorest.com\/de\/?s={search_term_string}"},"query-input":{"@type":"PropertyValueSpecification","valueRequired":true,"valueName":"search_term_string"}}],"inLanguage":"de"},{"@type":"Organization","@id":"https:\/\/www.phorest.com\/de\/#organization","name":"Phorest Salon Software","url":"https:\/\/www.phorest.com\/de\/","logo":{"@type":"ImageObject","inLanguage":"de","@id":"https:\/\/www.phorest.com\/de\/#\/schema\/logo\/image\/","url":"https:\/\/d2dfxqxblmblx4.cloudfront.net\/wp-content\/uploads\/2019\/10\/24141402\/phorest-acorn-logo1.png","contentUrl":"https:\/\/d2dfxqxblmblx4.cloudfront.net\/wp-content\/uploads\/2019\/10\/24141402\/phorest-acorn-logo1.png","width":201,"height":202,"caption":"Phorest Salon Software"},"image":{"@id":"https:\/\/www.phorest.com\/de\/#\/schema\/logo\/image\/"},"sameAs":["https:\/\/www.facebook.com\/phorestsalonsoftware","https:\/\/x.com\/thephorestword","https:\/\/instagram.com\/phorest_salon_software","https:\/\/www.linkedin.com\/company\/phorest?trk=company_name","https:\/\/www.pinterest.com\/phorestss\/","https:\/\/plus.google.com\/u\/0\/b\/101418954139594616916\/101418954139594616916\/posts\/p\/pub"]},{"@type":"Person","@id":"https:\/\/www.phorest.com\/de\/#\/schema\/person\/ffd80693198c2f00b7eb7a39d1894c55","name":"Alex B\u00e9lisle-Springer","image":{"@type":"ImageObject","inLanguage":"de","@id":"https:\/\/www.phorest.com\/de\/#\/schema\/person\/image\/","url":"https:\/\/d2dfxqxblmblx4.cloudfront.net\/wp-content\/uploads\/2026\/03\/09222339\/AlexBelisle-Springer_Headshot_2026_byHannahCoveyPhoto-8759-150x150.jpg","contentUrl":"https:\/\/d2dfxqxblmblx4.cloudfront.net\/wp-content\/uploads\/2026\/03\/09222339\/AlexBelisle-Springer_Headshot_2026_byHannahCoveyPhoto-8759-150x150.jpg","caption":"Alex B\u00e9lisle-Springer"},"description":"Alex B\u00e9lisle-Springer is the Producer\/Resident Host of the PhorestFM podcast and the Global Education Content Lead at Phorest Salon Software. In his global education role at Phorest, he serves as an advisor for education-focused content and is a key co-creator of business education online courses for Phorest Academy, collaborating with owners, industry coaches, and consultants. As a recognized podcaster, writer, and public speaker, Alex's signature is his intentionality, his profound, thought-provoking questions, and his commitment to helping bring the industry closer together. You can find some of Alex\u2019s written pieces on the\u00a0Phorest Blog,\u00a0Beauty Launchpad,\u00a0WellSpa 360 Magazine,\u00a0SalonEVO,\u00a0Salon Today,\u00a0Professional Beauty UK,\u00a0Thrive Global,\u00a0and\u00a0Authority Magazine.\u00a0He\u2019s also delivered webinars and workshops for The Fellowship for British Hairdressing, Creative Head Salon Smart, and spoken at conferences including the Salon Owners Summit 2024 &amp; 2025, Modern Salon\u2019s Digital Summit, the Thrive Sessions, Seattle Interactive 2018, and Uppercase.","sameAs":["https:\/\/www.instagram.com\/a.belspring","https:\/\/www.linkedin.com\/in\/alexbelislespringer\/"],"url":"https:\/\/www.phorest.com\/de\/blog\/author\/zoe-belisle-springer\/"}]}},"_links":{"self":[{"href":"https:\/\/www.phorest.com\/de\/wp-json\/wp\/v2\/posts\/33568","targetHints":{"allow":["GET"]}}],"collection":[{"href":"https:\/\/www.phorest.com\/de\/wp-json\/wp\/v2\/posts"}],"about":[{"href":"https:\/\/www.phorest.com\/de\/wp-json\/wp\/v2\/types\/post"}],"author":[{"embeddable":true,"href":"https:\/\/www.phorest.com\/de\/wp-json\/wp\/v2\/users\/25"}],"replies":[{"embeddable":true,"href":"https:\/\/www.phorest.com\/de\/wp-json\/wp\/v2\/comments?post=33568"}],"version-history":[{"count":5,"href":"https:\/\/www.phorest.com\/de\/wp-json\/wp\/v2\/posts\/33568\/revisions"}],"predecessor-version":[{"id":114877,"href":"https:\/\/www.phorest.com\/de\/wp-json\/wp\/v2\/posts\/33568\/revisions\/114877"}],"wp:featuredmedia":[{"embeddable":true,"href":"https:\/\/www.phorest.com\/de\/wp-json\/wp\/v2\/media\/33594"}],"wp:attachment":[{"href":"https:\/\/www.phorest.com\/de\/wp-json\/wp\/v2\/media?parent=33568"}],"wp:term":[{"taxonomy":"category","embeddable":true,"href":"https:\/\/www.phorest.com\/de\/wp-json\/wp\/v2\/categories?post=33568"},{"taxonomy":"post_tag","embeddable":true,"href":"https:\/\/www.phorest.com\/de\/wp-json\/wp\/v2\/tags?post=33568"}],"curies":[{"name":"wp","href":"https:\/\/api.w.org\/{rel}","templated":true}]}}