{"id":62906,"date":"2019-09-10T13:41:52","date_gmt":"2019-09-10T13:41:52","guid":{"rendered":"https:\/\/www.phorest.com\/?p=62906"},"modified":"2019-11-05T12:40:49","modified_gmt":"2019-11-05T12:40:49","slug":"digitalisierung-coiffeursalons-intercoiffure-schweiz","status":"publish","type":"post","link":"https:\/\/www.phorest.com\/de\/blog\/digitalisierung-coiffeursalons-intercoiffure-schweiz\/","title":{"rendered":"Neue Partnerschaft f\u00fcr Digitalisierung &#038; Innovation mit Intercoiffure Schweiz"},"content":{"rendered":"\n<h4 class=\"wp-block-heading\">Diesen Sommer hat sich Intercoiffure Schweiz, als Verband exklusiver Coiffeursalons, mit Phorest, einem Anbieter exklusiver Salonsoftware zusammengetan, um gemeinsam die Zukunft der Premiumsalons der Schweiz vorzubereiten.&nbsp;<\/h4>\n\n\n\n<p>Auf den Fortschritt der Technik kann man schimpfen oder man kann ihn annehmen und sich einen Partner suchen, der einem in den Schritten zum digitalen Erfolg, begleitet. Unsere Kunden wissen, dass das die Mission unseres Teams und unserer Software ist und wir freuen uns, dass Intercoiffure Suisse das gleiche Ziel verfolgt und wir gemeinsam daran arbeiten werden.<\/p>\n\n\n\n<p>Handwerk, Exklusivit\u00e4t und Innovation passen bestens zusammen, wie Intercoiffure Suisse schon l\u00e4nger bewiesen hat. Genau diese Einstellung vertritt auch Phorest, die ihre Salonsoftware perfekt auf die Bed\u00fcrfnisse von Coiffeur und Beautysalons entwickelt hat, mit Blick auf die Optimierung und Perfektionierung ihres Gesch\u00e4ftes. <br><\/p>\n\n\n\n<h3 class=\"wp-block-heading\">Warum Phorest und Intercoiffure?<\/h3>\n\n\n\n<p>Sowohl Phorest als auch Intercoiffure sehen sich als Verfechter und Unterst\u00fctzer von Premiumsalons weltweit. Der Fokus liegt bei beiden auf Qualit\u00e4t und Unternehmertum, weshalb diese Partnerschaft Sinn macht. Wir erhoffen uns davon, dass wir von Phorest von den Intercoiffure Mitgliedern lernen k\u00f6nnen und im Gegenzug, wollen wir der Branche helfen den Schritt in die Digitalisierung in guter Begleitung zu machen. Mit Workshops, Events und regelm\u00e4\u00dfigem Austausch hoffen wir unseren Intercoiffure Partner zu unterst\u00fctzen und auch unseren Service allen Salons gegen\u00fcber noch weiter zu verbessern. <\/p>\n\n\n\n<h3 class=\"wp-block-heading\">Und warum Intercoiffure in der Schweiz?<\/h3>\n\n\n\n<p>Phorest hat bereits viele Kunden in der Schweiz, deren Qualit\u00e4t wir jedesmal bewundern. Dieser ehrgeizige Markt ist eine sch\u00f6ne Gelegenheit f\u00fcr uns mehr zu lernen und direkte Erfolge zu sehen. Die Schweiz ist ein spannender Markt, der ehrgeizige Ziele und innovative Visionen hat und wir freuen uns auf die Zusammenarbeit!<\/p>\n\n\n\n<figure class=\"wp-block-image is-resized\"><img loading=\"lazy\" decoding=\"async\" src=\"https:\/\/d2dfxqxblmblx4.cloudfront.net\/2019\/09\/10105222\/Screenshot-2019-08-15-at-11.44.40-300x175.png\" alt=\"\" class=\"wp-image-63097\" width=\"509\" height=\"297\" srcset=\"https:\/\/d2dfxqxblmblx4.cloudfront.net\/2019\/09\/10105222\/Screenshot-2019-08-15-at-11.44.40-300x175.png 300w, https:\/\/d2dfxqxblmblx4.cloudfront.net\/2019\/09\/10105222\/Screenshot-2019-08-15-at-11.44.40-768x449.png 768w, https:\/\/d2dfxqxblmblx4.cloudfront.net\/2019\/09\/10105222\/Screenshot-2019-08-15-at-11.44.40-1024x599.png 1024w, https:\/\/d2dfxqxblmblx4.cloudfront.net\/2019\/09\/10105222\/Screenshot-2019-08-15-at-11.44.40.png 1728w\" sizes=\"auto, (max-width: 509px) 100vw, 509px\" \/><\/figure>\n\n\n\n<h3 class=\"wp-block-heading\">Was macht diese Zusammenarbeit so interessant?<\/h3>\n\n\n\n<p>Phorest unterscheidet sich von anderen Anbietern besonders durch eine innovative Marketingsuite, die viele Vorg\u00e4nge automatisiert&nbsp; &amp; personalisiert und Saloninhabern den Schritt in die Digitalisierung vereinfacht. Zus\u00e4tzlich bieten wir kostenlose Webinare zu Marketingbezogenen Themen um allen Saloninhabern diesen n\u00e4chsten Schritt so einfach wie m\u00f6glich zu machen. Marketing und Neukundengewinnung muss man nicht an Plattformen abgeben und so die Autonomie der Marke und des Unternehmens verlieren. <\/p>\n\n\n\n<p><strong>Intercoiffure Swiss und Phorest sind zusammengekommen, weil beide das gleiche Ziel haben: Salons dabei zu unterst\u00fctzen den Schritt in die Digitalisierung erfolgreich zu meistern und so die Salons der Zukunft zu werden.<\/strong><\/p>\n\n\n\n<h3 class=\"wp-block-heading\">Was ist das Ziel f\u00fcr Phorest?<\/h3>\n\n\n\n<p>Beide Seiten erhoffen sich von dieser Partnerschaft eine fruchtbare Zusammenarbeit &#8211; Events &amp; Workshops, die beiden Partnern neue Einsichten und Kenntnisse verschaffen.&nbsp;<br><\/p>\n\n\n\n<blockquote class=\"wp-block-quote is-layout-flow wp-block-quote-is-layout-flow\"><p><em>\u201cEs ist unsere Mission Salons dabei zu helfen, dass ihre Kunden h\u00e4ufiger in den Salon kommen und pro Besuch mehr ausgeben. Wir arbeiten bereits eng mit Intercoiffure in den USA zusammen, um dieses Ziel zu erreichen &#8211; und wir sind sehr gespannt auf den Schweizer Markt, der unserer Meinung nach einer der fortschrittlichsten Coiffeurm\u00e4rkte der Welt ist.\u201d<\/em><\/p><cite>Ronan Perceval, CEO und Gr\u00fcnder von Phorest Salon Software<\/cite><\/blockquote>\n\n\n\n<figure class=\"wp-block-image is-resized\"><img loading=\"lazy\" decoding=\"async\" src=\"https:\/\/d2dfxqxblmblx4.cloudfront.net\/wp-content\/uploads\/2018\/08\/20214830\/Ronan-Perceval.jpg\" alt=\"ronan perceval\" class=\"wp-image-36951\" width=\"219\" height=\"142\" srcset=\"https:\/\/d2dfxqxblmblx4.cloudfront.net\/wp-content\/uploads\/2018\/08\/20214830\/Ronan-Perceval.jpg 870w, https:\/\/d2dfxqxblmblx4.cloudfront.net\/wp-content\/uploads\/2018\/08\/20214830\/Ronan-Perceval-300x196.jpg 300w, https:\/\/d2dfxqxblmblx4.cloudfront.net\/wp-content\/uploads\/2018\/08\/20214830\/Ronan-Perceval-768x501.jpg 768w\" sizes=\"auto, (max-width: 219px) 100vw, 219px\" \/><\/figure>\n\n\n\n<h3 class=\"wp-block-heading\">Danke f\u00fcr&#8217;s Lesen und Let&#8217;s Grow!<\/h3>\n","protected":false},"excerpt":{"rendered":"<p>Diesen Sommer hat sich Intercoiffure Schweiz, als Verband exklusiver Coiffeursalons, mit Phorest, einem Anbieter exklusiver Salonsoftware zusammengetan, um gemeinsam die Zukunft der Premiumsalons der Schweiz vorzubereiten.&nbsp; Auf den Fortschritt der Technik kann man schimpfen oder man kann ihn annehmen und sich einen Partner suchen, der einem in den Schritten zum digitalen Erfolg, begleitet. Unsere Kunden &hellip; <a href=\"https:\/\/www.phorest.com\/de\/blog\/digitalisierung-coiffeursalons-intercoiffure-schweiz\/\">Continued<\/a><\/p>\n","protected":false},"author":40002,"featured_media":62908,"comment_status":"open","ping_status":"open","sticky":false,"template":"","format":"standard","meta":{"_acf_changed":false,"footnotes":""},"categories":[3748,3750],"tags":[],"class_list":["post-62906","post","type-post","status-publish","format-standard","has-post-thumbnail","hentry","category-news-events","category-phorest"],"acf":[],"yoast_head":"<!-- This site is optimized with the Yoast SEO plugin v25.1 - https:\/\/yoast.com\/wordpress\/plugins\/seo\/ -->\n<title>Neue Partnerschaft f\u00fcr Digitalisierung &amp; Innovation mit Intercoiffure Schweiz | Phorest<\/title>\n<meta name=\"description\" content=\"Diesen Sommer hat sich Intercoiffure Schweiz mit Phorest zusammengetan, um gemeinsam die digitale Zukunft der Pr\u00e4miumsalons der Schweiz vorzubereiten.\" \/>\n<meta name=\"robots\" content=\"index, follow, max-snippet:-1, max-image-preview:large, max-video-preview:-1\" \/>\n<link rel=\"canonical\" href=\"https:\/\/www.phorest.com\/de\/blog\/digitalisierung-coiffeursalons-intercoiffure-schweiz\/\" \/>\n<meta property=\"og:locale\" content=\"de_DE\" \/>\n<meta property=\"og:type\" content=\"article\" \/>\n<meta property=\"og:title\" content=\"Neue Partnerschaft f\u00fcr Digitalisierung &amp; Innovation mit Intercoiffure Schweiz | Phorest\" \/>\n<meta property=\"og:description\" content=\"Diesen Sommer hat sich Intercoiffure Schweiz mit Phorest zusammengetan, um gemeinsam die digitale Zukunft der Pr\u00e4miumsalons der Schweiz vorzubereiten.\" \/>\n<meta property=\"og:url\" content=\"https:\/\/www.phorest.com\/de\/blog\/digitalisierung-coiffeursalons-intercoiffure-schweiz\/\" \/>\n<meta property=\"og:site_name\" content=\"Phorest\" \/>\n<meta property=\"article:publisher\" content=\"https:\/\/www.facebook.com\/phorestsalonsoftware\" \/>\n<meta property=\"article:published_time\" content=\"2019-09-10T13:41:52+00:00\" \/>\n<meta property=\"article:modified_time\" content=\"2019-11-05T12:40:49+00:00\" \/>\n<meta property=\"og:image\" content=\"https:\/\/d2dfxqxblmblx4.cloudfront.net\/2019\/09\/09113315\/Screenshot-2019-08-15-at-11.54.10-e1568029192824-150x150.png\" \/>\n\t<meta property=\"og:image:width\" content=\"1153\" \/>\n\t<meta property=\"og:image:height\" content=\"443\" \/>\n\t<meta property=\"og:image:type\" content=\"image\/png\" \/>\n<meta name=\"author\" content=\"Sarada Li Loock\" \/>\n<meta name=\"twitter:card\" content=\"summary_large_image\" \/>\n<meta name=\"twitter:image\" content=\"https:\/\/d2dfxqxblmblx4.cloudfront.net\/2019\/09\/09113315\/Screenshot-2019-08-15-at-11.54.10-e1568029192824-150x150.png\" \/>\n<meta name=\"twitter:creator\" content=\"@thephorestword\" \/>\n<meta name=\"twitter:site\" content=\"@thephorestword\" \/>\n<meta name=\"twitter:label1\" content=\"Written by\" \/>\n\t<meta name=\"twitter:data1\" content=\"Sarada Li Loock\" \/>\n\t<meta name=\"twitter:label2\" content=\"Est. reading time\" \/>\n\t<meta name=\"twitter:data2\" content=\"2 minutes\" \/>\n<script type=\"application\/ld+json\" class=\"yoast-schema-graph\">{\"@context\":\"https:\/\/schema.org\",\"@graph\":[{\"@type\":\"Article\",\"@id\":\"https:\/\/www.phorest.com\/de\/blog\/digitalisierung-coiffeursalons-intercoiffure-schweiz\/#article\",\"isPartOf\":{\"@id\":\"https:\/\/www.phorest.com\/de\/blog\/digitalisierung-coiffeursalons-intercoiffure-schweiz\/\"},\"author\":{\"name\":\"Sarada Li Loock\",\"@id\":\"https:\/\/www.phorest.com\/de\/#\/schema\/person\/515219242d32ba18f75663bb363f1c10\"},\"headline\":\"Neue Partnerschaft f\u00fcr Digitalisierung &#038; Innovation mit Intercoiffure Schweiz\",\"datePublished\":\"2019-09-10T13:41:52+00:00\",\"dateModified\":\"2019-11-05T12:40:49+00:00\",\"mainEntityOfPage\":{\"@id\":\"https:\/\/www.phorest.com\/de\/blog\/digitalisierung-coiffeursalons-intercoiffure-schweiz\/\"},\"wordCount\":508,\"commentCount\":0,\"publisher\":{\"@id\":\"https:\/\/www.phorest.com\/de\/#organization\"},\"image\":{\"@id\":\"https:\/\/www.phorest.com\/de\/blog\/digitalisierung-coiffeursalons-intercoiffure-schweiz\/#primaryimage\"},\"thumbnailUrl\":\"https:\/\/d2dfxqxblmblx4.cloudfront.net\/2019\/09\/09113315\/Screenshot-2019-08-15-at-11.54.10-e1568029192824.png\",\"articleSection\":[\"News &amp; Events\",\"Phorest\"],\"inLanguage\":\"de\",\"potentialAction\":[{\"@type\":\"CommentAction\",\"name\":\"Comment\",\"target\":[\"https:\/\/www.phorest.com\/de\/blog\/digitalisierung-coiffeursalons-intercoiffure-schweiz\/#respond\"]}]},{\"@type\":\"WebPage\",\"@id\":\"https:\/\/www.phorest.com\/de\/blog\/digitalisierung-coiffeursalons-intercoiffure-schweiz\/\",\"url\":\"https:\/\/www.phorest.com\/de\/blog\/digitalisierung-coiffeursalons-intercoiffure-schweiz\/\",\"name\":\"Neue Partnerschaft f\u00fcr Digitalisierung & Innovation mit Intercoiffure Schweiz | Phorest\",\"isPartOf\":{\"@id\":\"https:\/\/www.phorest.com\/de\/#website\"},\"primaryImageOfPage\":{\"@id\":\"https:\/\/www.phorest.com\/de\/blog\/digitalisierung-coiffeursalons-intercoiffure-schweiz\/#primaryimage\"},\"image\":{\"@id\":\"https:\/\/www.phorest.com\/de\/blog\/digitalisierung-coiffeursalons-intercoiffure-schweiz\/#primaryimage\"},\"thumbnailUrl\":\"https:\/\/d2dfxqxblmblx4.cloudfront.net\/2019\/09\/09113315\/Screenshot-2019-08-15-at-11.54.10-e1568029192824.png\",\"datePublished\":\"2019-09-10T13:41:52+00:00\",\"dateModified\":\"2019-11-05T12:40:49+00:00\",\"description\":\"Diesen Sommer hat sich Intercoiffure Schweiz mit Phorest zusammengetan, um gemeinsam die digitale Zukunft der Pr\u00e4miumsalons der Schweiz vorzubereiten.\",\"breadcrumb\":{\"@id\":\"https:\/\/www.phorest.com\/de\/blog\/digitalisierung-coiffeursalons-intercoiffure-schweiz\/#breadcrumb\"},\"inLanguage\":\"de\",\"potentialAction\":[{\"@type\":\"ReadAction\",\"target\":[\"https:\/\/www.phorest.com\/de\/blog\/digitalisierung-coiffeursalons-intercoiffure-schweiz\/\"]}]},{\"@type\":\"ImageObject\",\"inLanguage\":\"de\",\"@id\":\"https:\/\/www.phorest.com\/de\/blog\/digitalisierung-coiffeursalons-intercoiffure-schweiz\/#primaryimage\",\"url\":\"https:\/\/d2dfxqxblmblx4.cloudfront.net\/2019\/09\/09113315\/Screenshot-2019-08-15-at-11.54.10-e1568029192824.png\",\"contentUrl\":\"https:\/\/d2dfxqxblmblx4.cloudfront.net\/2019\/09\/09113315\/Screenshot-2019-08-15-at-11.54.10-e1568029192824.png\",\"width\":1153,\"height\":443},{\"@type\":\"BreadcrumbList\",\"@id\":\"https:\/\/www.phorest.com\/de\/blog\/digitalisierung-coiffeursalons-intercoiffure-schweiz\/#breadcrumb\",\"itemListElement\":[{\"@type\":\"ListItem\",\"position\":1,\"name\":\"Home\",\"item\":\"https:\/\/www.phorest.com\/de\/\"},{\"@type\":\"ListItem\",\"position\":2,\"name\":\"Neue Partnerschaft f\u00fcr Digitalisierung &#038; Innovation mit Intercoiffure Schweiz\"}]},{\"@type\":\"WebSite\",\"@id\":\"https:\/\/www.phorest.com\/de\/#website\",\"url\":\"https:\/\/www.phorest.com\/de\/\",\"name\":\"Phorest\",\"description\":\"Salon Software - Hair &amp; Beauty - UK for Spa Management &amp; Appointments\",\"publisher\":{\"@id\":\"https:\/\/www.phorest.com\/de\/#organization\"},\"potentialAction\":[{\"@type\":\"SearchAction\",\"target\":{\"@type\":\"EntryPoint\",\"urlTemplate\":\"https:\/\/www.phorest.com\/de\/?s={search_term_string}\"},\"query-input\":{\"@type\":\"PropertyValueSpecification\",\"valueRequired\":true,\"valueName\":\"search_term_string\"}}],\"inLanguage\":\"de\"},{\"@type\":\"Organization\",\"@id\":\"https:\/\/www.phorest.com\/de\/#organization\",\"name\":\"Phorest Salon Software\",\"url\":\"https:\/\/www.phorest.com\/de\/\",\"logo\":{\"@type\":\"ImageObject\",\"inLanguage\":\"de\",\"@id\":\"https:\/\/www.phorest.com\/de\/#\/schema\/logo\/image\/\",\"url\":\"https:\/\/d2dfxqxblmblx4.cloudfront.net\/wp-content\/uploads\/2019\/10\/24141402\/phorest-acorn-logo1.png\",\"contentUrl\":\"https:\/\/d2dfxqxblmblx4.cloudfront.net\/wp-content\/uploads\/2019\/10\/24141402\/phorest-acorn-logo1.png\",\"width\":201,\"height\":202,\"caption\":\"Phorest Salon Software\"},\"image\":{\"@id\":\"https:\/\/www.phorest.com\/de\/#\/schema\/logo\/image\/\"},\"sameAs\":[\"https:\/\/www.facebook.com\/phorestsalonsoftware\",\"https:\/\/x.com\/thephorestword\",\"https:\/\/instagram.com\/phorest_salon_software\",\"https:\/\/www.linkedin.com\/company\/phorest?trk=company_name\",\"https:\/\/www.pinterest.com\/phorestss\/\",\"https:\/\/plus.google.com\/u\/0\/b\/101418954139594616916\/101418954139594616916\/posts\/p\/pub\"]},{\"@type\":\"Person\",\"@id\":\"https:\/\/www.phorest.com\/de\/#\/schema\/person\/515219242d32ba18f75663bb363f1c10\",\"name\":\"Sarada Li Loock\",\"image\":{\"@type\":\"ImageObject\",\"inLanguage\":\"de\",\"@id\":\"https:\/\/www.phorest.com\/de\/#\/schema\/person\/image\/\",\"url\":\"https:\/\/secure.gravatar.com\/avatar\/53bd352988f1fe080fe99b28d2b26032?s=96&d=mm&r=g\",\"contentUrl\":\"https:\/\/secure.gravatar.com\/avatar\/53bd352988f1fe080fe99b28d2b26032?s=96&d=mm&r=g\",\"caption\":\"Sarada Li Loock\"},\"description\":\"Sarada Loock war bis 2021 Teil unseres deutschsprachigen Marketingteams. Als geb\u00fcrtige Rheinl\u00e4nderin, hat sie sich ihren Master in Kommunikationswissenschaften und Marketing in Frankreich erarbeitet und lebt jetzt in Irland. Sie hat ihr Branchenwissen hier in den Phorest Ressourcen, wie auch in diversen Fachzeitschriften und Blogs wie\u00a0Friseur News,\u00a0Menschen im Salon\u00a0oder auch in einem Beitrag in\u00a0Estetica\u00a0geteilt.\",\"url\":\"https:\/\/www.phorest.com\/de\/blog\/author\/sarada-li-loock\/\"}]}<\/script>\n<!-- \/ Yoast SEO plugin. -->","yoast_head_json":{"title":"Neue Partnerschaft f\u00fcr Digitalisierung & Innovation mit Intercoiffure Schweiz | Phorest","description":"Diesen Sommer hat sich Intercoiffure Schweiz mit Phorest zusammengetan, um gemeinsam die digitale Zukunft der Pr\u00e4miumsalons der Schweiz vorzubereiten.","robots":{"index":"index","follow":"follow","max-snippet":"max-snippet:-1","max-image-preview":"max-image-preview:large","max-video-preview":"max-video-preview:-1"},"canonical":"https:\/\/www.phorest.com\/de\/blog\/digitalisierung-coiffeursalons-intercoiffure-schweiz\/","og_locale":"de_DE","og_type":"article","og_title":"Neue Partnerschaft f\u00fcr Digitalisierung & Innovation mit Intercoiffure Schweiz | Phorest","og_description":"Diesen Sommer hat sich Intercoiffure Schweiz mit Phorest zusammengetan, um gemeinsam die digitale Zukunft der Pr\u00e4miumsalons der Schweiz vorzubereiten.","og_url":"https:\/\/www.phorest.com\/de\/blog\/digitalisierung-coiffeursalons-intercoiffure-schweiz\/","og_site_name":"Phorest","article_publisher":"https:\/\/www.facebook.com\/phorestsalonsoftware","article_published_time":"2019-09-10T13:41:52+00:00","article_modified_time":"2019-11-05T12:40:49+00:00","og_image":[{"width":1153,"height":443,"url":"https:\/\/d2dfxqxblmblx4.cloudfront.net\/2019\/09\/09113315\/Screenshot-2019-08-15-at-11.54.10-e1568029192824-150x150.png","type":"image\/png"}],"author":"Sarada Li Loock","twitter_card":"summary_large_image","twitter_image":"https:\/\/d2dfxqxblmblx4.cloudfront.net\/2019\/09\/09113315\/Screenshot-2019-08-15-at-11.54.10-e1568029192824-150x150.png","twitter_creator":"@thephorestword","twitter_site":"@thephorestword","twitter_misc":{"Written by":"Sarada Li Loock","Est. reading time":"2 minutes"},"schema":{"@context":"https:\/\/schema.org","@graph":[{"@type":"Article","@id":"https:\/\/www.phorest.com\/de\/blog\/digitalisierung-coiffeursalons-intercoiffure-schweiz\/#article","isPartOf":{"@id":"https:\/\/www.phorest.com\/de\/blog\/digitalisierung-coiffeursalons-intercoiffure-schweiz\/"},"author":{"name":"Sarada Li Loock","@id":"https:\/\/www.phorest.com\/de\/#\/schema\/person\/515219242d32ba18f75663bb363f1c10"},"headline":"Neue Partnerschaft f\u00fcr Digitalisierung &#038; Innovation mit Intercoiffure Schweiz","datePublished":"2019-09-10T13:41:52+00:00","dateModified":"2019-11-05T12:40:49+00:00","mainEntityOfPage":{"@id":"https:\/\/www.phorest.com\/de\/blog\/digitalisierung-coiffeursalons-intercoiffure-schweiz\/"},"wordCount":508,"commentCount":0,"publisher":{"@id":"https:\/\/www.phorest.com\/de\/#organization"},"image":{"@id":"https:\/\/www.phorest.com\/de\/blog\/digitalisierung-coiffeursalons-intercoiffure-schweiz\/#primaryimage"},"thumbnailUrl":"https:\/\/d2dfxqxblmblx4.cloudfront.net\/2019\/09\/09113315\/Screenshot-2019-08-15-at-11.54.10-e1568029192824.png","articleSection":["News &amp; Events","Phorest"],"inLanguage":"de","potentialAction":[{"@type":"CommentAction","name":"Comment","target":["https:\/\/www.phorest.com\/de\/blog\/digitalisierung-coiffeursalons-intercoiffure-schweiz\/#respond"]}]},{"@type":"WebPage","@id":"https:\/\/www.phorest.com\/de\/blog\/digitalisierung-coiffeursalons-intercoiffure-schweiz\/","url":"https:\/\/www.phorest.com\/de\/blog\/digitalisierung-coiffeursalons-intercoiffure-schweiz\/","name":"Neue Partnerschaft f\u00fcr Digitalisierung & Innovation mit Intercoiffure Schweiz | Phorest","isPartOf":{"@id":"https:\/\/www.phorest.com\/de\/#website"},"primaryImageOfPage":{"@id":"https:\/\/www.phorest.com\/de\/blog\/digitalisierung-coiffeursalons-intercoiffure-schweiz\/#primaryimage"},"image":{"@id":"https:\/\/www.phorest.com\/de\/blog\/digitalisierung-coiffeursalons-intercoiffure-schweiz\/#primaryimage"},"thumbnailUrl":"https:\/\/d2dfxqxblmblx4.cloudfront.net\/2019\/09\/09113315\/Screenshot-2019-08-15-at-11.54.10-e1568029192824.png","datePublished":"2019-09-10T13:41:52+00:00","dateModified":"2019-11-05T12:40:49+00:00","description":"Diesen Sommer hat sich Intercoiffure Schweiz mit Phorest zusammengetan, um gemeinsam die digitale Zukunft der Pr\u00e4miumsalons der Schweiz vorzubereiten.","breadcrumb":{"@id":"https:\/\/www.phorest.com\/de\/blog\/digitalisierung-coiffeursalons-intercoiffure-schweiz\/#breadcrumb"},"inLanguage":"de","potentialAction":[{"@type":"ReadAction","target":["https:\/\/www.phorest.com\/de\/blog\/digitalisierung-coiffeursalons-intercoiffure-schweiz\/"]}]},{"@type":"ImageObject","inLanguage":"de","@id":"https:\/\/www.phorest.com\/de\/blog\/digitalisierung-coiffeursalons-intercoiffure-schweiz\/#primaryimage","url":"https:\/\/d2dfxqxblmblx4.cloudfront.net\/2019\/09\/09113315\/Screenshot-2019-08-15-at-11.54.10-e1568029192824.png","contentUrl":"https:\/\/d2dfxqxblmblx4.cloudfront.net\/2019\/09\/09113315\/Screenshot-2019-08-15-at-11.54.10-e1568029192824.png","width":1153,"height":443},{"@type":"BreadcrumbList","@id":"https:\/\/www.phorest.com\/de\/blog\/digitalisierung-coiffeursalons-intercoiffure-schweiz\/#breadcrumb","itemListElement":[{"@type":"ListItem","position":1,"name":"Home","item":"https:\/\/www.phorest.com\/de\/"},{"@type":"ListItem","position":2,"name":"Neue Partnerschaft f\u00fcr Digitalisierung &#038; Innovation mit Intercoiffure Schweiz"}]},{"@type":"WebSite","@id":"https:\/\/www.phorest.com\/de\/#website","url":"https:\/\/www.phorest.com\/de\/","name":"Phorest","description":"Salon Software - Hair &amp; Beauty - UK for Spa Management &amp; Appointments","publisher":{"@id":"https:\/\/www.phorest.com\/de\/#organization"},"potentialAction":[{"@type":"SearchAction","target":{"@type":"EntryPoint","urlTemplate":"https:\/\/www.phorest.com\/de\/?s={search_term_string}"},"query-input":{"@type":"PropertyValueSpecification","valueRequired":true,"valueName":"search_term_string"}}],"inLanguage":"de"},{"@type":"Organization","@id":"https:\/\/www.phorest.com\/de\/#organization","name":"Phorest Salon Software","url":"https:\/\/www.phorest.com\/de\/","logo":{"@type":"ImageObject","inLanguage":"de","@id":"https:\/\/www.phorest.com\/de\/#\/schema\/logo\/image\/","url":"https:\/\/d2dfxqxblmblx4.cloudfront.net\/wp-content\/uploads\/2019\/10\/24141402\/phorest-acorn-logo1.png","contentUrl":"https:\/\/d2dfxqxblmblx4.cloudfront.net\/wp-content\/uploads\/2019\/10\/24141402\/phorest-acorn-logo1.png","width":201,"height":202,"caption":"Phorest Salon Software"},"image":{"@id":"https:\/\/www.phorest.com\/de\/#\/schema\/logo\/image\/"},"sameAs":["https:\/\/www.facebook.com\/phorestsalonsoftware","https:\/\/x.com\/thephorestword","https:\/\/instagram.com\/phorest_salon_software","https:\/\/www.linkedin.com\/company\/phorest?trk=company_name","https:\/\/www.pinterest.com\/phorestss\/","https:\/\/plus.google.com\/u\/0\/b\/101418954139594616916\/101418954139594616916\/posts\/p\/pub"]},{"@type":"Person","@id":"https:\/\/www.phorest.com\/de\/#\/schema\/person\/515219242d32ba18f75663bb363f1c10","name":"Sarada Li Loock","image":{"@type":"ImageObject","inLanguage":"de","@id":"https:\/\/www.phorest.com\/de\/#\/schema\/person\/image\/","url":"https:\/\/secure.gravatar.com\/avatar\/53bd352988f1fe080fe99b28d2b26032?s=96&d=mm&r=g","contentUrl":"https:\/\/secure.gravatar.com\/avatar\/53bd352988f1fe080fe99b28d2b26032?s=96&d=mm&r=g","caption":"Sarada Li Loock"},"description":"Sarada Loock war bis 2021 Teil unseres deutschsprachigen Marketingteams. Als geb\u00fcrtige Rheinl\u00e4nderin, hat sie sich ihren Master in Kommunikationswissenschaften und Marketing in Frankreich erarbeitet und lebt jetzt in Irland. Sie hat ihr Branchenwissen hier in den Phorest Ressourcen, wie auch in diversen Fachzeitschriften und Blogs wie\u00a0Friseur News,\u00a0Menschen im Salon\u00a0oder auch in einem Beitrag in\u00a0Estetica\u00a0geteilt.","url":"https:\/\/www.phorest.com\/de\/blog\/author\/sarada-li-loock\/"}]}},"_links":{"self":[{"href":"https:\/\/www.phorest.com\/de\/wp-json\/wp\/v2\/posts\/62906","targetHints":{"allow":["GET"]}}],"collection":[{"href":"https:\/\/www.phorest.com\/de\/wp-json\/wp\/v2\/posts"}],"about":[{"href":"https:\/\/www.phorest.com\/de\/wp-json\/wp\/v2\/types\/post"}],"author":[{"embeddable":true,"href":"https:\/\/www.phorest.com\/de\/wp-json\/wp\/v2\/users\/40002"}],"replies":[{"embeddable":true,"href":"https:\/\/www.phorest.com\/de\/wp-json\/wp\/v2\/comments?post=62906"}],"version-history":[{"count":5,"href":"https:\/\/www.phorest.com\/de\/wp-json\/wp\/v2\/posts\/62906\/revisions"}],"predecessor-version":[{"id":65014,"href":"https:\/\/www.phorest.com\/de\/wp-json\/wp\/v2\/posts\/62906\/revisions\/65014"}],"wp:featuredmedia":[{"embeddable":true,"href":"https:\/\/www.phorest.com\/de\/wp-json\/wp\/v2\/media\/62908"}],"wp:attachment":[{"href":"https:\/\/www.phorest.com\/de\/wp-json\/wp\/v2\/media?parent=62906"}],"wp:term":[{"taxonomy":"category","embeddable":true,"href":"https:\/\/www.phorest.com\/de\/wp-json\/wp\/v2\/categories?post=62906"},{"taxonomy":"post_tag","embeddable":true,"href":"https:\/\/www.phorest.com\/de\/wp-json\/wp\/v2\/tags?post=62906"}],"curies":[{"name":"wp","href":"https:\/\/api.w.org\/{rel}","templated":true}]}}