{"id":64819,"date":"2019-10-24T09:51:04","date_gmt":"2019-10-24T09:51:04","guid":{"rendered":"https:\/\/www.phorest.com\/?p=64819"},"modified":"2020-04-20T14:14:27","modified_gmt":"2020-04-20T14:14:27","slug":"ab-freitag-dem-25-10-rieseln-die-termine-zur-weihnachtszeit-in-deinen-salon","status":"publish","type":"post","link":"https:\/\/www.phorest.com\/de\/blog\/ab-freitag-dem-25-10-rieseln-die-termine-zur-weihnachtszeit-in-deinen-salon\/","title":{"rendered":"Ab Freitag, dem 25.10. rieseln die Termine zur Weihnachtszeit in deinen Salon"},"content":{"rendered":"\n<h2 class=\"wp-block-heading\">Ist dein Salon schon bereit f\u00fcr Weihnachten?<\/h2>\n\n\n\n<p>Ja, wir wissen ja, es ist noch nicht einmal Halloween und es ist viel zu fr\u00fch \u00fcber Weihnachten nachzudenken ABER wir kommen mit einer festlichen Ank\u00fcndigung \u00f6ffentlichen Interesses!<\/p>\n\n\n\n<blockquote class=\"wp-block-quote is-layout-flow wp-block-quote-is-layout-flow\"><p><strong>Recherchen von \u00fcber 6,500 Salons ergeben, dass der 25.10. der Tag ist, an dem die Terminbuchungen f\u00fcr die Weihnachtstage anfangen in deinen Salon-Terminplaner zu rieseln.<\/strong><\/p><\/blockquote>\n\n\n\n<p>Wenn du also sicherstellen m\u00f6chtest, dass dein Salon der Erste ist, der sich diese wertvollen Weihnachtsbuchungen einsackt, wenn die Damen in deinem Umkreis eine frischgef\u00f6hnte Lockenpracht f\u00fcr ihre B\u00fcro-Weihnachtsfeier ben\u00f6tigen, mit makellosen N\u00e4gel Geschenkpapier aufrei\u00dfen oder mit frisch aufgef\u00fcllten Wimpern unter der Mistelzweig klimpern wollen, dann f\u00e4ngst du besser jetzt schon an, deine Weihnachtsmarketing-E-Mails und SMS zu verfassen und zu versenden!<\/p>\n\n\n\n<p>Wir bei Phorest Salon Software haben die Daten von \u00fcber 6.500 Friseur-, Spa-, Beauty- und Kosmetiksalons ausgewertet und herausgefunden, dass die durchschnittlichen Buchungen pro Woche in deutschen, \u00f6sterreichischen und Schweizer Salons ab der dritten Oktoberwoche einen wahren Anstieg zum Weihnachtswahnsinn beginnen. <\/p>\n\n\n\n<p><strong>Unsere Recherchen haben ergeben, dass Freitag der 25.10. der Tag ist, and dem die Bev\u00f6lkerung Deutschlands, \u00d6sterreichs und der Schweiz anf\u00e4ngt, ernsthaft \u00fcber ihre weihnachtlichen Haar- und Sch\u00f6nheitstermine nachzudenken.<\/strong><br><\/p>\n\n\n\n<figure class=\"wp-block-image\"><img loading=\"lazy\" decoding=\"async\" width=\"860\" height=\"499\" src=\"https:\/\/d2dfxqxblmblx4.cloudfront.net\/wp-content\/uploads\/2019\/10\/24092240\/pasted-image-0-2.png\" alt=\"\" class=\"wp-image-64830\" srcset=\"https:\/\/d2dfxqxblmblx4.cloudfront.net\/wp-content\/uploads\/2019\/10\/24092240\/pasted-image-0-2.png 860w, https:\/\/d2dfxqxblmblx4.cloudfront.net\/wp-content\/uploads\/2019\/10\/24092240\/pasted-image-0-2-300x174.png 300w, https:\/\/d2dfxqxblmblx4.cloudfront.net\/wp-content\/uploads\/2019\/10\/24092240\/pasted-image-0-2-768x446.png 768w\" sizes=\"auto, (max-width: 860px) 100vw, 860px\" \/><\/figure>\n\n\n\n<p>In der ersten Novemberwoche wird sich die Anzahl der Terminbuchungen die f\u00fcr die Weihnachtszeit angenommen werden bereits mehr als verdoppeln &#8211; von 8,22 auf 19,8 Termine f\u00fcr die Vorweihnachtszeit. Und bis Ende November, hat sich diese Zahl verdreifacht.<\/p>\n\n\n\n<figure class=\"wp-block-image\"><img loading=\"lazy\" decoding=\"async\" width=\"838\" height=\"539\" src=\"https:\/\/d2dfxqxblmblx4.cloudfront.net\/wp-content\/uploads\/2019\/10\/24092325\/pasted-image-0-1.png\" alt=\"\" class=\"wp-image-64836\" srcset=\"https:\/\/d2dfxqxblmblx4.cloudfront.net\/wp-content\/uploads\/2019\/10\/24092325\/pasted-image-0-1.png 838w, https:\/\/d2dfxqxblmblx4.cloudfront.net\/wp-content\/uploads\/2019\/10\/24092325\/pasted-image-0-1-300x193.png 300w, https:\/\/d2dfxqxblmblx4.cloudfront.net\/wp-content\/uploads\/2019\/10\/24092325\/pasted-image-0-1-768x494.png 768w\" sizes=\"auto, (max-width: 838px) 100vw, 838px\" \/><\/figure>\n\n\n\n<blockquote class=\"wp-block-quote is-layout-flow wp-block-quote-is-layout-flow\"><p><strong>Ronan Perceval, CEO von Phorest Salon Software, sagt: <\/strong>&#8220;Wenn Sie einen Termin mit Ihrem Lieblingsstylisten direkt vor Ihrer Weihnachtsfeier vereinbaren wollen, sollten Sie Ihren Termin vor Dezember buchen, da die Zahl der Buchungen in deutschen Salons auf das fast 14-fache des Durchschnittswertes steigt! Phorest Daten zeigen auch, dass die angenommenen Buchungen der Salons um den 22. Dezember drastisch zur\u00fcckgehen, da die Terminplaner f\u00fcr die Weihnachtszeit &#8211; von Weihnachten bis Neujahr &#8211; voll sind.&#8221;<\/p><\/blockquote>\n\n\n\n<h2 class=\"wp-block-heading\">Wie bereite ich meine Salon-Marketing-Strategie erfolgreich vor?<\/h2>\n\n\n\n<h3 class=\"wp-block-heading\">Schritt 1: <\/h3>\n\n\n\n<p>Richte Onlinebuchungen f\u00fcr deinen Salon ein, damit du die n\u00e4chsten Wochen nicht am Telefon verbringst sondern deine anspruchsvollen Kunden weiterhin verw\u00f6hnst und begeistert. Onlinebuchungen erlauben es deinen Kunden den perfekten, passenden Termin f\u00fcr sich zu buchen, auch wenn dein Telefon besetzt oder dein Salon geschlossen ist. <\/p>\n\n\n\n<blockquote class=\"wp-block-quote is-layout-flow wp-block-quote-is-layout-flow\"><p><strong>Wusstest du<\/strong>, dass 48% der Kunden, die Online buchen, dies au\u00dferhalb deiner Gesch\u00e4ftszeiten tun!<\/p><cite><a href=\"https:\/\/www.phorest.com\/de\/blog\/das-wollen-salon-spa-kunden-auf-der-webseite-eines-salons-finden\/\">Hier findest du alle Infos dazu und was deine Webseite braucht um erfolgreich zu sein.<\/a><\/cite><\/blockquote>\n\n\n\n<h3 class=\"wp-block-heading\">Schritt 2:<\/h3>\n\n\n\n<p>Besorge dir eine Software (oder andere L\u00f6sungen) \u00fcber die du erfolgreiche Marketingkampagnen schicken kannst. Zur Weihnachtszeit werden eure Kunden mit Marketing bombardiert, deshalb ist es wichtig, dass eure Kampagne herausstehen und sich von den andern absetzen! <\/p>\n\n\n\n<p>Ob per E-Mail oder SMS, Marketingkampagnen zur Weihnachtszeit wollt ihr genau die richtigen Kunden mit genau der richtigen Nachricht erreichen. Sollte eure Salonsoftware also keine Marketingsuite anbieten, sucht euch fr\u00fchzeitig eine Alternative.<\/p>\n\n\n\n<blockquote class=\"wp-block-quote is-layout-flow wp-block-quote-is-layout-flow\"><p><strong>Mehr Infos und Webinare zu Marketing findet ihr hier: <\/strong><\/p><cite><a href=\"https:\/\/www.phorest.com\/de\/ressourcen\/der-leitfaden-zur-kundenbindung\/\">Exklusives E-Mail Marketing f\u00fcr Saloninhaber &#8211; das Webinar<\/a><br><a href=\"https:\/\/www.phorest.com\/de\/ressourcen\/sms-im-salon-marketing-masterclass\/\">SMS-Marketing Masterclass &#8211; das Phorest Academy Webinar<\/a><\/cite><\/blockquote>\n\n\n\n<h3 class=\"wp-block-heading\">Schritt 3:<\/h3>\n\n\n\n<p>Setze dich mit deinen Mitarbeitern zusammen und \u00fcberlegt euch gemeinsam, was ihr in der Weihnachtszeit anbieten k\u00f6nnt: Sonderaktionen, Verw\u00f6hnprogramme und Social-Media Wettbewerbe um euren treuen Kunden, die Adventszeit zu vers\u00fc\u00dfen. <\/p>\n\n\n\n<h3 class=\"wp-block-heading\">Schritt 4: <\/h3>\n\n\n\n<p>Melde dich bei unserem Blog-Newsletter an und erhalte \u00fcber die n\u00e4chsten Wochen viele wertvolle Tipps &amp; Tricks zu Marketing im Salon! \ud83d\ude09<\/p>\n\n\n\n<p><\/p>\n\n\n\n<p><strong>Vielen Dank f\u00fcr&#8217;s Lesen und #LetsGrow!<\/strong><\/p>\n","protected":false},"excerpt":{"rendered":"<p>Ist dein Salon schon bereit f\u00fcr Weihnachten? Ja, wir wissen ja, es ist noch nicht einmal Halloween und es ist viel zu fr\u00fch \u00fcber Weihnachten nachzudenken ABER wir kommen mit einer festlichen Ank\u00fcndigung \u00f6ffentlichen Interesses! Recherchen von \u00fcber 6,500 Salons ergeben, dass der 25.10. der Tag ist, an dem die Terminbuchungen f\u00fcr die Weihnachtstage anfangen &hellip; <a href=\"https:\/\/www.phorest.com\/de\/blog\/ab-freitag-dem-25-10-rieseln-die-termine-zur-weihnachtszeit-in-deinen-salon\/\">Continued<\/a><\/p>\n","protected":false},"author":40002,"featured_media":64820,"comment_status":"open","ping_status":"open","sticky":false,"template":"","format":"standard","meta":{"_acf_changed":false,"footnotes":""},"categories":[3762],"tags":[],"class_list":["post-64819","post","type-post","status-publish","format-standard","has-post-thumbnail","hentry","category-vertrieb-marketing"],"acf":[],"yoast_head":"<!-- This site is optimized with the Yoast SEO plugin v25.1 - https:\/\/yoast.com\/wordpress\/plugins\/seo\/ -->\n<title>Ab Freitag, dem 25.10. rieseln die Termine zur Weihnachtszeit in deinen Salon | Phorest<\/title>\n<meta name=\"description\" content=\"Ab Freitag, dem 25.10. rieseln die Termine zur Weihnachtszeit in deinen Salon. Unsere Recherchen ergeben, dass Kunden JETZT Termine f\u00fcr Weihnachten buchen.\" \/>\n<meta name=\"robots\" content=\"index, follow, max-snippet:-1, max-image-preview:large, max-video-preview:-1\" \/>\n<link rel=\"canonical\" href=\"https:\/\/www.phorest.com\/de\/blog\/ab-freitag-dem-25-10-rieseln-die-termine-zur-weihnachtszeit-in-deinen-salon\/\" \/>\n<meta property=\"og:locale\" content=\"de_DE\" \/>\n<meta property=\"og:type\" content=\"article\" \/>\n<meta property=\"og:title\" content=\"Ab Freitag, dem 25.10. rieseln die Termine zur Weihnachtszeit in deinen Salon | Phorest\" \/>\n<meta property=\"og:description\" content=\"Ab Freitag, dem 25.10. rieseln die Termine zur Weihnachtszeit in deinen Salon. Unsere Recherchen ergeben, dass Kunden JETZT Termine f\u00fcr Weihnachten buchen.\" \/>\n<meta property=\"og:url\" content=\"https:\/\/www.phorest.com\/de\/blog\/ab-freitag-dem-25-10-rieseln-die-termine-zur-weihnachtszeit-in-deinen-salon\/\" \/>\n<meta property=\"og:site_name\" content=\"Phorest\" \/>\n<meta property=\"article:publisher\" content=\"https:\/\/www.facebook.com\/phorestsalonsoftware\" \/>\n<meta property=\"article:published_time\" content=\"2019-10-24T09:51:04+00:00\" \/>\n<meta property=\"article:modified_time\" content=\"2020-04-20T14:14:27+00:00\" \/>\n<meta property=\"og:image\" content=\"https:\/\/d2dfxqxblmblx4.cloudfront.net\/wp-content\/uploads\/2019\/10\/23171642\/freestocks-org-5UWVdeEAE3E-unsplash-150x150.jpg\" \/>\n\t<meta property=\"og:image:width\" content=\"1993\" \/>\n\t<meta property=\"og:image:height\" content=\"808\" \/>\n\t<meta property=\"og:image:type\" content=\"image\/jpeg\" \/>\n<meta name=\"author\" content=\"Sarada Li Loock\" \/>\n<meta name=\"twitter:card\" content=\"summary_large_image\" \/>\n<meta name=\"twitter:image\" content=\"https:\/\/d2dfxqxblmblx4.cloudfront.net\/wp-content\/uploads\/2019\/10\/23171642\/freestocks-org-5UWVdeEAE3E-unsplash-150x150.jpg\" \/>\n<meta name=\"twitter:creator\" content=\"@thephorestword\" \/>\n<meta name=\"twitter:site\" content=\"@thephorestword\" \/>\n<meta name=\"twitter:label1\" content=\"Written by\" \/>\n\t<meta name=\"twitter:data1\" content=\"Sarada Li Loock\" \/>\n\t<meta name=\"twitter:label2\" content=\"Est. reading time\" \/>\n\t<meta name=\"twitter:data2\" content=\"3 minutes\" \/>\n<script type=\"application\/ld+json\" class=\"yoast-schema-graph\">{\"@context\":\"https:\/\/schema.org\",\"@graph\":[{\"@type\":\"Article\",\"@id\":\"https:\/\/www.phorest.com\/de\/blog\/ab-freitag-dem-25-10-rieseln-die-termine-zur-weihnachtszeit-in-deinen-salon\/#article\",\"isPartOf\":{\"@id\":\"https:\/\/www.phorest.com\/de\/blog\/ab-freitag-dem-25-10-rieseln-die-termine-zur-weihnachtszeit-in-deinen-salon\/\"},\"author\":{\"name\":\"Sarada Li Loock\",\"@id\":\"https:\/\/www.phorest.com\/de\/#\/schema\/person\/515219242d32ba18f75663bb363f1c10\"},\"headline\":\"Ab Freitag, dem 25.10. rieseln die Termine zur Weihnachtszeit in deinen Salon\",\"datePublished\":\"2019-10-24T09:51:04+00:00\",\"dateModified\":\"2020-04-20T14:14:27+00:00\",\"mainEntityOfPage\":{\"@id\":\"https:\/\/www.phorest.com\/de\/blog\/ab-freitag-dem-25-10-rieseln-die-termine-zur-weihnachtszeit-in-deinen-salon\/\"},\"wordCount\":575,\"commentCount\":0,\"publisher\":{\"@id\":\"https:\/\/www.phorest.com\/de\/#organization\"},\"image\":{\"@id\":\"https:\/\/www.phorest.com\/de\/blog\/ab-freitag-dem-25-10-rieseln-die-termine-zur-weihnachtszeit-in-deinen-salon\/#primaryimage\"},\"thumbnailUrl\":\"https:\/\/d2dfxqxblmblx4.cloudfront.net\/wp-content\/uploads\/2019\/10\/23171642\/freestocks-org-5UWVdeEAE3E-unsplash.jpg\",\"articleSection\":[\"Vertrieb &amp; Marketing\"],\"inLanguage\":\"de\",\"potentialAction\":[{\"@type\":\"CommentAction\",\"name\":\"Comment\",\"target\":[\"https:\/\/www.phorest.com\/de\/blog\/ab-freitag-dem-25-10-rieseln-die-termine-zur-weihnachtszeit-in-deinen-salon\/#respond\"]}]},{\"@type\":\"WebPage\",\"@id\":\"https:\/\/www.phorest.com\/de\/blog\/ab-freitag-dem-25-10-rieseln-die-termine-zur-weihnachtszeit-in-deinen-salon\/\",\"url\":\"https:\/\/www.phorest.com\/de\/blog\/ab-freitag-dem-25-10-rieseln-die-termine-zur-weihnachtszeit-in-deinen-salon\/\",\"name\":\"Ab Freitag, dem 25.10. rieseln die Termine zur Weihnachtszeit in deinen Salon | Phorest\",\"isPartOf\":{\"@id\":\"https:\/\/www.phorest.com\/de\/#website\"},\"primaryImageOfPage\":{\"@id\":\"https:\/\/www.phorest.com\/de\/blog\/ab-freitag-dem-25-10-rieseln-die-termine-zur-weihnachtszeit-in-deinen-salon\/#primaryimage\"},\"image\":{\"@id\":\"https:\/\/www.phorest.com\/de\/blog\/ab-freitag-dem-25-10-rieseln-die-termine-zur-weihnachtszeit-in-deinen-salon\/#primaryimage\"},\"thumbnailUrl\":\"https:\/\/d2dfxqxblmblx4.cloudfront.net\/wp-content\/uploads\/2019\/10\/23171642\/freestocks-org-5UWVdeEAE3E-unsplash.jpg\",\"datePublished\":\"2019-10-24T09:51:04+00:00\",\"dateModified\":\"2020-04-20T14:14:27+00:00\",\"description\":\"Ab Freitag, dem 25.10. rieseln die Termine zur Weihnachtszeit in deinen Salon. Unsere Recherchen ergeben, dass Kunden JETZT Termine f\u00fcr Weihnachten buchen.\",\"breadcrumb\":{\"@id\":\"https:\/\/www.phorest.com\/de\/blog\/ab-freitag-dem-25-10-rieseln-die-termine-zur-weihnachtszeit-in-deinen-salon\/#breadcrumb\"},\"inLanguage\":\"de\",\"potentialAction\":[{\"@type\":\"ReadAction\",\"target\":[\"https:\/\/www.phorest.com\/de\/blog\/ab-freitag-dem-25-10-rieseln-die-termine-zur-weihnachtszeit-in-deinen-salon\/\"]}]},{\"@type\":\"ImageObject\",\"inLanguage\":\"de\",\"@id\":\"https:\/\/www.phorest.com\/de\/blog\/ab-freitag-dem-25-10-rieseln-die-termine-zur-weihnachtszeit-in-deinen-salon\/#primaryimage\",\"url\":\"https:\/\/d2dfxqxblmblx4.cloudfront.net\/wp-content\/uploads\/2019\/10\/23171642\/freestocks-org-5UWVdeEAE3E-unsplash.jpg\",\"contentUrl\":\"https:\/\/d2dfxqxblmblx4.cloudfront.net\/wp-content\/uploads\/2019\/10\/23171642\/freestocks-org-5UWVdeEAE3E-unsplash.jpg\",\"width\":1993,\"height\":808,\"caption\":\"Termine im Oktober\"},{\"@type\":\"BreadcrumbList\",\"@id\":\"https:\/\/www.phorest.com\/de\/blog\/ab-freitag-dem-25-10-rieseln-die-termine-zur-weihnachtszeit-in-deinen-salon\/#breadcrumb\",\"itemListElement\":[{\"@type\":\"ListItem\",\"position\":1,\"name\":\"Home\",\"item\":\"https:\/\/www.phorest.com\/de\/\"},{\"@type\":\"ListItem\",\"position\":2,\"name\":\"Ab Freitag, dem 25.10. rieseln die Termine zur Weihnachtszeit in deinen Salon\"}]},{\"@type\":\"WebSite\",\"@id\":\"https:\/\/www.phorest.com\/de\/#website\",\"url\":\"https:\/\/www.phorest.com\/de\/\",\"name\":\"Phorest\",\"description\":\"Salon Software - Hair &amp; Beauty - UK for Spa Management &amp; Appointments\",\"publisher\":{\"@id\":\"https:\/\/www.phorest.com\/de\/#organization\"},\"potentialAction\":[{\"@type\":\"SearchAction\",\"target\":{\"@type\":\"EntryPoint\",\"urlTemplate\":\"https:\/\/www.phorest.com\/de\/?s={search_term_string}\"},\"query-input\":{\"@type\":\"PropertyValueSpecification\",\"valueRequired\":true,\"valueName\":\"search_term_string\"}}],\"inLanguage\":\"de\"},{\"@type\":\"Organization\",\"@id\":\"https:\/\/www.phorest.com\/de\/#organization\",\"name\":\"Phorest Salon Software\",\"url\":\"https:\/\/www.phorest.com\/de\/\",\"logo\":{\"@type\":\"ImageObject\",\"inLanguage\":\"de\",\"@id\":\"https:\/\/www.phorest.com\/de\/#\/schema\/logo\/image\/\",\"url\":\"https:\/\/d2dfxqxblmblx4.cloudfront.net\/wp-content\/uploads\/2019\/10\/24141402\/phorest-acorn-logo1.png\",\"contentUrl\":\"https:\/\/d2dfxqxblmblx4.cloudfront.net\/wp-content\/uploads\/2019\/10\/24141402\/phorest-acorn-logo1.png\",\"width\":201,\"height\":202,\"caption\":\"Phorest Salon Software\"},\"image\":{\"@id\":\"https:\/\/www.phorest.com\/de\/#\/schema\/logo\/image\/\"},\"sameAs\":[\"https:\/\/www.facebook.com\/phorestsalonsoftware\",\"https:\/\/x.com\/thephorestword\",\"https:\/\/instagram.com\/phorest_salon_software\",\"https:\/\/www.linkedin.com\/company\/phorest?trk=company_name\",\"https:\/\/www.pinterest.com\/phorestss\/\",\"https:\/\/plus.google.com\/u\/0\/b\/101418954139594616916\/101418954139594616916\/posts\/p\/pub\"]},{\"@type\":\"Person\",\"@id\":\"https:\/\/www.phorest.com\/de\/#\/schema\/person\/515219242d32ba18f75663bb363f1c10\",\"name\":\"Sarada Li Loock\",\"image\":{\"@type\":\"ImageObject\",\"inLanguage\":\"de\",\"@id\":\"https:\/\/www.phorest.com\/de\/#\/schema\/person\/image\/\",\"url\":\"https:\/\/secure.gravatar.com\/avatar\/53bd352988f1fe080fe99b28d2b26032?s=96&d=mm&r=g\",\"contentUrl\":\"https:\/\/secure.gravatar.com\/avatar\/53bd352988f1fe080fe99b28d2b26032?s=96&d=mm&r=g\",\"caption\":\"Sarada Li Loock\"},\"description\":\"Sarada Loock war bis 2021 Teil unseres deutschsprachigen Marketingteams. Als geb\u00fcrtige Rheinl\u00e4nderin, hat sie sich ihren Master in Kommunikationswissenschaften und Marketing in Frankreich erarbeitet und lebt jetzt in Irland. Sie hat ihr Branchenwissen hier in den Phorest Ressourcen, wie auch in diversen Fachzeitschriften und Blogs wie\u00a0Friseur News,\u00a0Menschen im Salon\u00a0oder auch in einem Beitrag in\u00a0Estetica\u00a0geteilt.\",\"url\":\"https:\/\/www.phorest.com\/de\/blog\/author\/sarada-li-loock\/\"}]}<\/script>\n<!-- \/ Yoast SEO plugin. -->","yoast_head_json":{"title":"Ab Freitag, dem 25.10. rieseln die Termine zur Weihnachtszeit in deinen Salon | Phorest","description":"Ab Freitag, dem 25.10. rieseln die Termine zur Weihnachtszeit in deinen Salon. Unsere Recherchen ergeben, dass Kunden JETZT Termine f\u00fcr Weihnachten buchen.","robots":{"index":"index","follow":"follow","max-snippet":"max-snippet:-1","max-image-preview":"max-image-preview:large","max-video-preview":"max-video-preview:-1"},"canonical":"https:\/\/www.phorest.com\/de\/blog\/ab-freitag-dem-25-10-rieseln-die-termine-zur-weihnachtszeit-in-deinen-salon\/","og_locale":"de_DE","og_type":"article","og_title":"Ab Freitag, dem 25.10. rieseln die Termine zur Weihnachtszeit in deinen Salon | Phorest","og_description":"Ab Freitag, dem 25.10. rieseln die Termine zur Weihnachtszeit in deinen Salon. Unsere Recherchen ergeben, dass Kunden JETZT Termine f\u00fcr Weihnachten buchen.","og_url":"https:\/\/www.phorest.com\/de\/blog\/ab-freitag-dem-25-10-rieseln-die-termine-zur-weihnachtszeit-in-deinen-salon\/","og_site_name":"Phorest","article_publisher":"https:\/\/www.facebook.com\/phorestsalonsoftware","article_published_time":"2019-10-24T09:51:04+00:00","article_modified_time":"2020-04-20T14:14:27+00:00","og_image":[{"width":1993,"height":808,"url":"https:\/\/d2dfxqxblmblx4.cloudfront.net\/wp-content\/uploads\/2019\/10\/23171642\/freestocks-org-5UWVdeEAE3E-unsplash-150x150.jpg","type":"image\/jpeg"}],"author":"Sarada Li Loock","twitter_card":"summary_large_image","twitter_image":"https:\/\/d2dfxqxblmblx4.cloudfront.net\/wp-content\/uploads\/2019\/10\/23171642\/freestocks-org-5UWVdeEAE3E-unsplash-150x150.jpg","twitter_creator":"@thephorestword","twitter_site":"@thephorestword","twitter_misc":{"Written by":"Sarada Li Loock","Est. reading time":"3 minutes"},"schema":{"@context":"https:\/\/schema.org","@graph":[{"@type":"Article","@id":"https:\/\/www.phorest.com\/de\/blog\/ab-freitag-dem-25-10-rieseln-die-termine-zur-weihnachtszeit-in-deinen-salon\/#article","isPartOf":{"@id":"https:\/\/www.phorest.com\/de\/blog\/ab-freitag-dem-25-10-rieseln-die-termine-zur-weihnachtszeit-in-deinen-salon\/"},"author":{"name":"Sarada Li Loock","@id":"https:\/\/www.phorest.com\/de\/#\/schema\/person\/515219242d32ba18f75663bb363f1c10"},"headline":"Ab Freitag, dem 25.10. rieseln die Termine zur Weihnachtszeit in deinen Salon","datePublished":"2019-10-24T09:51:04+00:00","dateModified":"2020-04-20T14:14:27+00:00","mainEntityOfPage":{"@id":"https:\/\/www.phorest.com\/de\/blog\/ab-freitag-dem-25-10-rieseln-die-termine-zur-weihnachtszeit-in-deinen-salon\/"},"wordCount":575,"commentCount":0,"publisher":{"@id":"https:\/\/www.phorest.com\/de\/#organization"},"image":{"@id":"https:\/\/www.phorest.com\/de\/blog\/ab-freitag-dem-25-10-rieseln-die-termine-zur-weihnachtszeit-in-deinen-salon\/#primaryimage"},"thumbnailUrl":"https:\/\/d2dfxqxblmblx4.cloudfront.net\/wp-content\/uploads\/2019\/10\/23171642\/freestocks-org-5UWVdeEAE3E-unsplash.jpg","articleSection":["Vertrieb &amp; Marketing"],"inLanguage":"de","potentialAction":[{"@type":"CommentAction","name":"Comment","target":["https:\/\/www.phorest.com\/de\/blog\/ab-freitag-dem-25-10-rieseln-die-termine-zur-weihnachtszeit-in-deinen-salon\/#respond"]}]},{"@type":"WebPage","@id":"https:\/\/www.phorest.com\/de\/blog\/ab-freitag-dem-25-10-rieseln-die-termine-zur-weihnachtszeit-in-deinen-salon\/","url":"https:\/\/www.phorest.com\/de\/blog\/ab-freitag-dem-25-10-rieseln-die-termine-zur-weihnachtszeit-in-deinen-salon\/","name":"Ab Freitag, dem 25.10. rieseln die Termine zur Weihnachtszeit in deinen Salon | Phorest","isPartOf":{"@id":"https:\/\/www.phorest.com\/de\/#website"},"primaryImageOfPage":{"@id":"https:\/\/www.phorest.com\/de\/blog\/ab-freitag-dem-25-10-rieseln-die-termine-zur-weihnachtszeit-in-deinen-salon\/#primaryimage"},"image":{"@id":"https:\/\/www.phorest.com\/de\/blog\/ab-freitag-dem-25-10-rieseln-die-termine-zur-weihnachtszeit-in-deinen-salon\/#primaryimage"},"thumbnailUrl":"https:\/\/d2dfxqxblmblx4.cloudfront.net\/wp-content\/uploads\/2019\/10\/23171642\/freestocks-org-5UWVdeEAE3E-unsplash.jpg","datePublished":"2019-10-24T09:51:04+00:00","dateModified":"2020-04-20T14:14:27+00:00","description":"Ab Freitag, dem 25.10. rieseln die Termine zur Weihnachtszeit in deinen Salon. Unsere Recherchen ergeben, dass Kunden JETZT Termine f\u00fcr Weihnachten buchen.","breadcrumb":{"@id":"https:\/\/www.phorest.com\/de\/blog\/ab-freitag-dem-25-10-rieseln-die-termine-zur-weihnachtszeit-in-deinen-salon\/#breadcrumb"},"inLanguage":"de","potentialAction":[{"@type":"ReadAction","target":["https:\/\/www.phorest.com\/de\/blog\/ab-freitag-dem-25-10-rieseln-die-termine-zur-weihnachtszeit-in-deinen-salon\/"]}]},{"@type":"ImageObject","inLanguage":"de","@id":"https:\/\/www.phorest.com\/de\/blog\/ab-freitag-dem-25-10-rieseln-die-termine-zur-weihnachtszeit-in-deinen-salon\/#primaryimage","url":"https:\/\/d2dfxqxblmblx4.cloudfront.net\/wp-content\/uploads\/2019\/10\/23171642\/freestocks-org-5UWVdeEAE3E-unsplash.jpg","contentUrl":"https:\/\/d2dfxqxblmblx4.cloudfront.net\/wp-content\/uploads\/2019\/10\/23171642\/freestocks-org-5UWVdeEAE3E-unsplash.jpg","width":1993,"height":808,"caption":"Termine im Oktober"},{"@type":"BreadcrumbList","@id":"https:\/\/www.phorest.com\/de\/blog\/ab-freitag-dem-25-10-rieseln-die-termine-zur-weihnachtszeit-in-deinen-salon\/#breadcrumb","itemListElement":[{"@type":"ListItem","position":1,"name":"Home","item":"https:\/\/www.phorest.com\/de\/"},{"@type":"ListItem","position":2,"name":"Ab Freitag, dem 25.10. rieseln die Termine zur Weihnachtszeit in deinen Salon"}]},{"@type":"WebSite","@id":"https:\/\/www.phorest.com\/de\/#website","url":"https:\/\/www.phorest.com\/de\/","name":"Phorest","description":"Salon Software - Hair &amp; Beauty - UK for Spa Management &amp; Appointments","publisher":{"@id":"https:\/\/www.phorest.com\/de\/#organization"},"potentialAction":[{"@type":"SearchAction","target":{"@type":"EntryPoint","urlTemplate":"https:\/\/www.phorest.com\/de\/?s={search_term_string}"},"query-input":{"@type":"PropertyValueSpecification","valueRequired":true,"valueName":"search_term_string"}}],"inLanguage":"de"},{"@type":"Organization","@id":"https:\/\/www.phorest.com\/de\/#organization","name":"Phorest Salon Software","url":"https:\/\/www.phorest.com\/de\/","logo":{"@type":"ImageObject","inLanguage":"de","@id":"https:\/\/www.phorest.com\/de\/#\/schema\/logo\/image\/","url":"https:\/\/d2dfxqxblmblx4.cloudfront.net\/wp-content\/uploads\/2019\/10\/24141402\/phorest-acorn-logo1.png","contentUrl":"https:\/\/d2dfxqxblmblx4.cloudfront.net\/wp-content\/uploads\/2019\/10\/24141402\/phorest-acorn-logo1.png","width":201,"height":202,"caption":"Phorest Salon Software"},"image":{"@id":"https:\/\/www.phorest.com\/de\/#\/schema\/logo\/image\/"},"sameAs":["https:\/\/www.facebook.com\/phorestsalonsoftware","https:\/\/x.com\/thephorestword","https:\/\/instagram.com\/phorest_salon_software","https:\/\/www.linkedin.com\/company\/phorest?trk=company_name","https:\/\/www.pinterest.com\/phorestss\/","https:\/\/plus.google.com\/u\/0\/b\/101418954139594616916\/101418954139594616916\/posts\/p\/pub"]},{"@type":"Person","@id":"https:\/\/www.phorest.com\/de\/#\/schema\/person\/515219242d32ba18f75663bb363f1c10","name":"Sarada Li Loock","image":{"@type":"ImageObject","inLanguage":"de","@id":"https:\/\/www.phorest.com\/de\/#\/schema\/person\/image\/","url":"https:\/\/secure.gravatar.com\/avatar\/53bd352988f1fe080fe99b28d2b26032?s=96&d=mm&r=g","contentUrl":"https:\/\/secure.gravatar.com\/avatar\/53bd352988f1fe080fe99b28d2b26032?s=96&d=mm&r=g","caption":"Sarada Li Loock"},"description":"Sarada Loock war bis 2021 Teil unseres deutschsprachigen Marketingteams. Als geb\u00fcrtige Rheinl\u00e4nderin, hat sie sich ihren Master in Kommunikationswissenschaften und Marketing in Frankreich erarbeitet und lebt jetzt in Irland. Sie hat ihr Branchenwissen hier in den Phorest Ressourcen, wie auch in diversen Fachzeitschriften und Blogs wie\u00a0Friseur News,\u00a0Menschen im Salon\u00a0oder auch in einem Beitrag in\u00a0Estetica\u00a0geteilt.","url":"https:\/\/www.phorest.com\/de\/blog\/author\/sarada-li-loock\/"}]}},"_links":{"self":[{"href":"https:\/\/www.phorest.com\/de\/wp-json\/wp\/v2\/posts\/64819","targetHints":{"allow":["GET"]}}],"collection":[{"href":"https:\/\/www.phorest.com\/de\/wp-json\/wp\/v2\/posts"}],"about":[{"href":"https:\/\/www.phorest.com\/de\/wp-json\/wp\/v2\/types\/post"}],"author":[{"embeddable":true,"href":"https:\/\/www.phorest.com\/de\/wp-json\/wp\/v2\/users\/40002"}],"replies":[{"embeddable":true,"href":"https:\/\/www.phorest.com\/de\/wp-json\/wp\/v2\/comments?post=64819"}],"version-history":[{"count":5,"href":"https:\/\/www.phorest.com\/de\/wp-json\/wp\/v2\/posts\/64819\/revisions"}],"predecessor-version":[{"id":72624,"href":"https:\/\/www.phorest.com\/de\/wp-json\/wp\/v2\/posts\/64819\/revisions\/72624"}],"wp:featuredmedia":[{"embeddable":true,"href":"https:\/\/www.phorest.com\/de\/wp-json\/wp\/v2\/media\/64820"}],"wp:attachment":[{"href":"https:\/\/www.phorest.com\/de\/wp-json\/wp\/v2\/media?parent=64819"}],"wp:term":[{"taxonomy":"category","embeddable":true,"href":"https:\/\/www.phorest.com\/de\/wp-json\/wp\/v2\/categories?post=64819"},{"taxonomy":"post_tag","embeddable":true,"href":"https:\/\/www.phorest.com\/de\/wp-json\/wp\/v2\/tags?post=64819"}],"curies":[{"name":"wp","href":"https:\/\/api.w.org\/{rel}","templated":true}]}}