{"id":68332,"date":"2020-02-20T13:34:26","date_gmt":"2020-02-20T13:34:26","guid":{"rendered":"https:\/\/www.phorest.com\/?p=68332"},"modified":"2020-02-20T13:34:28","modified_gmt":"2020-02-20T13:34:28","slug":"trefft-uns-auf-der-top-hair-halle-16-stand-f44","status":"publish","type":"post","link":"https:\/\/www.phorest.com\/de\/blog\/trefft-uns-auf-der-top-hair-halle-16-stand-f44\/","title":{"rendered":"Trefft uns auf der Top Hair &#8211; Halle 16 Stand F44"},"content":{"rendered":"\n<p>Auch dieses Jahr ist das Phorest Team wieder mit dabei, wenn die Top Hair International ihre Pforten in D\u00fcsseldorf \u00f6ffnet um mehr Tausende Besucher der Haar- und Kosmetik-Branche willkommen zu hei\u00dfen. <\/p>\n\n\n\n<p>Mit dabei? Nat\u00fcrlich das Team von Phorest Salonsoftware, das sich schon freut euch zu treffen, um alle eure Fragen zu beantworten, euch die neuesten Funktionen vorzuf\u00fchren und vor allem, um die ganz neue Salon App vorzustellen und mit euch die neueste Kassensicherungsverordnung zu besprechen. <\/p>\n\n\n\n<h2 class=\"wp-block-heading\">Die Phorest Salon-App &#8211; deine Marke, dein Salon, deine App<\/h2>\n\n\n\n<p>Die neueste Version unserer beliebten Salon-App erlaubt es unseren Kunden ihre Marke selbst zu bestimmen und die App spielend einfach ihrer Marke (oder Laune) anzupassen. Wie das geht, zeigen wir euch gerne ganz interaktiv an unserem Stand. Oder ist dein Salon schon im App-Store? <\/p>\n\n\n\n<figure class=\"wp-block-image size-large\"><a href=\"https:\/\/www.phorest.com\/de\/blog\/biete-ein-individuelles-markenerlebnis-mit-den-neuen-perfekt-designten-salon-apps\/\" target=\"_blank\" rel=\"noreferrer noopener\"><img loading=\"lazy\" decoding=\"async\" width=\"1024\" height=\"393\" src=\"https:\/\/d2dfxqxblmblx4.cloudfront.net\/2016\/11\/19151347\/SalonBrandedApps_1153x442-1024x393.png\" alt=\"Salon Branded Apps\" class=\"wp-image-64033\" srcset=\"https:\/\/d2dfxqxblmblx4.cloudfront.net\/2016\/11\/19151347\/SalonBrandedApps_1153x442-1024x393.png 1024w, https:\/\/d2dfxqxblmblx4.cloudfront.net\/2016\/11\/19151347\/SalonBrandedApps_1153x442-300x115.png 300w, https:\/\/d2dfxqxblmblx4.cloudfront.net\/2016\/11\/19151347\/SalonBrandedApps_1153x442-768x294.png 768w, https:\/\/d2dfxqxblmblx4.cloudfront.net\/2016\/11\/19151347\/SalonBrandedApps_1153x442.png 1153w\" sizes=\"auto, (max-width: 1024px) 100vw, 1024px\" \/><\/a><\/figure>\n\n\n\n<h2 class=\"wp-block-heading\">Kassensicherungsverordnung und TSE<\/h2>\n\n\n\n<p>Nat\u00fcrlich gibt es auch ernsthafte Themen, die euch zur Zeit stark bewegen. Die neueste Kassensicherungsverordnung, auch KassenSichV 2020 gennant, mit der Belegausgabepflicht und Kassenmeldepflicht, ist die gr\u00f6\u00dfte Sorge aller Salonunternehmer in den letzten und n\u00e4chsten Monaten. <\/p>\n\n\n\n<p>Besonders die Technische Sicherheitseinrichtung (TSE) brint viele ins Gr\u00fcbeln. Sprecht uns an und wir erkl\u00e4ren euch, wie wir diese Herausforderung meistern und wie ihr ganz einfach an ein konformes Kassensystem kommen k\u00f6nnt, ohne viel Geld f\u00fcr teure Updates oder Hardware bezahlen zu m\u00fcssen!<\/p>\n\n\n\n<figure class=\"wp-block-image size-large\"><a href=\"https:\/\/www.phorest.com\/de\/blog\/mit-phorest-sorgenfrei-durch-die-kassensicherungsverordnung-2020\/\" target=\"_blank\" rel=\"noreferrer noopener\"><img loading=\"lazy\" decoding=\"async\" width=\"1024\" height=\"407\" src=\"https:\/\/d2dfxqxblmblx4.cloudfront.net\/wp-content\/uploads\/2019\/12\/11161310\/Screenshot-2019-12-10-at-15.49.56-1024x407.png\" alt=\"KassenSichV2020-info\" class=\"wp-image-66061\" srcset=\"https:\/\/d2dfxqxblmblx4.cloudfront.net\/wp-content\/uploads\/2019\/12\/11161310\/Screenshot-2019-12-10-at-15.49.56-1024x407.png 1024w, https:\/\/d2dfxqxblmblx4.cloudfront.net\/wp-content\/uploads\/2019\/12\/11161310\/Screenshot-2019-12-10-at-15.49.56-300x119.png 300w, https:\/\/d2dfxqxblmblx4.cloudfront.net\/wp-content\/uploads\/2019\/12\/11161310\/Screenshot-2019-12-10-at-15.49.56-768x305.png 768w, https:\/\/d2dfxqxblmblx4.cloudfront.net\/wp-content\/uploads\/2019\/12\/11161310\/Screenshot-2019-12-10-at-15.49.56-1536x610.png 1536w, https:\/\/d2dfxqxblmblx4.cloudfront.net\/wp-content\/uploads\/2019\/12\/11161310\/Screenshot-2019-12-10-at-15.49.56.png 1598w\" sizes=\"auto, (max-width: 1024px) 100vw, 1024px\" \/><\/a><\/figure>\n\n\n\n<h2 class=\"wp-block-heading\">Noch kein Kunde, aber interessiert?<\/h2>\n\n\n\n<p>Ihr findet uns dieses Jahr in <strong>Halle 16 auf dem Stand F44<\/strong>. Wer sich im Voraus einen Demo Termin buchen m\u00f6chte, darf sich gerne an <strong>hallo@phorest.de<\/strong> wenden und wir planen euch fest ein. <\/p>\n\n\n\n<p>Ihr k\u00f6nnt nat\u00fcrlich auch jederzeit einfach vorbeischauen und uns ansprechen &#8211; wir freuen uns!<\/p>\n\n\n\n<p>Und: vorbeischauen lohnt sich! Unser Sales-Team \u00fcberlegt sich schon ein passendes Angebot zur Messe&#8230;<\/p>\n\n\n\n<h2 class=\"wp-block-heading\">Schon Kunde, aber ihr wollt mehr wissen?<\/h2>\n\n\n\n<p>Auch f\u00fcr unsere Kunden gibt es auf der Top Hair wieder viel zu entdecken. Kennt ihr eure Business Berater aus dem Grow Team schon? Nein? Dann lernt sie pers\u00f6nlich kennen und lasst euch alle Fragen zu unseren Marketingfunktionen beantworten und wie ihr sie nutzen k\u00f6nnt um euren Umsatz zu steigern. <\/p>\n\n\n\n<p>Jeder Saloninhaber, der Teil der Phorest Familie ist, hat seinen eigenen Business Berater bei uns, der euch dabei hilft die besten Marketingkampagnen oder Strategien f\u00fcr Treueprogramme oder Onlien Reputation aufzusetzen und das Programm so zu nutzen, dass ihr euer Gesch\u00e4ft zum Wachsen bringt. Wenn ihr euren Berater noch nicht kennt, kommt uns besuchen oder schreibt uns an hallo@phorest.de und wir organisieren ein erstes Kennenlernen. <\/p>\n\n\n\n<h2 class=\"wp-block-heading\">Gewinnt Tickets zum Phorest Salon Owners Summit 2020<\/h2>\n\n\n\n<p>Lust beim hei\u00dfesten Event des Winters dabei zu sein? Wollt ihr dabei sein, wenn \u00fcber 800 Salonunternehmer und Stylisten sich treffen und gemeinsam von den besten Speakern der Branche inspirieren lassen? <\/p>\n\n\n\n<p><strong>Den ganzen M\u00e4rz \u00fcber organisieren wir ein Gewinnspiel bei dem ihr 2 Tickets zu dem inspirierendsten Event der Branche gewinnen k\u00f6nnt. <\/strong><\/p>\n\n\n\n<p>Wie das geht und was die Bedingungen sind erz\u00e4hlen wir euch auf der Top Hair und in den kommenden Artikeln auf dem Phorest Blog!<\/p>\n\n\n\n<figure class=\"wp-block-image size-large\"><img loading=\"lazy\" decoding=\"async\" width=\"800\" height=\"533\" src=\"https:\/\/d2dfxqxblmblx4.cloudfront.net\/wp-content\/uploads\/2020\/02\/19172129\/phorest-dub6jan20-lr-62.jpg\" alt=\"\" class=\"wp-image-68733\" srcset=\"https:\/\/d2dfxqxblmblx4.cloudfront.net\/wp-content\/uploads\/2020\/02\/19172129\/phorest-dub6jan20-lr-62.jpg 800w, https:\/\/d2dfxqxblmblx4.cloudfront.net\/wp-content\/uploads\/2020\/02\/19172129\/phorest-dub6jan20-lr-62-300x200.jpg 300w, https:\/\/d2dfxqxblmblx4.cloudfront.net\/wp-content\/uploads\/2020\/02\/19172129\/phorest-dub6jan20-lr-62-768x512.jpg 768w\" sizes=\"auto, (max-width: 800px) 100vw, 800px\" \/><figcaption>Phorest Salon Owners Summit Dublin Jan 6th 2020\nKarl Hussey Photography 2020.<\/figcaption><\/figure>\n\n\n\n<h3 class=\"wp-block-heading\">Folgt uns auf <a href=\"https:\/\/www.facebook.com\/phorestsalonsoftwareDE\/\">Facebook<\/a> und <a href=\"https:\/\/www.instagram.com\/phorestgermany\/\">Instagram<\/a> um immer auf dem neuesten Stand zu sein &#8211; #letsgrow<\/h3>\n","protected":false},"excerpt":{"rendered":"<p>Auch dieses Jahr ist das Phorest Team wieder mit dabei, wenn die Top Hair International ihre Pforten in D\u00fcsseldorf \u00f6ffnet um mehr Tausende Besucher der Haar- und Kosmetik-Branche willkommen zu hei\u00dfen. Mit dabei? Nat\u00fcrlich das Team von Phorest Salonsoftware, das sich schon freut euch zu treffen, um alle eure Fragen zu beantworten, euch die neuesten &hellip; <a href=\"https:\/\/www.phorest.com\/de\/blog\/trefft-uns-auf-der-top-hair-halle-16-stand-f44\/\">Continued<\/a><\/p>\n","protected":false},"author":40002,"featured_media":68720,"comment_status":"open","ping_status":"open","sticky":false,"template":"","format":"standard","meta":{"_acf_changed":false,"footnotes":""},"categories":[3753,3748],"tags":[9371,9373,5685,4648,9372],"class_list":["post-68332","post","type-post","status-publish","format-standard","has-post-thumbnail","hentry","category-messen","category-news-events","tag-kassensicherungsverordnung","tag-salon-app-2","tag-salon-owners-summit-de","tag-salonmarketing","tag-top-hair-messe"],"acf":[],"yoast_head":"<!-- This site is optimized with the Yoast SEO plugin v25.1 - https:\/\/yoast.com\/wordpress\/plugins\/seo\/ -->\n<title>Trefft uns auf der Top Hair - Halle 16 Stand F44 | Phorest<\/title>\n<meta name=\"description\" content=\"Trefft uns auf der Top Hair International Messe in Halle 16 Stand F44 - lasst euch die Phorest Salonsoftware zeigen und lernt das Team kennen!\" \/>\n<meta name=\"robots\" content=\"index, follow, max-snippet:-1, max-image-preview:large, max-video-preview:-1\" \/>\n<link rel=\"canonical\" href=\"https:\/\/www.phorest.com\/de\/blog\/trefft-uns-auf-der-top-hair-halle-16-stand-f44\/\" \/>\n<meta property=\"og:locale\" content=\"de_DE\" \/>\n<meta property=\"og:type\" content=\"article\" \/>\n<meta property=\"og:title\" content=\"Trefft uns auf der Top Hair - Halle 16 Stand F44 | Phorest\" \/>\n<meta property=\"og:description\" content=\"Trefft uns auf der Top Hair International Messe in Halle 16 Stand F44 - lasst euch die Phorest Salonsoftware zeigen und lernt das Team kennen!\" \/>\n<meta property=\"og:url\" content=\"https:\/\/www.phorest.com\/de\/blog\/trefft-uns-auf-der-top-hair-halle-16-stand-f44\/\" \/>\n<meta property=\"og:site_name\" content=\"Phorest\" \/>\n<meta property=\"article:publisher\" content=\"https:\/\/www.facebook.com\/phorestsalonsoftware\" \/>\n<meta property=\"article:published_time\" content=\"2020-02-20T13:34:26+00:00\" \/>\n<meta property=\"article:modified_time\" content=\"2020-02-20T13:34:28+00:00\" \/>\n<meta property=\"og:image\" content=\"https:\/\/d2dfxqxblmblx4.cloudfront.net\/wp-content\/uploads\/2020\/02\/19165508\/Copy-of-DACH-Banner-Salonware-PR-150x150.jpg\" \/>\n\t<meta property=\"og:image:width\" content=\"1120\" \/>\n\t<meta property=\"og:image:height\" content=\"630\" \/>\n\t<meta property=\"og:image:type\" content=\"image\/jpeg\" \/>\n<meta name=\"author\" content=\"Sarada Li Loock\" \/>\n<meta name=\"twitter:card\" content=\"summary_large_image\" \/>\n<meta name=\"twitter:image\" content=\"https:\/\/d2dfxqxblmblx4.cloudfront.net\/wp-content\/uploads\/2020\/02\/19165508\/Copy-of-DACH-Banner-Salonware-PR-150x150.jpg\" \/>\n<meta name=\"twitter:creator\" content=\"@thephorestword\" \/>\n<meta name=\"twitter:site\" content=\"@thephorestword\" \/>\n<meta name=\"twitter:label1\" content=\"Written by\" \/>\n\t<meta name=\"twitter:data1\" content=\"Sarada Li Loock\" \/>\n\t<meta name=\"twitter:label2\" content=\"Est. reading time\" \/>\n\t<meta name=\"twitter:data2\" content=\"3 minutes\" \/>\n<script type=\"application\/ld+json\" class=\"yoast-schema-graph\">{\"@context\":\"https:\/\/schema.org\",\"@graph\":[{\"@type\":\"Article\",\"@id\":\"https:\/\/www.phorest.com\/de\/blog\/trefft-uns-auf-der-top-hair-halle-16-stand-f44\/#article\",\"isPartOf\":{\"@id\":\"https:\/\/www.phorest.com\/de\/blog\/trefft-uns-auf-der-top-hair-halle-16-stand-f44\/\"},\"author\":{\"name\":\"Sarada Li Loock\",\"@id\":\"https:\/\/www.phorest.com\/de\/#\/schema\/person\/515219242d32ba18f75663bb363f1c10\"},\"headline\":\"Trefft uns auf der Top Hair &#8211; Halle 16 Stand F44\",\"datePublished\":\"2020-02-20T13:34:26+00:00\",\"dateModified\":\"2020-02-20T13:34:28+00:00\",\"mainEntityOfPage\":{\"@id\":\"https:\/\/www.phorest.com\/de\/blog\/trefft-uns-auf-der-top-hair-halle-16-stand-f44\/\"},\"wordCount\":541,\"commentCount\":0,\"publisher\":{\"@id\":\"https:\/\/www.phorest.com\/de\/#organization\"},\"image\":{\"@id\":\"https:\/\/www.phorest.com\/de\/blog\/trefft-uns-auf-der-top-hair-halle-16-stand-f44\/#primaryimage\"},\"thumbnailUrl\":\"https:\/\/d2dfxqxblmblx4.cloudfront.net\/wp-content\/uploads\/2020\/02\/19165508\/Copy-of-DACH-Banner-Salonware-PR.jpg\",\"keywords\":[\"Kassensicherungsverordnung\",\"Salon App\",\"salon owners summit\",\"Salonmarketing\",\"Top Hair Messe\"],\"articleSection\":[\"Messen\",\"News &amp; Events\"],\"inLanguage\":\"de\",\"potentialAction\":[{\"@type\":\"CommentAction\",\"name\":\"Comment\",\"target\":[\"https:\/\/www.phorest.com\/de\/blog\/trefft-uns-auf-der-top-hair-halle-16-stand-f44\/#respond\"]}]},{\"@type\":\"WebPage\",\"@id\":\"https:\/\/www.phorest.com\/de\/blog\/trefft-uns-auf-der-top-hair-halle-16-stand-f44\/\",\"url\":\"https:\/\/www.phorest.com\/de\/blog\/trefft-uns-auf-der-top-hair-halle-16-stand-f44\/\",\"name\":\"Trefft uns auf der Top Hair - Halle 16 Stand F44 | Phorest\",\"isPartOf\":{\"@id\":\"https:\/\/www.phorest.com\/de\/#website\"},\"primaryImageOfPage\":{\"@id\":\"https:\/\/www.phorest.com\/de\/blog\/trefft-uns-auf-der-top-hair-halle-16-stand-f44\/#primaryimage\"},\"image\":{\"@id\":\"https:\/\/www.phorest.com\/de\/blog\/trefft-uns-auf-der-top-hair-halle-16-stand-f44\/#primaryimage\"},\"thumbnailUrl\":\"https:\/\/d2dfxqxblmblx4.cloudfront.net\/wp-content\/uploads\/2020\/02\/19165508\/Copy-of-DACH-Banner-Salonware-PR.jpg\",\"datePublished\":\"2020-02-20T13:34:26+00:00\",\"dateModified\":\"2020-02-20T13:34:28+00:00\",\"description\":\"Trefft uns auf der Top Hair International Messe in Halle 16 Stand F44 - lasst euch die Phorest Salonsoftware zeigen und lernt das Team kennen!\",\"breadcrumb\":{\"@id\":\"https:\/\/www.phorest.com\/de\/blog\/trefft-uns-auf-der-top-hair-halle-16-stand-f44\/#breadcrumb\"},\"inLanguage\":\"de\",\"potentialAction\":[{\"@type\":\"ReadAction\",\"target\":[\"https:\/\/www.phorest.com\/de\/blog\/trefft-uns-auf-der-top-hair-halle-16-stand-f44\/\"]}]},{\"@type\":\"ImageObject\",\"inLanguage\":\"de\",\"@id\":\"https:\/\/www.phorest.com\/de\/blog\/trefft-uns-auf-der-top-hair-halle-16-stand-f44\/#primaryimage\",\"url\":\"https:\/\/d2dfxqxblmblx4.cloudfront.net\/wp-content\/uploads\/2020\/02\/19165508\/Copy-of-DACH-Banner-Salonware-PR.jpg\",\"contentUrl\":\"https:\/\/d2dfxqxblmblx4.cloudfront.net\/wp-content\/uploads\/2020\/02\/19165508\/Copy-of-DACH-Banner-Salonware-PR.jpg\",\"width\":1120,\"height\":630},{\"@type\":\"BreadcrumbList\",\"@id\":\"https:\/\/www.phorest.com\/de\/blog\/trefft-uns-auf-der-top-hair-halle-16-stand-f44\/#breadcrumb\",\"itemListElement\":[{\"@type\":\"ListItem\",\"position\":1,\"name\":\"Home\",\"item\":\"https:\/\/www.phorest.com\/de\/\"},{\"@type\":\"ListItem\",\"position\":2,\"name\":\"Trefft uns auf der Top Hair &#8211; Halle 16 Stand F44\"}]},{\"@type\":\"WebSite\",\"@id\":\"https:\/\/www.phorest.com\/de\/#website\",\"url\":\"https:\/\/www.phorest.com\/de\/\",\"name\":\"Phorest\",\"description\":\"Salon Software - Hair &amp; Beauty - UK for Spa Management &amp; Appointments\",\"publisher\":{\"@id\":\"https:\/\/www.phorest.com\/de\/#organization\"},\"potentialAction\":[{\"@type\":\"SearchAction\",\"target\":{\"@type\":\"EntryPoint\",\"urlTemplate\":\"https:\/\/www.phorest.com\/de\/?s={search_term_string}\"},\"query-input\":{\"@type\":\"PropertyValueSpecification\",\"valueRequired\":true,\"valueName\":\"search_term_string\"}}],\"inLanguage\":\"de\"},{\"@type\":\"Organization\",\"@id\":\"https:\/\/www.phorest.com\/de\/#organization\",\"name\":\"Phorest Salon Software\",\"url\":\"https:\/\/www.phorest.com\/de\/\",\"logo\":{\"@type\":\"ImageObject\",\"inLanguage\":\"de\",\"@id\":\"https:\/\/www.phorest.com\/de\/#\/schema\/logo\/image\/\",\"url\":\"https:\/\/d2dfxqxblmblx4.cloudfront.net\/wp-content\/uploads\/2019\/10\/24141402\/phorest-acorn-logo1.png\",\"contentUrl\":\"https:\/\/d2dfxqxblmblx4.cloudfront.net\/wp-content\/uploads\/2019\/10\/24141402\/phorest-acorn-logo1.png\",\"width\":201,\"height\":202,\"caption\":\"Phorest Salon Software\"},\"image\":{\"@id\":\"https:\/\/www.phorest.com\/de\/#\/schema\/logo\/image\/\"},\"sameAs\":[\"https:\/\/www.facebook.com\/phorestsalonsoftware\",\"https:\/\/x.com\/thephorestword\",\"https:\/\/instagram.com\/phorest_salon_software\",\"https:\/\/www.linkedin.com\/company\/phorest?trk=company_name\",\"https:\/\/www.pinterest.com\/phorestss\/\",\"https:\/\/plus.google.com\/u\/0\/b\/101418954139594616916\/101418954139594616916\/posts\/p\/pub\"]},{\"@type\":\"Person\",\"@id\":\"https:\/\/www.phorest.com\/de\/#\/schema\/person\/515219242d32ba18f75663bb363f1c10\",\"name\":\"Sarada Li Loock\",\"image\":{\"@type\":\"ImageObject\",\"inLanguage\":\"de\",\"@id\":\"https:\/\/www.phorest.com\/de\/#\/schema\/person\/image\/\",\"url\":\"https:\/\/secure.gravatar.com\/avatar\/53bd352988f1fe080fe99b28d2b26032?s=96&d=mm&r=g\",\"contentUrl\":\"https:\/\/secure.gravatar.com\/avatar\/53bd352988f1fe080fe99b28d2b26032?s=96&d=mm&r=g\",\"caption\":\"Sarada Li Loock\"},\"description\":\"Sarada Loock war bis 2021 Teil unseres deutschsprachigen Marketingteams. Als geb\u00fcrtige Rheinl\u00e4nderin, hat sie sich ihren Master in Kommunikationswissenschaften und Marketing in Frankreich erarbeitet und lebt jetzt in Irland. Sie hat ihr Branchenwissen hier in den Phorest Ressourcen, wie auch in diversen Fachzeitschriften und Blogs wie\u00a0Friseur News,\u00a0Menschen im Salon\u00a0oder auch in einem Beitrag in\u00a0Estetica\u00a0geteilt.\",\"url\":\"https:\/\/www.phorest.com\/de\/blog\/author\/sarada-li-loock\/\"}]}<\/script>\n<!-- \/ Yoast SEO plugin. -->","yoast_head_json":{"title":"Trefft uns auf der Top Hair - Halle 16 Stand F44 | Phorest","description":"Trefft uns auf der Top Hair International Messe in Halle 16 Stand F44 - lasst euch die Phorest Salonsoftware zeigen und lernt das Team kennen!","robots":{"index":"index","follow":"follow","max-snippet":"max-snippet:-1","max-image-preview":"max-image-preview:large","max-video-preview":"max-video-preview:-1"},"canonical":"https:\/\/www.phorest.com\/de\/blog\/trefft-uns-auf-der-top-hair-halle-16-stand-f44\/","og_locale":"de_DE","og_type":"article","og_title":"Trefft uns auf der Top Hair - Halle 16 Stand F44 | Phorest","og_description":"Trefft uns auf der Top Hair International Messe in Halle 16 Stand F44 - lasst euch die Phorest Salonsoftware zeigen und lernt das Team kennen!","og_url":"https:\/\/www.phorest.com\/de\/blog\/trefft-uns-auf-der-top-hair-halle-16-stand-f44\/","og_site_name":"Phorest","article_publisher":"https:\/\/www.facebook.com\/phorestsalonsoftware","article_published_time":"2020-02-20T13:34:26+00:00","article_modified_time":"2020-02-20T13:34:28+00:00","og_image":[{"width":1120,"height":630,"url":"https:\/\/d2dfxqxblmblx4.cloudfront.net\/wp-content\/uploads\/2020\/02\/19165508\/Copy-of-DACH-Banner-Salonware-PR-150x150.jpg","type":"image\/jpeg"}],"author":"Sarada Li Loock","twitter_card":"summary_large_image","twitter_image":"https:\/\/d2dfxqxblmblx4.cloudfront.net\/wp-content\/uploads\/2020\/02\/19165508\/Copy-of-DACH-Banner-Salonware-PR-150x150.jpg","twitter_creator":"@thephorestword","twitter_site":"@thephorestword","twitter_misc":{"Written by":"Sarada Li Loock","Est. reading time":"3 minutes"},"schema":{"@context":"https:\/\/schema.org","@graph":[{"@type":"Article","@id":"https:\/\/www.phorest.com\/de\/blog\/trefft-uns-auf-der-top-hair-halle-16-stand-f44\/#article","isPartOf":{"@id":"https:\/\/www.phorest.com\/de\/blog\/trefft-uns-auf-der-top-hair-halle-16-stand-f44\/"},"author":{"name":"Sarada Li Loock","@id":"https:\/\/www.phorest.com\/de\/#\/schema\/person\/515219242d32ba18f75663bb363f1c10"},"headline":"Trefft uns auf der Top Hair &#8211; Halle 16 Stand F44","datePublished":"2020-02-20T13:34:26+00:00","dateModified":"2020-02-20T13:34:28+00:00","mainEntityOfPage":{"@id":"https:\/\/www.phorest.com\/de\/blog\/trefft-uns-auf-der-top-hair-halle-16-stand-f44\/"},"wordCount":541,"commentCount":0,"publisher":{"@id":"https:\/\/www.phorest.com\/de\/#organization"},"image":{"@id":"https:\/\/www.phorest.com\/de\/blog\/trefft-uns-auf-der-top-hair-halle-16-stand-f44\/#primaryimage"},"thumbnailUrl":"https:\/\/d2dfxqxblmblx4.cloudfront.net\/wp-content\/uploads\/2020\/02\/19165508\/Copy-of-DACH-Banner-Salonware-PR.jpg","keywords":["Kassensicherungsverordnung","Salon App","salon owners summit","Salonmarketing","Top Hair Messe"],"articleSection":["Messen","News &amp; Events"],"inLanguage":"de","potentialAction":[{"@type":"CommentAction","name":"Comment","target":["https:\/\/www.phorest.com\/de\/blog\/trefft-uns-auf-der-top-hair-halle-16-stand-f44\/#respond"]}]},{"@type":"WebPage","@id":"https:\/\/www.phorest.com\/de\/blog\/trefft-uns-auf-der-top-hair-halle-16-stand-f44\/","url":"https:\/\/www.phorest.com\/de\/blog\/trefft-uns-auf-der-top-hair-halle-16-stand-f44\/","name":"Trefft uns auf der Top Hair - Halle 16 Stand F44 | Phorest","isPartOf":{"@id":"https:\/\/www.phorest.com\/de\/#website"},"primaryImageOfPage":{"@id":"https:\/\/www.phorest.com\/de\/blog\/trefft-uns-auf-der-top-hair-halle-16-stand-f44\/#primaryimage"},"image":{"@id":"https:\/\/www.phorest.com\/de\/blog\/trefft-uns-auf-der-top-hair-halle-16-stand-f44\/#primaryimage"},"thumbnailUrl":"https:\/\/d2dfxqxblmblx4.cloudfront.net\/wp-content\/uploads\/2020\/02\/19165508\/Copy-of-DACH-Banner-Salonware-PR.jpg","datePublished":"2020-02-20T13:34:26+00:00","dateModified":"2020-02-20T13:34:28+00:00","description":"Trefft uns auf der Top Hair International Messe in Halle 16 Stand F44 - lasst euch die Phorest Salonsoftware zeigen und lernt das Team kennen!","breadcrumb":{"@id":"https:\/\/www.phorest.com\/de\/blog\/trefft-uns-auf-der-top-hair-halle-16-stand-f44\/#breadcrumb"},"inLanguage":"de","potentialAction":[{"@type":"ReadAction","target":["https:\/\/www.phorest.com\/de\/blog\/trefft-uns-auf-der-top-hair-halle-16-stand-f44\/"]}]},{"@type":"ImageObject","inLanguage":"de","@id":"https:\/\/www.phorest.com\/de\/blog\/trefft-uns-auf-der-top-hair-halle-16-stand-f44\/#primaryimage","url":"https:\/\/d2dfxqxblmblx4.cloudfront.net\/wp-content\/uploads\/2020\/02\/19165508\/Copy-of-DACH-Banner-Salonware-PR.jpg","contentUrl":"https:\/\/d2dfxqxblmblx4.cloudfront.net\/wp-content\/uploads\/2020\/02\/19165508\/Copy-of-DACH-Banner-Salonware-PR.jpg","width":1120,"height":630},{"@type":"BreadcrumbList","@id":"https:\/\/www.phorest.com\/de\/blog\/trefft-uns-auf-der-top-hair-halle-16-stand-f44\/#breadcrumb","itemListElement":[{"@type":"ListItem","position":1,"name":"Home","item":"https:\/\/www.phorest.com\/de\/"},{"@type":"ListItem","position":2,"name":"Trefft uns auf der Top Hair &#8211; Halle 16 Stand F44"}]},{"@type":"WebSite","@id":"https:\/\/www.phorest.com\/de\/#website","url":"https:\/\/www.phorest.com\/de\/","name":"Phorest","description":"Salon Software - Hair &amp; Beauty - UK for Spa Management &amp; Appointments","publisher":{"@id":"https:\/\/www.phorest.com\/de\/#organization"},"potentialAction":[{"@type":"SearchAction","target":{"@type":"EntryPoint","urlTemplate":"https:\/\/www.phorest.com\/de\/?s={search_term_string}"},"query-input":{"@type":"PropertyValueSpecification","valueRequired":true,"valueName":"search_term_string"}}],"inLanguage":"de"},{"@type":"Organization","@id":"https:\/\/www.phorest.com\/de\/#organization","name":"Phorest Salon Software","url":"https:\/\/www.phorest.com\/de\/","logo":{"@type":"ImageObject","inLanguage":"de","@id":"https:\/\/www.phorest.com\/de\/#\/schema\/logo\/image\/","url":"https:\/\/d2dfxqxblmblx4.cloudfront.net\/wp-content\/uploads\/2019\/10\/24141402\/phorest-acorn-logo1.png","contentUrl":"https:\/\/d2dfxqxblmblx4.cloudfront.net\/wp-content\/uploads\/2019\/10\/24141402\/phorest-acorn-logo1.png","width":201,"height":202,"caption":"Phorest Salon Software"},"image":{"@id":"https:\/\/www.phorest.com\/de\/#\/schema\/logo\/image\/"},"sameAs":["https:\/\/www.facebook.com\/phorestsalonsoftware","https:\/\/x.com\/thephorestword","https:\/\/instagram.com\/phorest_salon_software","https:\/\/www.linkedin.com\/company\/phorest?trk=company_name","https:\/\/www.pinterest.com\/phorestss\/","https:\/\/plus.google.com\/u\/0\/b\/101418954139594616916\/101418954139594616916\/posts\/p\/pub"]},{"@type":"Person","@id":"https:\/\/www.phorest.com\/de\/#\/schema\/person\/515219242d32ba18f75663bb363f1c10","name":"Sarada Li Loock","image":{"@type":"ImageObject","inLanguage":"de","@id":"https:\/\/www.phorest.com\/de\/#\/schema\/person\/image\/","url":"https:\/\/secure.gravatar.com\/avatar\/53bd352988f1fe080fe99b28d2b26032?s=96&d=mm&r=g","contentUrl":"https:\/\/secure.gravatar.com\/avatar\/53bd352988f1fe080fe99b28d2b26032?s=96&d=mm&r=g","caption":"Sarada Li Loock"},"description":"Sarada Loock war bis 2021 Teil unseres deutschsprachigen Marketingteams. Als geb\u00fcrtige Rheinl\u00e4nderin, hat sie sich ihren Master in Kommunikationswissenschaften und Marketing in Frankreich erarbeitet und lebt jetzt in Irland. Sie hat ihr Branchenwissen hier in den Phorest Ressourcen, wie auch in diversen Fachzeitschriften und Blogs wie\u00a0Friseur News,\u00a0Menschen im Salon\u00a0oder auch in einem Beitrag in\u00a0Estetica\u00a0geteilt.","url":"https:\/\/www.phorest.com\/de\/blog\/author\/sarada-li-loock\/"}]}},"_links":{"self":[{"href":"https:\/\/www.phorest.com\/de\/wp-json\/wp\/v2\/posts\/68332","targetHints":{"allow":["GET"]}}],"collection":[{"href":"https:\/\/www.phorest.com\/de\/wp-json\/wp\/v2\/posts"}],"about":[{"href":"https:\/\/www.phorest.com\/de\/wp-json\/wp\/v2\/types\/post"}],"author":[{"embeddable":true,"href":"https:\/\/www.phorest.com\/de\/wp-json\/wp\/v2\/users\/40002"}],"replies":[{"embeddable":true,"href":"https:\/\/www.phorest.com\/de\/wp-json\/wp\/v2\/comments?post=68332"}],"version-history":[{"count":5,"href":"https:\/\/www.phorest.com\/de\/wp-json\/wp\/v2\/posts\/68332\/revisions"}],"predecessor-version":[{"id":68752,"href":"https:\/\/www.phorest.com\/de\/wp-json\/wp\/v2\/posts\/68332\/revisions\/68752"}],"wp:featuredmedia":[{"embeddable":true,"href":"https:\/\/www.phorest.com\/de\/wp-json\/wp\/v2\/media\/68720"}],"wp:attachment":[{"href":"https:\/\/www.phorest.com\/de\/wp-json\/wp\/v2\/media?parent=68332"}],"wp:term":[{"taxonomy":"category","embeddable":true,"href":"https:\/\/www.phorest.com\/de\/wp-json\/wp\/v2\/categories?post=68332"},{"taxonomy":"post_tag","embeddable":true,"href":"https:\/\/www.phorest.com\/de\/wp-json\/wp\/v2\/tags?post=68332"}],"curies":[{"name":"wp","href":"https:\/\/api.w.org\/{rel}","templated":true}]}}