{"id":70808,"date":"2020-03-25T18:44:50","date_gmt":"2020-03-25T18:44:50","guid":{"rendered":"https:\/\/www.phorest.com\/?p=70808"},"modified":"2020-03-25T18:44:52","modified_gmt":"2020-03-25T18:44:52","slug":"unsere-unterstutzung-wahrend-der-covid-19-krise","status":"publish","type":"post","link":"https:\/\/www.phorest.com\/de\/blog\/unsere-unterstutzung-wahrend-der-covid-19-krise\/","title":{"rendered":"Unsere Unterst\u00fctzung w\u00e4hrend der Covid-19 Krise"},"content":{"rendered":"\n<p>Nachdem jetzt wirklich alle Salons in \u00d6sterreich, Schweiz und Deutschland schlie\u00dfen mussten, haben wir bei Phorest sofort \u00fcberlegt, was wir tun k\u00f6nnen, um unsere Kunden und damit auch die ganze Branche zu unterst\u00fctzen. Wir wollten mit gutem Beispiel vorangehen, in der Hoffnung, dass andere Marken \u00e4hnliche Aktionen starten, denn nur gemeinsam k\u00f6nnen wir diese Krise \u00fcberstehen. Es war nicht geplant, diese Kommunikation \u00f6ffentlich zu machen, aber wir haben gemerkt, dass es immer noch Kunden gibt, die wir nicht erreichen konnten. Hier also das Schreiben an unsere Kunden im ungef\u00e4lschten Wortlaut. <\/p>\n\n\n\n<h3 class=\"wp-block-heading\"><strong>Mitteilung von Markus Lorscheidt, Gesch\u00e4ftsf\u00fchrer der Phorest GmbH an alle unsere Kunden in Deutschland, \u00d6sterreich und der Schweiz. <\/strong><\/h3>\n\n\n\n<figure class=\"wp-block-table\"><table class=\"\"><tbody><tr><td>Liebe Phorest-Familie, <br><br>wir erleben zur Zeit eine der gr\u00f6\u00dften Herausforderungen, die sich uns als Gesellschaft in Europa in den letzten Jahrzehnten gestellt hat. Gebiete in \u00d6sterreich sind zum Quarant\u00e4ne-Gebiet erkl\u00e4rt, Gesch\u00e4fte und&nbsp;Schulen sind geschlossen, die Menschen angehalten zu Hause zu bleiben. Drastische Ma\u00dfnahmen, die wir uns bis vor kurzem hier bei uns nicht h\u00e4tten vorstellen k\u00f6nnen. Ma\u00dfnahmen, die Menschen einschr\u00e4nken werden. Ma\u00dfnahmen, die Unternehmen vor existenzielle Herausforderungen stellen werden.&nbsp;<br><br>Es ist aber auch eine Zeit, in der wir uns wieder bewusst werden, dass wir nur als Gemeinschaft stark sind, dass wir nur als Gemeinschaft diese Krise bestm\u00f6glich \u00fcberwinden k\u00f6nnen. Damit meinen wir die gesundheitliche Krise, die uns als Menschen betrifft, genauso wie die wirtschaftliche Krise, die uns als Unternehmer Sorgen macht. Wie auch bei der Krankheit selbst, werden die meisten von uns diese Krise \u00fcberstehen. Wie auch bei dem Kampf gegen die&nbsp;Verbreitung des Virus, ist es jetzt wichtig, dass wir uns gemeinsam unterst\u00fctzen und solidarisch sind.&nbsp;<br><br>Es sind schwierige Zeiten, die jetzt auf uns zukommen; auf alle von uns; auf unsere Mitarbeiter; auf unsere Kunden. Solidarit\u00e4t und gegenseitige Unterst\u00fctzung sind der einzige Weg, wie wir es alle auf die andere Seite dieses turbulenten Flusses schaffen, der uns gerade mitrei\u00dft.&nbsp;<br><br><br><strong>Damit wir es alle schaffen, wollen wir nat\u00fcrlich unseren Teil dazu tun. Wir bei Phorest, und da spreche ich f\u00fcr das ganze Team, f\u00fchlen uns euch verpflichtet.&nbsp;<\/strong>Wir haben uns immer schon mehr als Partner f\u00fcr Salons gesehen, als nur als eine reine Software-Firma. Wir verkaufen kein Kassen- und Terminsystem, sondern wir wollen Salons dabei helfen, weiter zu wachsen.&nbsp;<br><br><\/td><\/tr><\/tbody><\/table><\/figure>\n\n\n\n<h3 class=\"wp-block-heading\"><strong>Was k\u00f6nnen wir also konkret tun, um euch in dieser Situation zu helfen?<\/strong><\/h3>\n\n\n\n<figure class=\"wp-block-table\"><table class=\"\"><tbody><tr><td><br><br>Nat\u00fcrlich stehen wir euch immer mit Rat und Hilfe zur Seite und haben da auch schon viel in Vorbereitung. Aber wir haben uns auch etwas konkretes, finanzielles \u00fcberlegt. Nach vielen Gespr\u00e4chen mit einigen von euch und den vielen Beitr\u00e4gen, die ich auf sozialen Medien lesen konnte, ist eure allererste Sorge, die Liquidit\u00e4t, also wie ihr in den n\u00e4chsten Wochen zahlungsf\u00e4hig bleibt, um eure Mitarbeiter nicht zu entt\u00e4uschen. Als Gesch\u00e4ftsf\u00fchrer von Phorest Germany, besch\u00e4ftige ich mich mit genau den gleichen \u00dcberlegungen, weshalb ich eure Sorgen da sehr gut nachvollziehen kann. Es ging mir also darum, eine L\u00f6sung zu finden, die f\u00fcr uns alle tragbar ist, die solidarisch ist und die auch nachhaltig ist. Wenn wir uns nach der Krise wieder sprechen, m\u00f6chten wir, dass es eurem Salon gut geht und auch, dass die Infrastruktur rund um unsere Software weiter intakt ist.<\/td><\/tr><\/tbody><\/table><\/figure>\n\n\n\n<figure class=\"wp-block-table\"><table class=\"\"><tbody><tr><td><\/td><\/tr><\/tbody><\/table><\/figure>\n\n\n\n<h3 class=\"wp-block-heading\"><strong>So wollen wir euch unterst\u00fctzen:<\/strong><\/h3>\n\n\n\n<figure class=\"wp-block-table\"><table class=\"\"><tbody><tr><td><br>&nbsp;Wir bieten<strong>&nbsp;allen Phorest Saloninhabern<\/strong>&nbsp;in allen Regionen (unabh\u00e4ngig davon, ob die Salons bereits geschlossen sind oder noch offen haben) an,&nbsp;<strong>dass wir zum n\u00e4chsten Zahlungslauf zum 15. April nur die H\u00e4lfte des sonst f\u00e4lligen Rechnungsbetrags einziehen werden&nbsp;(gilt nur f\u00fcr die monatliche Software-Nutzungsgeb\u00fchr).<\/strong><br><br>Zum Beispiel statt 159,-\u20ac f\u00fcr die Nutzung des Premium Pakets werden wir zum 15. April nur 79,-\u20ac zzgl. MwSt. einziehen. Je nach Situation, indem sich eure Salons Ende April befinden, verl\u00e4ngern wir diese Aktion auch noch f\u00fcr den Mai. Vielleicht mag das f\u00fcr jeden einzelnen Salon in dieser Situation nur ein kleiner Beitrag sein, aber uns ist es wichtig, dass wir mit allen unseren Salons in der DACH Region solidarisch sind. Wir sind uns bewusst, dass das f\u00fcr uns auch eine massive Einschr\u00e4nkung im April ist, aber wir denken, es ist das Richtige heute ein Risiko f\u00fcr euch aufzunehmen. Nur wenn wir auch auf euch z\u00e4hlen k\u00f6nnen, und sei es mittels diesen verringerten Betrags, bleiben wir handlungsf\u00e4hig.&nbsp;<\/td><\/tr><\/tbody><\/table><\/figure>\n\n\n\n<figure class=\"wp-block-table\"><table class=\"\"><tbody><tr><td><\/td><\/tr><\/tbody><\/table><\/figure>\n\n\n\n<h3 class=\"wp-block-heading\"><strong>Und was bedeutet Handlungsf\u00e4higkeit?<\/strong><\/h3>\n\n\n\n<figure class=\"wp-block-table\"><table class=\"\"><tbody><tr><td><br>Handlungsf\u00e4higkeit bedeutet, dass der Support weiter erreichbar bleibt. Es bedeutet, dass ihr in den ruhigen Tagen immer noch Marketingberater habt, die mit euch die Wiederer\u00f6ffnung vorbereiten. Es bedeutet, dass wir auch in der Entwicklung alles daran setzen Funktionen fertigzustellen, die euch jetzt in dieser Krisenzeit helfen k\u00f6nnen. Beispielsweise arbeiten wir gerade mit Hochdruck daran, dass ihr \u00fcber die Phorest Marketingfunktionen euren Kunden direkt online Gutscheine f\u00fcr Dienstleistungen anbieten und online verkaufen k\u00f6nnt. Damit k\u00f6nnt ihr Einnahmen bekommen, auch wenn der Salon geschlossen bleiben muss. Es bedeutet auch, dass weiter an unserem Produkt gearbeitet werden kann und wir nicht wieder um Monate zur\u00fcckgeworfen werden.&nbsp;<br><br>Das funktioniert aber nur, wenn wir jetzt alle solidarisch sind. Um es einmal ganz konkret auszusprechen, bitte stellt sicher, dass wenigstens die 50% Zahlung von uns auch eingezogen werden kann.&nbsp;<br><br><strong>Je nach Situation Ende April verl\u00e4ngern wir dieses Angebot auch noch f\u00fcr den Mai, aber auch das geht nur, wenn wir jetzt alle solidarisch miteinander arbeiten.&nbsp;<\/strong><br>&nbsp;<\/td><\/tr><\/tbody><\/table><\/figure>\n\n\n\n<figure class=\"wp-block-table\"><table class=\"\"><tbody><tr><td><\/td><\/tr><\/tbody><\/table><\/figure>\n\n\n\n<figure class=\"wp-block-table\"><table class=\"\"><tbody><tr><td>Wir melden uns in den n\u00e4chsten Tagen bei euch, auch per Instagram und Facebook, damit ihr uns alle Fragen stellen k\u00f6nnt, die ihr noch habt. Wir w\u00fcrden uns \u00fcber einen regelm\u00e4\u00dfigen Austausch mit euch freuen und ich stehe euch selbstverst\u00e4ndlich immer auch f\u00fcr Einzelgespr\u00e4che zur Verf\u00fcgung.&nbsp;<br><br><strong>Bleibt gesund!<br><br>Mit den besten Gr\u00fc\u00dfen,<br><br>Euer Markus<\/strong><\/td><\/tr><\/tbody><\/table><\/figure>\n\n\n\n<figure class=\"wp-block-image size-large is-resized\"><a href=\"https:\/\/www.phorest.com\/de\/coronavirus-infos-tipps-unterstuetzung\/\"><img loading=\"lazy\" decoding=\"async\" src=\"https:\/\/d2dfxqxblmblx4.cloudfront.net\/wp-content\/uploads\/2020\/03\/20144647\/emailsig-DE1.png\" alt=\"\" class=\"wp-image-70697\" width=\"754\" height=\"132\"\/><\/a><\/figure>\n","protected":false},"excerpt":{"rendered":"<p>Nachdem jetzt wirklich alle Salons in \u00d6sterreich, Schweiz und Deutschland schlie\u00dfen mussten, haben wir bei Phorest sofort \u00fcberlegt, was wir tun k\u00f6nnen, um unsere Kunden und damit auch die ganze Branche zu unterst\u00fctzen. Wir wollten mit gutem Beispiel vorangehen, in der Hoffnung, dass andere Marken \u00e4hnliche Aktionen starten, denn nur gemeinsam k\u00f6nnen wir diese Krise &hellip; <a href=\"https:\/\/www.phorest.com\/de\/blog\/unsere-unterstutzung-wahrend-der-covid-19-krise\/\">Continued<\/a><\/p>\n","protected":false},"author":40002,"featured_media":70812,"comment_status":"open","ping_status":"open","sticky":false,"template":"","format":"standard","meta":{"_acf_changed":false,"footnotes":""},"categories":[3748,3750],"tags":[],"class_list":["post-70808","post","type-post","status-publish","format-standard","has-post-thumbnail","hentry","category-news-events","category-phorest"],"acf":[],"yoast_head":"<!-- This site is optimized with the Yoast SEO plugin v25.1 - https:\/\/yoast.com\/wordpress\/plugins\/seo\/ -->\n<title>Unsere Unterst\u00fctzung w\u00e4hrend der Covid-19 Krise | Phorest<\/title>\n<meta name=\"description\" content=\"Mitteilung an unsere Kunden: wir bei Phorest haben sofort \u00fcberlegt, was wir tun k\u00f6nnen, um unsere Kunden und damit auch die ganze Branche zu unterst\u00fctzen.\" \/>\n<meta name=\"robots\" content=\"index, follow, max-snippet:-1, max-image-preview:large, max-video-preview:-1\" \/>\n<link rel=\"canonical\" href=\"https:\/\/www.phorest.com\/de\/blog\/unsere-unterstutzung-wahrend-der-covid-19-krise\/\" \/>\n<meta property=\"og:locale\" content=\"de_DE\" \/>\n<meta property=\"og:type\" content=\"article\" \/>\n<meta property=\"og:title\" content=\"Unsere Unterst\u00fctzung w\u00e4hrend der Covid-19 Krise | Phorest\" \/>\n<meta property=\"og:description\" content=\"Mitteilung an unsere Kunden: wir bei Phorest haben sofort \u00fcberlegt, was wir tun k\u00f6nnen, um unsere Kunden und damit auch die ganze Branche zu unterst\u00fctzen.\" \/>\n<meta property=\"og:url\" content=\"https:\/\/www.phorest.com\/de\/blog\/unsere-unterstutzung-wahrend-der-covid-19-krise\/\" \/>\n<meta property=\"og:site_name\" content=\"Phorest\" \/>\n<meta property=\"article:publisher\" content=\"https:\/\/www.facebook.com\/phorestsalonsoftware\" \/>\n<meta property=\"article:published_time\" content=\"2020-03-25T18:44:50+00:00\" \/>\n<meta property=\"article:modified_time\" content=\"2020-03-25T18:44:52+00:00\" \/>\n<meta property=\"og:image\" content=\"https:\/\/d2dfxqxblmblx4.cloudfront.net\/wp-content\/uploads\/2020\/03\/24172436\/GettyImages-1159040738-150x150.jpg\" \/>\n\t<meta property=\"og:image:width\" content=\"1500\" \/>\n\t<meta property=\"og:image:height\" content=\"591\" \/>\n\t<meta property=\"og:image:type\" content=\"image\/jpeg\" \/>\n<meta name=\"author\" content=\"Sarada Li Loock\" \/>\n<meta name=\"twitter:card\" content=\"summary_large_image\" \/>\n<meta name=\"twitter:image\" content=\"https:\/\/d2dfxqxblmblx4.cloudfront.net\/wp-content\/uploads\/2020\/03\/24172436\/GettyImages-1159040738-150x150.jpg\" \/>\n<meta name=\"twitter:creator\" content=\"@thephorestword\" \/>\n<meta name=\"twitter:site\" content=\"@thephorestword\" \/>\n<meta name=\"twitter:label1\" content=\"Written by\" \/>\n\t<meta name=\"twitter:data1\" content=\"Sarada Li Loock\" \/>\n\t<meta name=\"twitter:label2\" content=\"Est. reading time\" \/>\n\t<meta name=\"twitter:data2\" content=\"5 minutes\" \/>\n<script type=\"application\/ld+json\" class=\"yoast-schema-graph\">{\"@context\":\"https:\/\/schema.org\",\"@graph\":[{\"@type\":\"Article\",\"@id\":\"https:\/\/www.phorest.com\/de\/blog\/unsere-unterstutzung-wahrend-der-covid-19-krise\/#article\",\"isPartOf\":{\"@id\":\"https:\/\/www.phorest.com\/de\/blog\/unsere-unterstutzung-wahrend-der-covid-19-krise\/\"},\"author\":{\"name\":\"Sarada Li Loock\",\"@id\":\"https:\/\/www.phorest.com\/de\/#\/schema\/person\/515219242d32ba18f75663bb363f1c10\"},\"headline\":\"Unsere Unterst\u00fctzung w\u00e4hrend der Covid-19 Krise\",\"datePublished\":\"2020-03-25T18:44:50+00:00\",\"dateModified\":\"2020-03-25T18:44:52+00:00\",\"mainEntityOfPage\":{\"@id\":\"https:\/\/www.phorest.com\/de\/blog\/unsere-unterstutzung-wahrend-der-covid-19-krise\/\"},\"wordCount\":1004,\"commentCount\":0,\"publisher\":{\"@id\":\"https:\/\/www.phorest.com\/de\/#organization\"},\"image\":{\"@id\":\"https:\/\/www.phorest.com\/de\/blog\/unsere-unterstutzung-wahrend-der-covid-19-krise\/#primaryimage\"},\"thumbnailUrl\":\"https:\/\/d2dfxqxblmblx4.cloudfront.net\/wp-content\/uploads\/2020\/03\/24172436\/GettyImages-1159040738.jpg\",\"articleSection\":[\"News &amp; Events\",\"Phorest\"],\"inLanguage\":\"de\",\"potentialAction\":[{\"@type\":\"CommentAction\",\"name\":\"Comment\",\"target\":[\"https:\/\/www.phorest.com\/de\/blog\/unsere-unterstutzung-wahrend-der-covid-19-krise\/#respond\"]}]},{\"@type\":\"WebPage\",\"@id\":\"https:\/\/www.phorest.com\/de\/blog\/unsere-unterstutzung-wahrend-der-covid-19-krise\/\",\"url\":\"https:\/\/www.phorest.com\/de\/blog\/unsere-unterstutzung-wahrend-der-covid-19-krise\/\",\"name\":\"Unsere Unterst\u00fctzung w\u00e4hrend der Covid-19 Krise | Phorest\",\"isPartOf\":{\"@id\":\"https:\/\/www.phorest.com\/de\/#website\"},\"primaryImageOfPage\":{\"@id\":\"https:\/\/www.phorest.com\/de\/blog\/unsere-unterstutzung-wahrend-der-covid-19-krise\/#primaryimage\"},\"image\":{\"@id\":\"https:\/\/www.phorest.com\/de\/blog\/unsere-unterstutzung-wahrend-der-covid-19-krise\/#primaryimage\"},\"thumbnailUrl\":\"https:\/\/d2dfxqxblmblx4.cloudfront.net\/wp-content\/uploads\/2020\/03\/24172436\/GettyImages-1159040738.jpg\",\"datePublished\":\"2020-03-25T18:44:50+00:00\",\"dateModified\":\"2020-03-25T18:44:52+00:00\",\"description\":\"Mitteilung an unsere Kunden: wir bei Phorest haben sofort \u00fcberlegt, was wir tun k\u00f6nnen, um unsere Kunden und damit auch die ganze Branche zu unterst\u00fctzen.\",\"breadcrumb\":{\"@id\":\"https:\/\/www.phorest.com\/de\/blog\/unsere-unterstutzung-wahrend-der-covid-19-krise\/#breadcrumb\"},\"inLanguage\":\"de\",\"potentialAction\":[{\"@type\":\"ReadAction\",\"target\":[\"https:\/\/www.phorest.com\/de\/blog\/unsere-unterstutzung-wahrend-der-covid-19-krise\/\"]}]},{\"@type\":\"ImageObject\",\"inLanguage\":\"de\",\"@id\":\"https:\/\/www.phorest.com\/de\/blog\/unsere-unterstutzung-wahrend-der-covid-19-krise\/#primaryimage\",\"url\":\"https:\/\/d2dfxqxblmblx4.cloudfront.net\/wp-content\/uploads\/2020\/03\/24172436\/GettyImages-1159040738.jpg\",\"contentUrl\":\"https:\/\/d2dfxqxblmblx4.cloudfront.net\/wp-content\/uploads\/2020\/03\/24172436\/GettyImages-1159040738.jpg\",\"width\":1500,\"height\":591,\"caption\":\"solidarity\"},{\"@type\":\"BreadcrumbList\",\"@id\":\"https:\/\/www.phorest.com\/de\/blog\/unsere-unterstutzung-wahrend-der-covid-19-krise\/#breadcrumb\",\"itemListElement\":[{\"@type\":\"ListItem\",\"position\":1,\"name\":\"Home\",\"item\":\"https:\/\/www.phorest.com\/de\/\"},{\"@type\":\"ListItem\",\"position\":2,\"name\":\"Unsere Unterst\u00fctzung w\u00e4hrend der Covid-19 Krise\"}]},{\"@type\":\"WebSite\",\"@id\":\"https:\/\/www.phorest.com\/de\/#website\",\"url\":\"https:\/\/www.phorest.com\/de\/\",\"name\":\"Phorest\",\"description\":\"Salon Software - Hair &amp; Beauty - UK for Spa Management &amp; Appointments\",\"publisher\":{\"@id\":\"https:\/\/www.phorest.com\/de\/#organization\"},\"potentialAction\":[{\"@type\":\"SearchAction\",\"target\":{\"@type\":\"EntryPoint\",\"urlTemplate\":\"https:\/\/www.phorest.com\/de\/?s={search_term_string}\"},\"query-input\":{\"@type\":\"PropertyValueSpecification\",\"valueRequired\":true,\"valueName\":\"search_term_string\"}}],\"inLanguage\":\"de\"},{\"@type\":\"Organization\",\"@id\":\"https:\/\/www.phorest.com\/de\/#organization\",\"name\":\"Phorest Salon Software\",\"url\":\"https:\/\/www.phorest.com\/de\/\",\"logo\":{\"@type\":\"ImageObject\",\"inLanguage\":\"de\",\"@id\":\"https:\/\/www.phorest.com\/de\/#\/schema\/logo\/image\/\",\"url\":\"https:\/\/d2dfxqxblmblx4.cloudfront.net\/wp-content\/uploads\/2019\/10\/24141402\/phorest-acorn-logo1.png\",\"contentUrl\":\"https:\/\/d2dfxqxblmblx4.cloudfront.net\/wp-content\/uploads\/2019\/10\/24141402\/phorest-acorn-logo1.png\",\"width\":201,\"height\":202,\"caption\":\"Phorest Salon Software\"},\"image\":{\"@id\":\"https:\/\/www.phorest.com\/de\/#\/schema\/logo\/image\/\"},\"sameAs\":[\"https:\/\/www.facebook.com\/phorestsalonsoftware\",\"https:\/\/x.com\/thephorestword\",\"https:\/\/instagram.com\/phorest_salon_software\",\"https:\/\/www.linkedin.com\/company\/phorest?trk=company_name\",\"https:\/\/www.pinterest.com\/phorestss\/\",\"https:\/\/plus.google.com\/u\/0\/b\/101418954139594616916\/101418954139594616916\/posts\/p\/pub\"]},{\"@type\":\"Person\",\"@id\":\"https:\/\/www.phorest.com\/de\/#\/schema\/person\/515219242d32ba18f75663bb363f1c10\",\"name\":\"Sarada Li Loock\",\"image\":{\"@type\":\"ImageObject\",\"inLanguage\":\"de\",\"@id\":\"https:\/\/www.phorest.com\/de\/#\/schema\/person\/image\/\",\"url\":\"https:\/\/secure.gravatar.com\/avatar\/53bd352988f1fe080fe99b28d2b26032?s=96&d=mm&r=g\",\"contentUrl\":\"https:\/\/secure.gravatar.com\/avatar\/53bd352988f1fe080fe99b28d2b26032?s=96&d=mm&r=g\",\"caption\":\"Sarada Li Loock\"},\"description\":\"Sarada Loock war bis 2021 Teil unseres deutschsprachigen Marketingteams. Als geb\u00fcrtige Rheinl\u00e4nderin, hat sie sich ihren Master in Kommunikationswissenschaften und Marketing in Frankreich erarbeitet und lebt jetzt in Irland. Sie hat ihr Branchenwissen hier in den Phorest Ressourcen, wie auch in diversen Fachzeitschriften und Blogs wie\u00a0Friseur News,\u00a0Menschen im Salon\u00a0oder auch in einem Beitrag in\u00a0Estetica\u00a0geteilt.\",\"url\":\"https:\/\/www.phorest.com\/de\/blog\/author\/sarada-li-loock\/\"}]}<\/script>\n<!-- \/ Yoast SEO plugin. -->","yoast_head_json":{"title":"Unsere Unterst\u00fctzung w\u00e4hrend der Covid-19 Krise | Phorest","description":"Mitteilung an unsere Kunden: wir bei Phorest haben sofort \u00fcberlegt, was wir tun k\u00f6nnen, um unsere Kunden und damit auch die ganze Branche zu unterst\u00fctzen.","robots":{"index":"index","follow":"follow","max-snippet":"max-snippet:-1","max-image-preview":"max-image-preview:large","max-video-preview":"max-video-preview:-1"},"canonical":"https:\/\/www.phorest.com\/de\/blog\/unsere-unterstutzung-wahrend-der-covid-19-krise\/","og_locale":"de_DE","og_type":"article","og_title":"Unsere Unterst\u00fctzung w\u00e4hrend der Covid-19 Krise | Phorest","og_description":"Mitteilung an unsere Kunden: wir bei Phorest haben sofort \u00fcberlegt, was wir tun k\u00f6nnen, um unsere Kunden und damit auch die ganze Branche zu unterst\u00fctzen.","og_url":"https:\/\/www.phorest.com\/de\/blog\/unsere-unterstutzung-wahrend-der-covid-19-krise\/","og_site_name":"Phorest","article_publisher":"https:\/\/www.facebook.com\/phorestsalonsoftware","article_published_time":"2020-03-25T18:44:50+00:00","article_modified_time":"2020-03-25T18:44:52+00:00","og_image":[{"width":1500,"height":591,"url":"https:\/\/d2dfxqxblmblx4.cloudfront.net\/wp-content\/uploads\/2020\/03\/24172436\/GettyImages-1159040738-150x150.jpg","type":"image\/jpeg"}],"author":"Sarada Li Loock","twitter_card":"summary_large_image","twitter_image":"https:\/\/d2dfxqxblmblx4.cloudfront.net\/wp-content\/uploads\/2020\/03\/24172436\/GettyImages-1159040738-150x150.jpg","twitter_creator":"@thephorestword","twitter_site":"@thephorestword","twitter_misc":{"Written by":"Sarada Li Loock","Est. reading time":"5 minutes"},"schema":{"@context":"https:\/\/schema.org","@graph":[{"@type":"Article","@id":"https:\/\/www.phorest.com\/de\/blog\/unsere-unterstutzung-wahrend-der-covid-19-krise\/#article","isPartOf":{"@id":"https:\/\/www.phorest.com\/de\/blog\/unsere-unterstutzung-wahrend-der-covid-19-krise\/"},"author":{"name":"Sarada Li Loock","@id":"https:\/\/www.phorest.com\/de\/#\/schema\/person\/515219242d32ba18f75663bb363f1c10"},"headline":"Unsere Unterst\u00fctzung w\u00e4hrend der Covid-19 Krise","datePublished":"2020-03-25T18:44:50+00:00","dateModified":"2020-03-25T18:44:52+00:00","mainEntityOfPage":{"@id":"https:\/\/www.phorest.com\/de\/blog\/unsere-unterstutzung-wahrend-der-covid-19-krise\/"},"wordCount":1004,"commentCount":0,"publisher":{"@id":"https:\/\/www.phorest.com\/de\/#organization"},"image":{"@id":"https:\/\/www.phorest.com\/de\/blog\/unsere-unterstutzung-wahrend-der-covid-19-krise\/#primaryimage"},"thumbnailUrl":"https:\/\/d2dfxqxblmblx4.cloudfront.net\/wp-content\/uploads\/2020\/03\/24172436\/GettyImages-1159040738.jpg","articleSection":["News &amp; Events","Phorest"],"inLanguage":"de","potentialAction":[{"@type":"CommentAction","name":"Comment","target":["https:\/\/www.phorest.com\/de\/blog\/unsere-unterstutzung-wahrend-der-covid-19-krise\/#respond"]}]},{"@type":"WebPage","@id":"https:\/\/www.phorest.com\/de\/blog\/unsere-unterstutzung-wahrend-der-covid-19-krise\/","url":"https:\/\/www.phorest.com\/de\/blog\/unsere-unterstutzung-wahrend-der-covid-19-krise\/","name":"Unsere Unterst\u00fctzung w\u00e4hrend der Covid-19 Krise | Phorest","isPartOf":{"@id":"https:\/\/www.phorest.com\/de\/#website"},"primaryImageOfPage":{"@id":"https:\/\/www.phorest.com\/de\/blog\/unsere-unterstutzung-wahrend-der-covid-19-krise\/#primaryimage"},"image":{"@id":"https:\/\/www.phorest.com\/de\/blog\/unsere-unterstutzung-wahrend-der-covid-19-krise\/#primaryimage"},"thumbnailUrl":"https:\/\/d2dfxqxblmblx4.cloudfront.net\/wp-content\/uploads\/2020\/03\/24172436\/GettyImages-1159040738.jpg","datePublished":"2020-03-25T18:44:50+00:00","dateModified":"2020-03-25T18:44:52+00:00","description":"Mitteilung an unsere Kunden: wir bei Phorest haben sofort \u00fcberlegt, was wir tun k\u00f6nnen, um unsere Kunden und damit auch die ganze Branche zu unterst\u00fctzen.","breadcrumb":{"@id":"https:\/\/www.phorest.com\/de\/blog\/unsere-unterstutzung-wahrend-der-covid-19-krise\/#breadcrumb"},"inLanguage":"de","potentialAction":[{"@type":"ReadAction","target":["https:\/\/www.phorest.com\/de\/blog\/unsere-unterstutzung-wahrend-der-covid-19-krise\/"]}]},{"@type":"ImageObject","inLanguage":"de","@id":"https:\/\/www.phorest.com\/de\/blog\/unsere-unterstutzung-wahrend-der-covid-19-krise\/#primaryimage","url":"https:\/\/d2dfxqxblmblx4.cloudfront.net\/wp-content\/uploads\/2020\/03\/24172436\/GettyImages-1159040738.jpg","contentUrl":"https:\/\/d2dfxqxblmblx4.cloudfront.net\/wp-content\/uploads\/2020\/03\/24172436\/GettyImages-1159040738.jpg","width":1500,"height":591,"caption":"solidarity"},{"@type":"BreadcrumbList","@id":"https:\/\/www.phorest.com\/de\/blog\/unsere-unterstutzung-wahrend-der-covid-19-krise\/#breadcrumb","itemListElement":[{"@type":"ListItem","position":1,"name":"Home","item":"https:\/\/www.phorest.com\/de\/"},{"@type":"ListItem","position":2,"name":"Unsere Unterst\u00fctzung w\u00e4hrend der Covid-19 Krise"}]},{"@type":"WebSite","@id":"https:\/\/www.phorest.com\/de\/#website","url":"https:\/\/www.phorest.com\/de\/","name":"Phorest","description":"Salon Software - Hair &amp; Beauty - UK for Spa Management &amp; Appointments","publisher":{"@id":"https:\/\/www.phorest.com\/de\/#organization"},"potentialAction":[{"@type":"SearchAction","target":{"@type":"EntryPoint","urlTemplate":"https:\/\/www.phorest.com\/de\/?s={search_term_string}"},"query-input":{"@type":"PropertyValueSpecification","valueRequired":true,"valueName":"search_term_string"}}],"inLanguage":"de"},{"@type":"Organization","@id":"https:\/\/www.phorest.com\/de\/#organization","name":"Phorest Salon Software","url":"https:\/\/www.phorest.com\/de\/","logo":{"@type":"ImageObject","inLanguage":"de","@id":"https:\/\/www.phorest.com\/de\/#\/schema\/logo\/image\/","url":"https:\/\/d2dfxqxblmblx4.cloudfront.net\/wp-content\/uploads\/2019\/10\/24141402\/phorest-acorn-logo1.png","contentUrl":"https:\/\/d2dfxqxblmblx4.cloudfront.net\/wp-content\/uploads\/2019\/10\/24141402\/phorest-acorn-logo1.png","width":201,"height":202,"caption":"Phorest Salon Software"},"image":{"@id":"https:\/\/www.phorest.com\/de\/#\/schema\/logo\/image\/"},"sameAs":["https:\/\/www.facebook.com\/phorestsalonsoftware","https:\/\/x.com\/thephorestword","https:\/\/instagram.com\/phorest_salon_software","https:\/\/www.linkedin.com\/company\/phorest?trk=company_name","https:\/\/www.pinterest.com\/phorestss\/","https:\/\/plus.google.com\/u\/0\/b\/101418954139594616916\/101418954139594616916\/posts\/p\/pub"]},{"@type":"Person","@id":"https:\/\/www.phorest.com\/de\/#\/schema\/person\/515219242d32ba18f75663bb363f1c10","name":"Sarada Li Loock","image":{"@type":"ImageObject","inLanguage":"de","@id":"https:\/\/www.phorest.com\/de\/#\/schema\/person\/image\/","url":"https:\/\/secure.gravatar.com\/avatar\/53bd352988f1fe080fe99b28d2b26032?s=96&d=mm&r=g","contentUrl":"https:\/\/secure.gravatar.com\/avatar\/53bd352988f1fe080fe99b28d2b26032?s=96&d=mm&r=g","caption":"Sarada Li Loock"},"description":"Sarada Loock war bis 2021 Teil unseres deutschsprachigen Marketingteams. Als geb\u00fcrtige Rheinl\u00e4nderin, hat sie sich ihren Master in Kommunikationswissenschaften und Marketing in Frankreich erarbeitet und lebt jetzt in Irland. Sie hat ihr Branchenwissen hier in den Phorest Ressourcen, wie auch in diversen Fachzeitschriften und Blogs wie\u00a0Friseur News,\u00a0Menschen im Salon\u00a0oder auch in einem Beitrag in\u00a0Estetica\u00a0geteilt.","url":"https:\/\/www.phorest.com\/de\/blog\/author\/sarada-li-loock\/"}]}},"_links":{"self":[{"href":"https:\/\/www.phorest.com\/de\/wp-json\/wp\/v2\/posts\/70808","targetHints":{"allow":["GET"]}}],"collection":[{"href":"https:\/\/www.phorest.com\/de\/wp-json\/wp\/v2\/posts"}],"about":[{"href":"https:\/\/www.phorest.com\/de\/wp-json\/wp\/v2\/types\/post"}],"author":[{"embeddable":true,"href":"https:\/\/www.phorest.com\/de\/wp-json\/wp\/v2\/users\/40002"}],"replies":[{"embeddable":true,"href":"https:\/\/www.phorest.com\/de\/wp-json\/wp\/v2\/comments?post=70808"}],"version-history":[{"count":5,"href":"https:\/\/www.phorest.com\/de\/wp-json\/wp\/v2\/posts\/70808\/revisions"}],"predecessor-version":[{"id":71010,"href":"https:\/\/www.phorest.com\/de\/wp-json\/wp\/v2\/posts\/70808\/revisions\/71010"}],"wp:featuredmedia":[{"embeddable":true,"href":"https:\/\/www.phorest.com\/de\/wp-json\/wp\/v2\/media\/70812"}],"wp:attachment":[{"href":"https:\/\/www.phorest.com\/de\/wp-json\/wp\/v2\/media?parent=70808"}],"wp:term":[{"taxonomy":"category","embeddable":true,"href":"https:\/\/www.phorest.com\/de\/wp-json\/wp\/v2\/categories?post=70808"},{"taxonomy":"post_tag","embeddable":true,"href":"https:\/\/www.phorest.com\/de\/wp-json\/wp\/v2\/tags?post=70808"}],"curies":[{"name":"wp","href":"https:\/\/api.w.org\/{rel}","templated":true}]}}