{"id":75591,"date":"2020-06-19T12:57:46","date_gmt":"2020-06-19T12:57:46","guid":{"rendered":"https:\/\/www.phorest.com\/?p=75591"},"modified":"2020-06-19T16:17:01","modified_gmt":"2020-06-19T16:17:01","slug":"mehrwertsteuersenkung-im-salon","status":"publish","type":"post","link":"https:\/\/www.phorest.com\/de\/blog\/mehrwertsteuersenkung-im-salon\/","title":{"rendered":"Mehrwertsteuersenkung im Salon &#8211; Preise senken oder Umsatzverlust aufholen?"},"content":{"rendered":"\n<p>Das Konjunkturpaket der Bundesrepublik Deutschland sieht eine tempor\u00e4re Senkung des Mehrwertsteuersatzes vor, um die Wirtschaft zu st\u00e4rken und Unternehmen eine Chance zu geben sich von den Folgen des Covid-19-Lockdowns zu erholen. Der Mehrwertsteuersatz von 19 % wird vom 1. Juli 2020 bis zum 31.12.2020 auf 16 % gesenkt (oder von 7 % auf 5 % beim erm\u00e4\u00dfigten MwSt.-Satz). Jetzt stellt sich f\u00fcr viele Friseurunternehmer die Frage, wie sie mit dieser neuen Situation umgehen. Sollen sie diese Unterst\u00fctzung des Staates an ihre Kunden weitergeben, das bedeutet die Preise zu senken, oder sollen sie die Chance ergreifen die Verluste der letzten Monate wettzumachen und ihre Mitarbeiter zu unterst\u00fctzen?<\/p>\n\n\n\n<p><\/p>\n\n\n\n<h2 class=\"wp-block-heading\">Welche Gelegenheiten bieten sich dir als Saloninhaber jetzt?&nbsp;<\/h2>\n\n\n\n<p>Die tempor\u00e4re Senkung der Mehrwertsteuer \u00f6ffnet dir jetzt einige M\u00f6glichkeiten und bietet einen gewissen Spielraum.\u00a0Wer h\u00e4tte noch im April gedacht, dass du dich als Saloninhaber\/in im Juli schon entscheiden  musst, ob du Rabatte geben sollst oder mehr Usatz machst?<br>Um dir die Entscheidung leichter zu machen haben wir alle M\u00f6glichkeiten aufgelistet, die sich dir jetzt bieten &#8211; zumindest alle, die uns eingefallen sind. Hast du mehr Ideen kannst du dich gerne bei uns melden!<\/p>\n\n\n\n<h3 class=\"wp-block-heading\">Wie gro\u00df ist eigentlich der Unterschied? Das Missverst\u00e4ndnis der 3 % Reduktion.<\/h3>\n\n\n\n<p>Kleinvieh macht auch Mist und auch 3 % Steuersenkung werden sich merklich aufs Portemonnaie auswirken, richtig? Richtig. Aber wessen Portemonnaie wird es tats\u00e4chlich sp\u00fcren, wenn dein Salon die Preise senkt? <\/p>\n\n\n\n<p>3 % Reduktion der Mehrwertsteuer sind nicht gleich um 3 % niedrigere Preise. Eine verbreitete Ansicht ist es, zu glauben, dass jetzt alles Preise um 3 % sinken werden. Als Unternehmer wisst ihr aber, dass der Preis, den Kunden sehen, der Bruttopreis ist und dass der MwSt.-Satz sich auf den Einkaufspreis bezieht, also den Netto-Preis. Gesch\u00e4fte, die versprechen ihren Kunden diese Mehrwertsteuersenkung &#8216;zu schenken&#8217; m\u00fcssen also ihre Bruttopreise anpassen von Einkaufspreis + 19 % auf Einfkaufspreis +16 %. Im Umkehrschluss bedeutet das eine Preisminderung von 2,52 % f\u00fcr den Kunden.<\/p>\n\n\n\n<p>Das ist euch zu kompliziert? Uns auch &#8211; deshalb haben wir euch einen Rechner gebasteltet, mit dem ihr schnell visualisieren k\u00f6nnt, wie sich eine Preissenkung auf euer oder auf das Portemonnaie eurer Kunden auswirken w\u00fcrde. Klickt auf das Banner und probiert ihn aus!<\/p>\n\n\n\n<figure class=\"wp-block-image size-large\"><a href=\"https:\/\/www.phorest.com\/de\/mehrwertsteuer-rechnen\/\"><img loading=\"lazy\" decoding=\"async\" width=\"1024\" height=\"427\" src=\"https:\/\/d2dfxqxblmblx4.cloudfront.net\/wp-content\/uploads\/2020\/06\/19151644\/Copy-of-Copy-of-DACH-Banner-Salonware-PR-2-1024x427.png\" alt=\"\" class=\"wp-image-75658\" srcset=\"https:\/\/d2dfxqxblmblx4.cloudfront.net\/wp-content\/uploads\/2020\/06\/19151644\/Copy-of-Copy-of-DACH-Banner-Salonware-PR-2-1024x427.png 1024w, https:\/\/d2dfxqxblmblx4.cloudfront.net\/wp-content\/uploads\/2020\/06\/19151644\/Copy-of-Copy-of-DACH-Banner-Salonware-PR-2-300x125.png 300w, https:\/\/d2dfxqxblmblx4.cloudfront.net\/wp-content\/uploads\/2020\/06\/19151644\/Copy-of-Copy-of-DACH-Banner-Salonware-PR-2-768x320.png 768w, https:\/\/d2dfxqxblmblx4.cloudfront.net\/wp-content\/uploads\/2020\/06\/19151644\/Copy-of-Copy-of-DACH-Banner-Salonware-PR-2-1536x640.png 1536w, https:\/\/d2dfxqxblmblx4.cloudfront.net\/wp-content\/uploads\/2020\/06\/19151644\/Copy-of-Copy-of-DACH-Banner-Salonware-PR-2.png 1920w\" sizes=\"auto, (max-width: 1024px) 100vw, 1024px\" \/><\/a><\/figure>\n\n\n\n<h2 class=\"wp-block-heading\">Szenario 1: Nicht Preise senken, sondern Umsatz aufholen<\/h2>\n\n\n\n<p>Zur\u00fcck zu unserem Kleinvieh und dem Mist &#8211; was meinst du? Wie viel w\u00fcrden deine Kunden im Durchschnitt wirklich bei dir sparen? <\/p>\n\n\n\n<p>Glaubst du, dass diese Reduktion neue Kundschaft in deinen Salon treibt, wie es sich manche Experten erhoffen? Ob im Schnitt jeder Kunde in deinem Salon 1 \u20ac mehr im Portemonnaie hat oder ob du am Ende des Monats etwas mehr in der Kasse hast um deine Kredite zur\u00fcckzuzahlen oder deine Mitarbeiter zu unterst\u00fctzen&#8230; was hat die gr\u00f6\u00dfere Auswirkung?<\/p>\n\n\n\n<h3 class=\"wp-block-heading\">Kannst du es dir leisten, auf diese Unterst\u00fctzung zu verzichten?<\/h3>\n\n\n\n<p>Noch vor wenigen Wochen drehte sich die Diskussion um Preiserh\u00f6hungen und Hygienepauschalen. Was hat sich seitdem ge\u00e4ndert? Unseren Daten zufolge war der Mai f\u00fcr einige von euch der beste Mai seit Beginn der Zeiten. Andere wurden von den Beschr\u00e4nkungen st\u00e4rker getroffen und mussten trotz Wiederer\u00f6ffnung starke Verluste hinnehmen im Vergleich zum Vorjahr. Aber auch bei denen, wo es gut lief, habt ihr wirklich so viel mehr verdient, dass es die Verluste von M\u00e4rz und besonders von Mai wieder wettgemacht hat? Habt ihr wenigstens eure Mehrkosten wieder eingeholt? Viele sp\u00fcren auch langsam, dass der Andrang wieder etwas nachl\u00e4sst. Konnte ich mir als Kunde w\u00e4hrend des Lockdowns keinen Restaurantbesuch g\u00f6nnen oder keine Schuhe kaufen, kann ich das jetzt nach Herzenslust nachholen und von Sonderangeboten profitieren. Meine verpasste Balayage brauche ich aber nur einmal aufzufrischen und auch meine \u00fcbliche Behandlung beim Kosmetiker braucht eben eine gewisse Zeit, bis sie wieder f\u00e4llig ist. Dabei spielt es keine Rolle, ob der Haarschnitt jetzt 2 Euro g\u00fcnstiger ist oder nicht.<\/p>\n\n\n\n<p><\/p>\n\n\n\n<p><strong>Hier sind ein paar Ideen, wie du, als Inhaber des Salons, diesen Extra-Umsatz stattdessen aber gut gebrauchen und einsetzen kannst:<\/strong><\/p>\n\n\n\n<p><\/p>\n\n\n\n<h3 class=\"wp-block-heading\">Mitarbeiter finanziell unterst\u00fctzen<\/h3>\n\n\n\n<p>Zumindest w\u00e4hrend der Schlie\u00dfung musstest du deine Mitarbeiter auf Kurzarbeit setzen. Manche k\u00f6nnen auch heute nicht wieder Vollzeit arbeiten, weil es im Salon nicht genug Platz gibt. Wer wei\u00df, wie lange diese Beschr\u00e4nkungen noch anhalten. Deine Mitarbeiter sind genau die Gruppe Menschen, die die Bundesregierung mit dieser Ma\u00dfnahme unterst\u00fctzen m\u00f6chte. Besprich doch mit deinem Steuerberater welche M\u00f6glichkeiten es gibt, deinen Mitarbeitern diesen Mehrverdienst zukommen zu lassen. <\/p>\n\n\n\n<p>Au\u00dferdem, vergiss&#8217; nicht auch an die Stimmung deiner Mitarbeiter zu denken. Sie bekommen deine Sorgen ja h\u00e4ufig mit. Besonders, wenn sie beispielsweise noch auf Kurzarbeit sind oder auf Teilzeit gesetzt werden mussten, weil du dir einfach nicht mehr leisten kannst. Wie werden sie sich jetzt f\u00fchlen, wenn du es dir pl\u00f6tzlich erlauben kannst deine Preise zu senken? Ob du deine Preise nun senkst oder nicht, denke daran, dass du auch Chef eines Teams bist, dass w\u00e4hrend der Krise zu dir gehalten hat. Beziehe sie in Gespr\u00e4che mit ein und sei transparent in deiner Kommunikation mit ihnen. Du kannst es dir jetzt nicht erlauben gute Mitarbeiter zu verlieren.<\/p>\n\n\n\n<h3 class=\"wp-block-heading\">R\u00fccklagen aufbauen<\/h3>\n\n\n\n<p>R\u00fccklagen und Ersparnisse aufzubauen in einer Industrie wie der euren ist keine einfache Angelegenheit. Ersparnisse, die ihr \u00fcber Jahre angelegt habt, sind jetzt weg. Es ist an der Zeit wieder vorzusorgen. Niemand hatte mit einer Krise, wie der aktuellen wirklich gerechnet, aber ihr hattet diese R\u00fccklagen ja mit Grund aufgebaut. Und es gibt immer unvorhergesehen Krisen und Katastrophen, in denen ihr wieder R\u00fccklagen brauchen werdet. Besonders, wenn es wieder die &#8216;normalen&#8217; Katastrophen sind, bei denen es keine Rettungspakete vom Staat gibt. R\u00fccklagen haben ihren Sinn und es ist an der Zeit auch wieder daran zu denken. <\/p>\n\n\n\n<h3 class=\"wp-block-heading\">Kredite zur\u00fcckzahlen<\/h3>\n\n\n\n<p>Ihr hattet R\u00fccklagen, Hilfen vom Staat und habt es durch den ersten Teil der Krise geschafft. Damit ist die erste gro\u00dfe H\u00fcrde \u00fcberwunden. Liquidit\u00e4t zu wahren und im Business zu bleiben war der erste gro\u00dfe Schritt und wir gratulieren euch dazu, dass ihr ihn so gut gemeistert habt. <\/p>\n\n\n\n<p>Aber jetzt geht es daran die Finanzen durchzusehen und eure Mehrkosten aufzurechnen. Kredite m\u00fcssen zur\u00fcckbezahlt werden. Diese Steuersenkung k\u00f6nnte euch genau dabei helfen. Rechnet aus, ob ihr mit dem aktuellen Umsatz (nicht nur den Andrang im Mai) wirklich f\u00fcr die bestehenden Kosten und die R\u00fcckzahlungen aufkommen k\u00f6nnt. <\/p>\n\n\n\n<h3 class=\"wp-block-heading\">Botschaft an Verbraucher<\/h3>\n\n\n\n<p>Wenn jetzt alle Salons ihre Preise senken, welches Signal sendet das an Kunden? Dass die Krise euch vielleicht doch nicht so hart getroffen hat? Dass eure Preise eigentlich zu hoch sind? Gerade Friseure und auch manche Kosmetiker verkaufen sich gerne unter Wert. W\u00e4hrend der Krise haben viele \u00fcber Friseure gesprochen und dar\u00fcber wie wichtig ihre Rolle in der Gesellschaft und Gemeinschaft ist. Kunden haben derzeit ein besseres Verst\u00e4ndnis auch von eurer gesch\u00e4ftlichen Situation als je zuvor. Gebt ihnen jetzt kein falsches Bild von eurer Realit\u00e4t, denn das wird sie f\u00fcr sp\u00e4ter pr\u00e4gen. <\/p>\n\n\n\n<h3 class=\"wp-block-heading\">Preise senken k\u00f6nnt ihr auch sp\u00e4ter noch<\/h3>\n\n\n\n<p>Ihr wollt die Preissenkung als Sonderangebot oder Marketingkampagne nutzen? \u00dcberlegt euch gut, ob ihr euch diese Marketingkampagne \u00fcber ganze 6 Monate leisten k\u00f6nnt. Jetzt gerade sprechen alle dar\u00fcber und es k\u00f6nnte als Kampagne funktionieren. In 1 bis 2 Monaten werden neue Themen kommen und es wird niemand mehr dar\u00fcber sprechen. In diesen 2 Monaten werden eure Kunden nicht dreimal h\u00e4ufiger zu euch kommen. In ein paar Wochen werden sie diese Kampagne vergessen haben, bzw. einfach nicht mehr wahrnehmen. Wenn die Preissenkung also keine Kunden mehr anlockt, ist es wirklich nur eine verpasste Chance. <\/p>\n\n\n\n<p>Wie w\u00e4re es stattdessen, wenn ihr jetzt alles beibehaltet und wenn ihr z.B. im September merkt, dass ihr den Sommer gut \u00fcberstanden habt, macht ihr eine Kampagne? &#8220;Danke f\u00fcr eure Unterst\u00fctzung w\u00e4hrend der Krise! Jetzt k\u00f6nnen auch wir euch etwas zur\u00fcck geben&#8221;? Ihr werdet damit sehr viel mehr Aufmerksamkeit bekommen als jetzt, wenn wirklich alle dar\u00fcber sprechen.<\/p>\n\n\n\n<h3 class=\"wp-block-heading\">Kollektive Preiserh\u00f6hung im Januar 2021<\/h3>\n\n\n\n<p>Im Januar wird es den Schock geben, dass alle Gesch\u00e4ft, die ihre Preise gesenkt haben, sie pl\u00f6tzlich wieder erh\u00f6hen m\u00fcssen. Alle gleichzeitig. Was f\u00fcr ein Luxus w\u00e4re es da, wenn eure Preise sich nicht \u00e4ndern?<\/p>\n\n\n\n<h2 class=\"wp-block-heading\">Szenario 2: Preise senken, um Kunden anzulocken &#8211; funktioniert das?<\/h2>\n\n\n\n<p>Die meisten Kunden, die jetzt nicht in den Salon kommen, werden sich auch nicht von 0.71 \u20ac Preisunterschied pro normalem Haarschnitt \u00fcberzeugen lassen. Wenn Stammkunden jetzt ausbleiben, gibt es verschiedene Gr\u00fcnde, die h\u00e4ufig nichts mit den Preisen zu tun haben.<\/p>\n\n\n\n<h3 class=\"wp-block-heading\">Sorge wegen Ansteckungsgefahr<\/h3>\n\n\n\n<p>Viele Leute haben auch jetzt noch Sorge, dass es doch wieder losgehen k\u00f6nnte. Sie gehen weniger aus dem Haus als sonst und auch dann nur, wenn es notwendig ist. Sie geh\u00f6ren vielleicht einer Risikogruppe an. In diesem Fall wird eine Preissenkung sie bestimmt nicht \u00fcberzeugen, besonders nicht in dieser Gr\u00f6\u00dfenordnung. Wenn \u00fcberhaupt k\u00f6nnten sie auf die Idee kommen, dass ihr weniger f\u00fcr die Hygiene ausgebt, als im Vorhinein angenommen, wenn ihr es euch leisten k\u00f6nnt die Preise zu senken.<\/p>\n\n\n\n<p>Was hier hilft, ist eine beruhigende Marketingkampagne, die eure Kunden versichert, dass ihr alles tut, um ihre Gesundheit zu sch\u00fctzen. Kannst du gezielt Kunden ansprechen, die lange nicht in den Salon gekommen sind? Schicke ihnen eine gut gestaltete Kampagne, in der du ihnen versicherst, dass du ihre Sorgen verstehst und f\u00fcr sie da bist. Zeige ihnen die Ma\u00dfnahmen, die du vorgenommen hast und versichere, dass es keine Zwischenf\u00e4lle gegeben hat. Mit Vertrauen und Kommunikation bekommst du sie sehr viel eher zur\u00fcck als mit einer Preissenkung.<\/p>\n\n\n\n<p>Wir w\u00e4re es mit besonderen \u00d6ffnungszeiten f\u00fcr Risikogruppen? Auch wenn das im Endeffekt nicht wirklich eine niedrigere Ansteckungsgefahr bedeutet, da die Hygienema\u00dfnahmen ja wirklich umfassend sind. Aber das Gef\u00fchl ist ein anderes. Und bei dieser Kundengruppe geht es um das Gef\u00fchl der Unsicherheit, nicht um den Preis. <\/p>\n\n\n\n<h3 class=\"wp-block-heading\">Ver\u00e4ndertes Konsumverhalten<\/h3>\n\n\n\n<p>Der Lockdown hat bei vielen Menschen das Konsumverhalten ver\u00e4ndert. Vieles hat sich ins Internet verlagert und Produkte werden vermehrt Online gekauft. Viele haben auch w\u00e4hrend des Lockdowns mit Do-It-Yourself-Projekten die Zeit vertrieben, mit Brot backen, M\u00f6bel neu beziehen oder dem Lebensgef\u00e4hrten (oder sich selbst) die Haare zu schneiden oder zu f\u00e4rben. Die meisten werden es genie\u00dfen sich endlich wieder vom Profi verw\u00f6hnen zu lassen, aber manche haben sich daran gew\u00f6hnt und sind stolz darauf sich selbst zu versorgen. Das wird wahrscheinlich mit der Zeit nachlassen, aber auch da k\u00f6nnt ihr mit geschickten Marketingkampagnen nachhelfen. Was aber h\u00f6chstwahrscheinlich nicht hilft, ist ein effektiver Rabatt von 2,52 %. <\/p>\n\n\n\n<h3 class=\"wp-block-heading\">Sparf\u00fcchse bleiben vorsichtig<\/h3>\n\n\n\n<p>W\u00e4hrend f\u00fcr viele der Friseurbesuch notwendig ist, ist er f\u00fcr manche doch ein Luxus, wenn sie gerade auf das Geld achten m\u00fcssen. Kunden, die tats\u00e4chlich besonders gelitten haben und jetzt kein Geld f\u00fcr den Friseurbesuch ausgeben k\u00f6nnen oder wollen, werden sich auch hier nicht von einem so geringen Rabatt \u00fcberzeugen lassen. 71 Cent sparen beim durchschnittlichen Preis f\u00fcr einen Haarschnitt \u00fcberzeugt gewiefte Sparf\u00fcchse nicht. <\/p>\n\n\n\n<h3 class=\"wp-block-heading\">Terminzeiten passen nicht in das neue Leben<\/h3>\n\n\n\n<p>Ihr kennt das Problem sicherlich von euch selbst oder euren Mitarbeitern. Auch wenn vieles wieder in Richtung Normalit\u00e4t geht, hat sich doch der Tagesrhythmus vieler Menschen ver\u00e4ndert. Gerade Eltern mit Kindern im Kindergarten- oder Schulalter sind einfach nicht mehr zu den gleichen Uhrzeiten verf\u00fcgbar. Auch hier ist euch eine Preisminderung keine gro\u00dfe Hilfe. Flexibilit\u00e4t in den \u00d6ffnungszeiten und eine gute Kommunikation dazu sind sehr viel effizienter.<\/p>\n\n\n\n<h2 class=\"wp-block-heading\">Szenario 3: Treuepunkte statt niedrige Preise<\/h2>\n\n\n\n<p>Manche Salons entschlie\u00dfen sich jetzt dazu Treuepunkte oder Bonuspunkte zu verteilen, statt die Steuersenkung finanziell auszugleichen. <\/p>\n\n\n\n<p><strong>Die Idee dahinter ist aus zwei Gr\u00fcnden clever<\/strong>. Erstens gibt es den Kunden, die auf einen finanziellen Anreiz reagieren ihre Belohnung. Au\u00dferdem ist das Ziel eines guten Treueprogramms ja, dass der Kunde wieder in den Salon kommt, um die Belohnung einzul\u00f6sen. <\/p>\n\n\n\n<p>Ein smartes Treueprogramm gibt \u00fcbrigens keine kostenlose Dienstleistung, sondern bietet dem Kunden eine Zusatzleistung oder ein Produkt, was er dann beim n\u00e4chsten Besuch bekommt. <\/p>\n\n\n\n<p>Weiterer Bonus f\u00fcr euren Salon? Treueprogramme st\u00e4rken die Kundenbindung! Und zu Zeiten, in denen m\u00f6glicherweise nicht immer der Wunschtermin verf\u00fcgbar ist, ist das besonders wichtig. <\/p>\n\n\n\n<p>Phorest-Kunden k\u00f6nnen sich von ihrem Business Berater dazu beraten lassen, wie sie unser <a href=\"https:\/\/www.phorest.com\/de\/funktionen\/treatcard-treueprogramm\/\">TreatCard-Programm<\/a> am besten nutzen und die Einstellungen anpassen.<\/p>\n\n\n\n<h2 class=\"wp-block-heading\">Szenario 4: besonderen Kunden einen Rabatt anbieten<\/h2>\n\n\n\n<p>Ihr kennt eure Kunden am besten und ihr wisst auch, ob eure Kunden von der Corona-Krise besonders oder weniger betroffen waren. Die Idee warum die Regierung Gesch\u00e4fte auffordert die Steuersenkung in ihren Preisen widerzuspiegeln liegt darin, dass sie den Teil der Bev\u00f6lkerung unterst\u00fctzen wollen, der von Arbeitslosigkeit oder Kurzarbeit betroffen war und jetzt eine Unterst\u00fctzung bei der Kaufkraft braucht. Ob der vorgesehene Rabatt bei euch im Salon nun beim Kunden einen wirklichen Effekt hat, sei einmal dahingestellt. Solltest du oder deine Mitarbeiter aber z.B. von einem Kunden erfahren, dass sie direkt betroffen sind und ihr m\u00f6chtet den Kunden gerne eure Solidarit\u00e4t aussprechen, so k\u00f6nnt ihr im Vorhinein einen Rabatt anlegen und dem Kunden anbieten, ihm diesen MwSt.-Anteil zu schenken. <\/p>\n\n\n\n<p>Nat\u00fcrlich k\u00f6nnt ihr diesen spontanen Rabatt dann auch anbieten, wenn ein Kunde sich dar\u00fcber beschweren sollte, dass ihr die Mehrwertsteuersenkung f\u00fcr euch behandelt. <\/p>\n\n\n\n<h2 class=\"wp-block-heading\">Preise beibehalten aber Hygienepauschale absetzen? <\/h2>\n\n\n\n<p><strong>Vorsicht hier! <\/strong>Auch wenn die L\u00f6sung simpel erscheint, ist die Hygienepauschale doch sehr viel h\u00f6her als es der Preisunterschied w\u00e4re!<br>Nutzt den Rechner und probiert es aus. Lasst euch von euren Kunden nicht unter Druck setzen, sondern schaut in eure Finanzen und \u00fcberlegt, was f\u00fcr euer Gesch\u00e4ft sinnvoll und nachhaltig ist. <\/p>\n\n\n\n<h2 class=\"wp-block-heading\">Unterst\u00fctzung bei der Kundenkommunikation<\/h2>\n\n\n\n<p>Solltet ihr euch entschlie\u00dfen die Preise nicht zu senken, sind wir selbstverst\u00e4ndlich f\u00fcr euch da, um euch dabei zu helfen mit euren Kunden zu kommunizieren. Vorlagen im E-Mail Editor und f\u00fcr Social Media-Beitr\u00e4ge sind in Bearbeitung und wir werden sie bald mit euch teilen. <\/p>\n\n\n\n<h3 class=\"wp-block-heading\">Alle Einstellungen in Phorest findet ihr im neuen Bereich zur Mehwertsteuer\u00e4nderung im Hilfebreich eures Phorest Systems. <\/h3>\n\n\n\n<p>Vielen Dank f\u00fcr&#8217;s Lesen,<\/p>\n\n\n\n<p><strong>Let&#8217;s Grow!<\/strong><\/p>\n\n\n\n<p>PS: Folgt uns auf <a href=\"https:\/\/www.facebook.com\/phorestsalonsoftwareDE\">Facebook <\/a>und <a href=\"https:\/\/www.instagram.com\/phorestgermany\/\">Instagram <\/a>f\u00fcr mehr Tipps &amp; Infos.<\/p>\n","protected":false},"excerpt":{"rendered":"<p>Das Konjunkturpaket der Bundesrepublik Deutschland sieht eine tempor\u00e4re Senkung des Mehrwertsteuersatzes vor, um die Wirtschaft zu st\u00e4rken und Unternehmen eine Chance zu geben sich von den Folgen des Covid-19-Lockdowns zu erholen. Der Mehrwertsteuersatz von 19 % wird vom 1. Juli 2020 bis zum 31.12.2020 auf 16 % gesenkt (oder von 7 % auf 5 % &hellip; <a href=\"https:\/\/www.phorest.com\/de\/blog\/mehrwertsteuersenkung-im-salon\/\">Continued<\/a><\/p>\n","protected":false},"author":40002,"featured_media":74938,"comment_status":"open","ping_status":"open","sticky":false,"template":"","format":"standard","meta":{"_acf_changed":false,"footnotes":""},"categories":[3748,3750],"tags":[],"class_list":["post-75591","post","type-post","status-publish","format-standard","has-post-thumbnail","hentry","category-news-events","category-phorest"],"acf":[],"yoast_head":"<!-- This site is optimized with the Yoast SEO plugin v25.1 - https:\/\/yoast.com\/wordpress\/plugins\/seo\/ -->\n<title>Mehrwertsteuersenkung im Salon - Preise senken oder Umsatzverlust aufholen? | Phorest<\/title>\n<meta name=\"description\" content=\"In Deutschland wird die Mehrwertsteuer gesenkt und Salons m\u00fcssen sich entscheiden, ob sie das nutzen um ihre Preise zu senken oder um Verluste aufzuholen.\" \/>\n<meta name=\"robots\" content=\"index, follow, max-snippet:-1, max-image-preview:large, max-video-preview:-1\" \/>\n<link rel=\"canonical\" href=\"https:\/\/www.phorest.com\/de\/blog\/mehrwertsteuersenkung-im-salon\/\" \/>\n<meta property=\"og:locale\" content=\"de_DE\" \/>\n<meta property=\"og:type\" content=\"article\" \/>\n<meta property=\"og:title\" content=\"Mehrwertsteuersenkung im Salon - Preise senken oder Umsatzverlust aufholen? | Phorest\" \/>\n<meta property=\"og:description\" content=\"In Deutschland wird die Mehrwertsteuer gesenkt und Salons m\u00fcssen sich entscheiden, ob sie das nutzen um ihre Preise zu senken oder um Verluste aufzuholen.\" \/>\n<meta property=\"og:url\" content=\"https:\/\/www.phorest.com\/de\/blog\/mehrwertsteuersenkung-im-salon\/\" \/>\n<meta property=\"og:site_name\" content=\"Phorest\" \/>\n<meta property=\"article:publisher\" content=\"https:\/\/www.facebook.com\/phorestsalonsoftware\" \/>\n<meta property=\"article:published_time\" content=\"2020-06-19T12:57:46+00:00\" \/>\n<meta property=\"article:modified_time\" content=\"2020-06-19T16:17:01+00:00\" \/>\n<meta property=\"og:image\" content=\"https:\/\/d2dfxqxblmblx4.cloudfront.net\/wp-content\/uploads\/2020\/06\/09082322\/Screenshot-2020-06-09-at-10.23.06-150x150.png\" \/>\n\t<meta property=\"og:image:width\" content=\"1410\" \/>\n\t<meta property=\"og:image:height\" content=\"942\" \/>\n\t<meta property=\"og:image:type\" content=\"image\/png\" \/>\n<meta name=\"author\" content=\"Sarada Li Loock\" \/>\n<meta name=\"twitter:card\" content=\"summary_large_image\" \/>\n<meta name=\"twitter:image\" content=\"https:\/\/d2dfxqxblmblx4.cloudfront.net\/wp-content\/uploads\/2020\/06\/09082322\/Screenshot-2020-06-09-at-10.23.06-150x150.png\" \/>\n<meta name=\"twitter:creator\" content=\"@thephorestword\" \/>\n<meta name=\"twitter:site\" content=\"@thephorestword\" \/>\n<meta name=\"twitter:label1\" content=\"Written by\" \/>\n\t<meta name=\"twitter:data1\" content=\"Sarada Li Loock\" \/>\n\t<meta name=\"twitter:label2\" content=\"Est. reading time\" \/>\n\t<meta name=\"twitter:data2\" content=\"12 minutes\" \/>\n<script type=\"application\/ld+json\" class=\"yoast-schema-graph\">{\"@context\":\"https:\/\/schema.org\",\"@graph\":[{\"@type\":\"Article\",\"@id\":\"https:\/\/www.phorest.com\/de\/blog\/mehrwertsteuersenkung-im-salon\/#article\",\"isPartOf\":{\"@id\":\"https:\/\/www.phorest.com\/de\/blog\/mehrwertsteuersenkung-im-salon\/\"},\"author\":{\"name\":\"Sarada Li Loock\",\"@id\":\"https:\/\/www.phorest.com\/de\/#\/schema\/person\/515219242d32ba18f75663bb363f1c10\"},\"headline\":\"Mehrwertsteuersenkung im Salon &#8211; Preise senken oder Umsatzverlust aufholen?\",\"datePublished\":\"2020-06-19T12:57:46+00:00\",\"dateModified\":\"2020-06-19T16:17:01+00:00\",\"mainEntityOfPage\":{\"@id\":\"https:\/\/www.phorest.com\/de\/blog\/mehrwertsteuersenkung-im-salon\/\"},\"wordCount\":2392,\"commentCount\":1,\"publisher\":{\"@id\":\"https:\/\/www.phorest.com\/de\/#organization\"},\"image\":{\"@id\":\"https:\/\/www.phorest.com\/de\/blog\/mehrwertsteuersenkung-im-salon\/#primaryimage\"},\"thumbnailUrl\":\"https:\/\/d2dfxqxblmblx4.cloudfront.net\/wp-content\/uploads\/2020\/06\/09082322\/Screenshot-2020-06-09-at-10.23.06.png\",\"articleSection\":[\"News &amp; Events\",\"Phorest\"],\"inLanguage\":\"de\",\"potentialAction\":[{\"@type\":\"CommentAction\",\"name\":\"Comment\",\"target\":[\"https:\/\/www.phorest.com\/de\/blog\/mehrwertsteuersenkung-im-salon\/#respond\"]}]},{\"@type\":\"WebPage\",\"@id\":\"https:\/\/www.phorest.com\/de\/blog\/mehrwertsteuersenkung-im-salon\/\",\"url\":\"https:\/\/www.phorest.com\/de\/blog\/mehrwertsteuersenkung-im-salon\/\",\"name\":\"Mehrwertsteuersenkung im Salon - Preise senken oder Umsatzverlust aufholen? | Phorest\",\"isPartOf\":{\"@id\":\"https:\/\/www.phorest.com\/de\/#website\"},\"primaryImageOfPage\":{\"@id\":\"https:\/\/www.phorest.com\/de\/blog\/mehrwertsteuersenkung-im-salon\/#primaryimage\"},\"image\":{\"@id\":\"https:\/\/www.phorest.com\/de\/blog\/mehrwertsteuersenkung-im-salon\/#primaryimage\"},\"thumbnailUrl\":\"https:\/\/d2dfxqxblmblx4.cloudfront.net\/wp-content\/uploads\/2020\/06\/09082322\/Screenshot-2020-06-09-at-10.23.06.png\",\"datePublished\":\"2020-06-19T12:57:46+00:00\",\"dateModified\":\"2020-06-19T16:17:01+00:00\",\"description\":\"In Deutschland wird die Mehrwertsteuer gesenkt und Salons m\u00fcssen sich entscheiden, ob sie das nutzen um ihre Preise zu senken oder um Verluste aufzuholen.\",\"breadcrumb\":{\"@id\":\"https:\/\/www.phorest.com\/de\/blog\/mehrwertsteuersenkung-im-salon\/#breadcrumb\"},\"inLanguage\":\"de\",\"potentialAction\":[{\"@type\":\"ReadAction\",\"target\":[\"https:\/\/www.phorest.com\/de\/blog\/mehrwertsteuersenkung-im-salon\/\"]}]},{\"@type\":\"ImageObject\",\"inLanguage\":\"de\",\"@id\":\"https:\/\/www.phorest.com\/de\/blog\/mehrwertsteuersenkung-im-salon\/#primaryimage\",\"url\":\"https:\/\/d2dfxqxblmblx4.cloudfront.net\/wp-content\/uploads\/2020\/06\/09082322\/Screenshot-2020-06-09-at-10.23.06.png\",\"contentUrl\":\"https:\/\/d2dfxqxblmblx4.cloudfront.net\/wp-content\/uploads\/2020\/06\/09082322\/Screenshot-2020-06-09-at-10.23.06.png\",\"width\":1410,\"height\":942,\"caption\":\"salon-finance-webinar\"},{\"@type\":\"BreadcrumbList\",\"@id\":\"https:\/\/www.phorest.com\/de\/blog\/mehrwertsteuersenkung-im-salon\/#breadcrumb\",\"itemListElement\":[{\"@type\":\"ListItem\",\"position\":1,\"name\":\"Home\",\"item\":\"https:\/\/www.phorest.com\/de\/\"},{\"@type\":\"ListItem\",\"position\":2,\"name\":\"Mehrwertsteuersenkung im Salon &#8211; Preise senken oder Umsatzverlust aufholen?\"}]},{\"@type\":\"WebSite\",\"@id\":\"https:\/\/www.phorest.com\/de\/#website\",\"url\":\"https:\/\/www.phorest.com\/de\/\",\"name\":\"Phorest\",\"description\":\"Salon Software - Hair &amp; Beauty - UK for Spa Management &amp; Appointments\",\"publisher\":{\"@id\":\"https:\/\/www.phorest.com\/de\/#organization\"},\"potentialAction\":[{\"@type\":\"SearchAction\",\"target\":{\"@type\":\"EntryPoint\",\"urlTemplate\":\"https:\/\/www.phorest.com\/de\/?s={search_term_string}\"},\"query-input\":{\"@type\":\"PropertyValueSpecification\",\"valueRequired\":true,\"valueName\":\"search_term_string\"}}],\"inLanguage\":\"de\"},{\"@type\":\"Organization\",\"@id\":\"https:\/\/www.phorest.com\/de\/#organization\",\"name\":\"Phorest Salon Software\",\"url\":\"https:\/\/www.phorest.com\/de\/\",\"logo\":{\"@type\":\"ImageObject\",\"inLanguage\":\"de\",\"@id\":\"https:\/\/www.phorest.com\/de\/#\/schema\/logo\/image\/\",\"url\":\"https:\/\/d2dfxqxblmblx4.cloudfront.net\/wp-content\/uploads\/2019\/10\/24141402\/phorest-acorn-logo1.png\",\"contentUrl\":\"https:\/\/d2dfxqxblmblx4.cloudfront.net\/wp-content\/uploads\/2019\/10\/24141402\/phorest-acorn-logo1.png\",\"width\":201,\"height\":202,\"caption\":\"Phorest Salon Software\"},\"image\":{\"@id\":\"https:\/\/www.phorest.com\/de\/#\/schema\/logo\/image\/\"},\"sameAs\":[\"https:\/\/www.facebook.com\/phorestsalonsoftware\",\"https:\/\/x.com\/thephorestword\",\"https:\/\/instagram.com\/phorest_salon_software\",\"https:\/\/www.linkedin.com\/company\/phorest?trk=company_name\",\"https:\/\/www.pinterest.com\/phorestss\/\",\"https:\/\/plus.google.com\/u\/0\/b\/101418954139594616916\/101418954139594616916\/posts\/p\/pub\"]},{\"@type\":\"Person\",\"@id\":\"https:\/\/www.phorest.com\/de\/#\/schema\/person\/515219242d32ba18f75663bb363f1c10\",\"name\":\"Sarada Li Loock\",\"image\":{\"@type\":\"ImageObject\",\"inLanguage\":\"de\",\"@id\":\"https:\/\/www.phorest.com\/de\/#\/schema\/person\/image\/\",\"url\":\"https:\/\/secure.gravatar.com\/avatar\/53bd352988f1fe080fe99b28d2b26032?s=96&d=mm&r=g\",\"contentUrl\":\"https:\/\/secure.gravatar.com\/avatar\/53bd352988f1fe080fe99b28d2b26032?s=96&d=mm&r=g\",\"caption\":\"Sarada Li Loock\"},\"description\":\"Sarada Loock war bis 2021 Teil unseres deutschsprachigen Marketingteams. Als geb\u00fcrtige Rheinl\u00e4nderin, hat sie sich ihren Master in Kommunikationswissenschaften und Marketing in Frankreich erarbeitet und lebt jetzt in Irland. Sie hat ihr Branchenwissen hier in den Phorest Ressourcen, wie auch in diversen Fachzeitschriften und Blogs wie\u00a0Friseur News,\u00a0Menschen im Salon\u00a0oder auch in einem Beitrag in\u00a0Estetica\u00a0geteilt.\",\"url\":\"https:\/\/www.phorest.com\/de\/blog\/author\/sarada-li-loock\/\"}]}<\/script>\n<!-- \/ Yoast SEO plugin. -->","yoast_head_json":{"title":"Mehrwertsteuersenkung im Salon - Preise senken oder Umsatzverlust aufholen? | Phorest","description":"In Deutschland wird die Mehrwertsteuer gesenkt und Salons m\u00fcssen sich entscheiden, ob sie das nutzen um ihre Preise zu senken oder um Verluste aufzuholen.","robots":{"index":"index","follow":"follow","max-snippet":"max-snippet:-1","max-image-preview":"max-image-preview:large","max-video-preview":"max-video-preview:-1"},"canonical":"https:\/\/www.phorest.com\/de\/blog\/mehrwertsteuersenkung-im-salon\/","og_locale":"de_DE","og_type":"article","og_title":"Mehrwertsteuersenkung im Salon - Preise senken oder Umsatzverlust aufholen? | Phorest","og_description":"In Deutschland wird die Mehrwertsteuer gesenkt und Salons m\u00fcssen sich entscheiden, ob sie das nutzen um ihre Preise zu senken oder um Verluste aufzuholen.","og_url":"https:\/\/www.phorest.com\/de\/blog\/mehrwertsteuersenkung-im-salon\/","og_site_name":"Phorest","article_publisher":"https:\/\/www.facebook.com\/phorestsalonsoftware","article_published_time":"2020-06-19T12:57:46+00:00","article_modified_time":"2020-06-19T16:17:01+00:00","og_image":[{"width":1410,"height":942,"url":"https:\/\/d2dfxqxblmblx4.cloudfront.net\/wp-content\/uploads\/2020\/06\/09082322\/Screenshot-2020-06-09-at-10.23.06-150x150.png","type":"image\/png"}],"author":"Sarada Li Loock","twitter_card":"summary_large_image","twitter_image":"https:\/\/d2dfxqxblmblx4.cloudfront.net\/wp-content\/uploads\/2020\/06\/09082322\/Screenshot-2020-06-09-at-10.23.06-150x150.png","twitter_creator":"@thephorestword","twitter_site":"@thephorestword","twitter_misc":{"Written by":"Sarada Li Loock","Est. reading time":"12 minutes"},"schema":{"@context":"https:\/\/schema.org","@graph":[{"@type":"Article","@id":"https:\/\/www.phorest.com\/de\/blog\/mehrwertsteuersenkung-im-salon\/#article","isPartOf":{"@id":"https:\/\/www.phorest.com\/de\/blog\/mehrwertsteuersenkung-im-salon\/"},"author":{"name":"Sarada Li Loock","@id":"https:\/\/www.phorest.com\/de\/#\/schema\/person\/515219242d32ba18f75663bb363f1c10"},"headline":"Mehrwertsteuersenkung im Salon &#8211; Preise senken oder Umsatzverlust aufholen?","datePublished":"2020-06-19T12:57:46+00:00","dateModified":"2020-06-19T16:17:01+00:00","mainEntityOfPage":{"@id":"https:\/\/www.phorest.com\/de\/blog\/mehrwertsteuersenkung-im-salon\/"},"wordCount":2392,"commentCount":1,"publisher":{"@id":"https:\/\/www.phorest.com\/de\/#organization"},"image":{"@id":"https:\/\/www.phorest.com\/de\/blog\/mehrwertsteuersenkung-im-salon\/#primaryimage"},"thumbnailUrl":"https:\/\/d2dfxqxblmblx4.cloudfront.net\/wp-content\/uploads\/2020\/06\/09082322\/Screenshot-2020-06-09-at-10.23.06.png","articleSection":["News &amp; Events","Phorest"],"inLanguage":"de","potentialAction":[{"@type":"CommentAction","name":"Comment","target":["https:\/\/www.phorest.com\/de\/blog\/mehrwertsteuersenkung-im-salon\/#respond"]}]},{"@type":"WebPage","@id":"https:\/\/www.phorest.com\/de\/blog\/mehrwertsteuersenkung-im-salon\/","url":"https:\/\/www.phorest.com\/de\/blog\/mehrwertsteuersenkung-im-salon\/","name":"Mehrwertsteuersenkung im Salon - Preise senken oder Umsatzverlust aufholen? | Phorest","isPartOf":{"@id":"https:\/\/www.phorest.com\/de\/#website"},"primaryImageOfPage":{"@id":"https:\/\/www.phorest.com\/de\/blog\/mehrwertsteuersenkung-im-salon\/#primaryimage"},"image":{"@id":"https:\/\/www.phorest.com\/de\/blog\/mehrwertsteuersenkung-im-salon\/#primaryimage"},"thumbnailUrl":"https:\/\/d2dfxqxblmblx4.cloudfront.net\/wp-content\/uploads\/2020\/06\/09082322\/Screenshot-2020-06-09-at-10.23.06.png","datePublished":"2020-06-19T12:57:46+00:00","dateModified":"2020-06-19T16:17:01+00:00","description":"In Deutschland wird die Mehrwertsteuer gesenkt und Salons m\u00fcssen sich entscheiden, ob sie das nutzen um ihre Preise zu senken oder um Verluste aufzuholen.","breadcrumb":{"@id":"https:\/\/www.phorest.com\/de\/blog\/mehrwertsteuersenkung-im-salon\/#breadcrumb"},"inLanguage":"de","potentialAction":[{"@type":"ReadAction","target":["https:\/\/www.phorest.com\/de\/blog\/mehrwertsteuersenkung-im-salon\/"]}]},{"@type":"ImageObject","inLanguage":"de","@id":"https:\/\/www.phorest.com\/de\/blog\/mehrwertsteuersenkung-im-salon\/#primaryimage","url":"https:\/\/d2dfxqxblmblx4.cloudfront.net\/wp-content\/uploads\/2020\/06\/09082322\/Screenshot-2020-06-09-at-10.23.06.png","contentUrl":"https:\/\/d2dfxqxblmblx4.cloudfront.net\/wp-content\/uploads\/2020\/06\/09082322\/Screenshot-2020-06-09-at-10.23.06.png","width":1410,"height":942,"caption":"salon-finance-webinar"},{"@type":"BreadcrumbList","@id":"https:\/\/www.phorest.com\/de\/blog\/mehrwertsteuersenkung-im-salon\/#breadcrumb","itemListElement":[{"@type":"ListItem","position":1,"name":"Home","item":"https:\/\/www.phorest.com\/de\/"},{"@type":"ListItem","position":2,"name":"Mehrwertsteuersenkung im Salon &#8211; Preise senken oder Umsatzverlust aufholen?"}]},{"@type":"WebSite","@id":"https:\/\/www.phorest.com\/de\/#website","url":"https:\/\/www.phorest.com\/de\/","name":"Phorest","description":"Salon Software - Hair &amp; Beauty - UK for Spa Management &amp; Appointments","publisher":{"@id":"https:\/\/www.phorest.com\/de\/#organization"},"potentialAction":[{"@type":"SearchAction","target":{"@type":"EntryPoint","urlTemplate":"https:\/\/www.phorest.com\/de\/?s={search_term_string}"},"query-input":{"@type":"PropertyValueSpecification","valueRequired":true,"valueName":"search_term_string"}}],"inLanguage":"de"},{"@type":"Organization","@id":"https:\/\/www.phorest.com\/de\/#organization","name":"Phorest Salon Software","url":"https:\/\/www.phorest.com\/de\/","logo":{"@type":"ImageObject","inLanguage":"de","@id":"https:\/\/www.phorest.com\/de\/#\/schema\/logo\/image\/","url":"https:\/\/d2dfxqxblmblx4.cloudfront.net\/wp-content\/uploads\/2019\/10\/24141402\/phorest-acorn-logo1.png","contentUrl":"https:\/\/d2dfxqxblmblx4.cloudfront.net\/wp-content\/uploads\/2019\/10\/24141402\/phorest-acorn-logo1.png","width":201,"height":202,"caption":"Phorest Salon Software"},"image":{"@id":"https:\/\/www.phorest.com\/de\/#\/schema\/logo\/image\/"},"sameAs":["https:\/\/www.facebook.com\/phorestsalonsoftware","https:\/\/x.com\/thephorestword","https:\/\/instagram.com\/phorest_salon_software","https:\/\/www.linkedin.com\/company\/phorest?trk=company_name","https:\/\/www.pinterest.com\/phorestss\/","https:\/\/plus.google.com\/u\/0\/b\/101418954139594616916\/101418954139594616916\/posts\/p\/pub"]},{"@type":"Person","@id":"https:\/\/www.phorest.com\/de\/#\/schema\/person\/515219242d32ba18f75663bb363f1c10","name":"Sarada Li Loock","image":{"@type":"ImageObject","inLanguage":"de","@id":"https:\/\/www.phorest.com\/de\/#\/schema\/person\/image\/","url":"https:\/\/secure.gravatar.com\/avatar\/53bd352988f1fe080fe99b28d2b26032?s=96&d=mm&r=g","contentUrl":"https:\/\/secure.gravatar.com\/avatar\/53bd352988f1fe080fe99b28d2b26032?s=96&d=mm&r=g","caption":"Sarada Li Loock"},"description":"Sarada Loock war bis 2021 Teil unseres deutschsprachigen Marketingteams. Als geb\u00fcrtige Rheinl\u00e4nderin, hat sie sich ihren Master in Kommunikationswissenschaften und Marketing in Frankreich erarbeitet und lebt jetzt in Irland. Sie hat ihr Branchenwissen hier in den Phorest Ressourcen, wie auch in diversen Fachzeitschriften und Blogs wie\u00a0Friseur News,\u00a0Menschen im Salon\u00a0oder auch in einem Beitrag in\u00a0Estetica\u00a0geteilt.","url":"https:\/\/www.phorest.com\/de\/blog\/author\/sarada-li-loock\/"}]}},"_links":{"self":[{"href":"https:\/\/www.phorest.com\/de\/wp-json\/wp\/v2\/posts\/75591","targetHints":{"allow":["GET"]}}],"collection":[{"href":"https:\/\/www.phorest.com\/de\/wp-json\/wp\/v2\/posts"}],"about":[{"href":"https:\/\/www.phorest.com\/de\/wp-json\/wp\/v2\/types\/post"}],"author":[{"embeddable":true,"href":"https:\/\/www.phorest.com\/de\/wp-json\/wp\/v2\/users\/40002"}],"replies":[{"embeddable":true,"href":"https:\/\/www.phorest.com\/de\/wp-json\/wp\/v2\/comments?post=75591"}],"version-history":[{"count":5,"href":"https:\/\/www.phorest.com\/de\/wp-json\/wp\/v2\/posts\/75591\/revisions"}],"predecessor-version":[{"id":75677,"href":"https:\/\/www.phorest.com\/de\/wp-json\/wp\/v2\/posts\/75591\/revisions\/75677"}],"wp:featuredmedia":[{"embeddable":true,"href":"https:\/\/www.phorest.com\/de\/wp-json\/wp\/v2\/media\/74938"}],"wp:attachment":[{"href":"https:\/\/www.phorest.com\/de\/wp-json\/wp\/v2\/media?parent=75591"}],"wp:term":[{"taxonomy":"category","embeddable":true,"href":"https:\/\/www.phorest.com\/de\/wp-json\/wp\/v2\/categories?post=75591"},{"taxonomy":"post_tag","embeddable":true,"href":"https:\/\/www.phorest.com\/de\/wp-json\/wp\/v2\/tags?post=75591"}],"curies":[{"name":"wp","href":"https:\/\/api.w.org\/{rel}","templated":true}]}}