{"id":78112,"date":"2020-08-14T09:36:38","date_gmt":"2020-08-14T09:36:38","guid":{"rendered":"https:\/\/www.phorest.com\/?p=78112"},"modified":"2021-01-27T09:06:26","modified_gmt":"2021-01-27T09:06:26","slug":"schon-gewusst-die-tse-bestellfrist-endet-am-31-august-2020","status":"publish","type":"post","link":"https:\/\/www.phorest.com\/de\/blog\/schon-gewusst-die-tse-bestellfrist-endet-am-31-august-2020\/","title":{"rendered":"Schon gewusst? Die TSE-Bestellfrist endet am 31. August 2020"},"content":{"rendered":"\n<p>Die Kassensicherungsgrundverordnung ist nicht nur ein erschreckend langes Wort sondern das letzte, worum sich Salons jetzt Gedanken machen wollen. Daher waren viele Saloninhaber in Deutschland so erleichtert als die Neuigkeit kam, dass die Nichtbeanstandungsfrist (<em>noch so ein Wort<\/em>), die am 30.9.2020 ablaufen sollte, verl\u00e4ngert wird.<\/p>\n\n\n\n<p>Als Partner von einer immer schneller wachsenden Community von Friseursalons, Kosmetikinstituten, Sch\u00f6nheitssalons, Barbern und Spas in Deutschland haben wir uns genauer mit diesen Fristen besch\u00e4ftigt und m\u00fcssen den Optimismus leider relativieren.<\/p>\n\n\n\n<p>In den meisten F\u00e4llen gilt diese Frist nicht und noch dazu kommt, dass es eine Bestellfrist gibt, die kaum je erw\u00e4hnt wird.<\/p>\n\n\n\n<hr class=\"wp-block-separator\"\/>\n\n\n\n<h2 class=\"wp-block-heading\"><strong>Wichtige Fristen zur TSE und KassenSichV<\/strong><\/h2>\n\n\n\n<h4 class=\"wp-block-heading\"><strong>31. August 2020<\/strong><\/h4>\n\n\n\n<p>Derzeit wird viel \u00fcber die Verl\u00e4ngerung der Nichtbeanstandungsfrist gesprochen, die bis zum 30.9.2020 gelten sollte. Viele Informationen dazu sind allerdings irref\u00fchrend. Den meisten Anbietern und Kunden scheint nicht bewusst zu sein, dass ganz unabh\u00e4ngig davon, ob die Frist verl\u00e4ngert wird oder nicht, jeder Friseursalon, jedes Kosmetikinstitut, jeder Barbershop und jedes Spa bis zum 31.8.2020 eine TSE bestellt haben muss. Dies muss durch einen best\u00e4tigten Bestellschein nachzuweisen sein.<\/p>\n\n\n\n<h4 class=\"wp-block-heading\"><strong>30. September 2020<\/strong><\/h4>\n\n\n\n<p>Zu diesem Datum muss jeder Kassenhersteller, der eine zertifizierte L\u00f6sung bereit hat, diese auch eingerichtet und freigeschaltet haben. M\u00f6gliche Verz\u00f6gerungen gelten hier nicht. Wer also die M\u00f6glichkeit hat, ab dem 30.9.2020 KassenSichV-konform zu sein, muss diese auch wahrnehmen.<\/p>\n\n\n\n<h4 class=\"wp-block-heading\"><strong>M\u00e4rz 2021<\/strong><\/h4>\n\n\n\n<p>Die Verl\u00e4ngerung der Nichtbeanstandungsfrist von der derzeit viel gesprochen wird, ist in allen Bundesl\u00e4ndern unterschiedlich und an verschiedene Bedingungen gekn\u00fcpft. Grunds\u00e4tzlich gilt, jeder seri\u00f6se Kassenanbieter der Haar- und Beauty-Branche sollte seinen Kunden Konformit\u00e4t zum 30. September garantieren k\u00f6nnen, um seine Kunden nicht unn\u00f6tigen Risiken auszusetzen. Je nach Bundesland seid ihr eventuell erst sp\u00e4ter verpflichtet sie zu nutzen. Das sollte mit dem Kassenanbieter abgesprochen werden.<\/p>\n\n\n\n<figure class=\"wp-block-image\"><img decoding=\"async\" src=\"https:\/\/lh3.googleusercontent.com\/Gn7_X5FgfXcy5kEVZ2weqdmtF20YWCGZtaatFXvAa57AO_eSlDu8csJS06ITmV-PHHHd0oxmtj9rIUCb_Vtb2kpKBHtN13gbNeeE_WwmuD0healtoSsENzscIB6ZIwOhXWKIZeen\" alt=\"\"\/><\/figure>\n\n\n\n<hr class=\"wp-block-separator\"\/>\n\n\n\n<h2 class=\"wp-block-heading\"><strong>Die 3 Hauptvorteile einer Cloud-TSE<\/strong><\/h2>\n\n\n\n<p>Die meisten Kassenhersteller setzen auf eine Hardware-TSE, die ihr mittels eines USB-Sticks an eure Kasse oder euren Bon-Drucker anschlie\u00dfen k\u00f6nnt. Bis vor kurzem war der Stand, dass es keine zertifizierte, cloudbasierte Online-TSE-L\u00f6sung geben w\u00fcrde. Das macht nat\u00fcrlich f\u00fcr cloudbasierte Softwarehersteller \u2013 und auch Softwarenutzer! \u2013 wenig Sinn. Das hat sich zum Gl\u00fcck vor einigen Tagen ge\u00e4ndert und es gibt jetzt endlich auch offizielle Standardvorgaben vom Bundesamt f\u00fcr f\u00fcr Sicherheit und Informationstechnologie (BSI), das f\u00fcr die technische Umsetzung der Kassensicherungsverordnung verantwortlich ist.&nbsp;<\/p>\n\n\n\n<p>Der Hauptgrund sich f\u00fcr eine cloudbasierte Salonsoftware zu entscheiden liegt nat\u00fcrlich mit daran, dass ehrgeizige und moderne Salons sich nicht von Hardware einschr\u00e4nken lassen wollen, die erneuert und gewartet werden muss. Au\u00dferdem stipulieren die Vorgaben der KassensichV, dass TSE-L\u00f6sungen nah an der Kassen angebracht werden m\u00fcssen. Im Falle einer Hardware-TSE bedeutet das r\u00e4umliche N\u00e4he.<\/p>\n\n\n\n<p><strong>1. Mobilit\u00e4t und Flexibilit\u00e4t<\/strong><\/p>\n\n\n\n<p>Unserer Erfahrung nach sind Friseure, Kosmetiker, Barber und Spa-Inhaber, die sich f\u00fcr eine cloudbasierte Softwarel\u00f6sung entscheiden, daran interessiert mobil, flexibel und modern zu arbeiten. Ihr digitalisiert euren Salon mehr und mehr, Kunden buchen Termine Online, ihr macht eure Inventur mobil und kassiert mit eurer Mitarbeiter App oder einem iPad? Dieser moderne und smarte Kassiervorgang, der gerade in Corona-Zeiten Sinn macht, weil er Ber\u00fchrungspunkte verringert, ist mit einer Hardware TSE kaum m\u00f6glich.&nbsp;<\/p>\n\n\n\n<p>Jede Kasse muss im Zweifel ihre eigene TSE ansteuern. Habt ihr im Salon beispielsweise 2 Kassen, m\u00fcsst ihr auch zwei TSEs installieren &#8211; zumindest bei einer Hardware-TSE. <br><br>Du nutzt eine iPad-Kasse? Es gibt zum bisherigen Stand kein Hardware TSE, die sich mit einem iPad verbinden kann. Erkundigt euch lieber jetzt bei eurem Kassenanbieter, damit ihr nicht vor einer b\u00f6sen \u00dcberraschung steht!<\/p>\n\n\n\n<p><strong>2. Keine Investition in Hardware<\/strong><\/p>\n\n\n\n<p>Hardware-L\u00f6sungen kommen immer mit einer gewissen Investition. Selbstverst\u00e4ndlich ist auch eine Cloud-L\u00f6sung nicht umsonst und auch nicht unbedingt g\u00fcnstiger. Es sei denn euer Salon hat mehr als eine Kasse und ihr m\u00fcsst f\u00fcr jedes Ger\u00e4t eigene Hardware kaufen. Man sollte auch nicht vergessen, dass zertifiziert Hardware-TSEs ein Verfallsdatum haben. Je nach Modell muss eine Hardware-TSE alle 30 oder 60 Monate durch ein neues Modell ersetzt werden.. Eine Hardware upzudaten ist sehr viel aufwendiger als bei eine Software. Plant also jetzt schon das Budget daf\u00fcr ein, in einigen Jahren neue TSE-Hardware zu besorgen. Au\u00dferdem passt nicht jede Kassenhardware oder jeder Bondrucker zu jeder TSE. Informiert euch also ausf\u00fchrlich im Voraus bei eurem Anbieter.<\/p>\n\n\n\n<p>Hinweis: Es gibt bisher keine zertifizierte Hardware-TSE, die sich vern\u00fcnftig mit Mac-Ger\u00e4ten verbinden l\u00e4sst. Bei einem iPad ist die Anbindung v\u00f6llig unm\u00f6glich. Bevor ihr euch also entscheidet, informiert euch auch gezielt danach! Nicht, dass ihr im letzten Moment noch neue Computer kaufen m\u00fcsst<\/p>\n\n\n\n<p><strong>3. Sichere Speicherung und Verwahrung meiner Daten<\/strong><\/p>\n\n\n\n<p>Phorest wird eine cloudbasierte TSE L\u00f6sung auch in Kombination mit einem revisionssicheren Online Archiv anbieten. Was bedeutet das? Alle relevanten Kassendaten werden von der TSE mit einer Signature versehen und gespeichert. Diese Daten m\u00fcssen 10 Jahre lang aufbewahrt werden und abrufbar sein. Eine Hardware TSE speichert diese Daten zun\u00e4chst lokal. Auch das Basispaket eine Online-TSE speichert die Daten auf dem eigenen Rechner und \u00fcbergibt sie damit deiner Verantwortung. Jetzt wissen wir alle, aus schmerzhafter Erfahrung, dass Hardware nicht immer zuverl\u00e4ssig ist. Wir erinnern uns an den blauen Bildschirm des Todes bei Windows &#8211; was sich witzig anh\u00f6rt, ist aber schwarzer Humor und beruht auf schmerzhaften und kostspieligen Erinnerungen. Wie das eine mal, dass wir Kaffee \u00fcber unseren Laptop gesch\u00fcttet haben. Unf\u00e4lle passieren, Hardware gibt auf. Wie das Finanzamt solche F\u00e4lle bei einer Pr\u00fcfung behandeln wird, ist bisher nicht absehbar, aber wie auch schon bei der DSGVO oder GoBD wird empfohlen die Daten so sicher wie m\u00f6glich aufzubewahren. Bei einer Cloud-TSE ist das leicht anzubieten und wird vom gleichen Anbieter verwaltet. Alle Daten, die von der TSE erfasst werden, werden direkt in ein revisionssicheres Online-Archiv verwaltet und gespeichert. F\u00fcr diese Sicherheit der Daten ist von da ab der Anbieter verantwortlich. Sollte hier ein Fehler passieren oder ein Ungl\u00fcck geschehen, kann kein Finanzamt das als Manipulationsversuch werten. Hierbei entstehen zwar weitere Kosten, aber daf\u00fcr habt ihr Ruhe und die Gewissheit, dass eure Daten sicher sind.&nbsp;<br><\/p>\n\n\n\n<hr class=\"wp-block-separator\"\/>\n\n\n\n<h2 class=\"wp-block-heading\"><strong>So l\u00f6st Phorest die KassenSichV 2020<\/strong><\/h2>\n\n\n\n<p>Wie ihr es euch schon denken k\u00f6nnt, haben wir bei Phorest uns f\u00fcr eine cloudbasierte TSE-L\u00f6sung entschieden und einen erfahrenen Partner gefunden, der das geschickt umsetzt. Phorest wird ein kostenloses Update installieren, um eine zertifizierte, cloudbasierte TSE-L\u00f6sung anzusteuern \u2013 ganz ohne Hardware, teures Update oder zeitaufwendige Installation. Das Kassensystem der Phorest Salonsoftware sendet so s\u00e4mtliche relevanten Daten, wie Zahlungen, Stornierungen, Rechnungen, etc., direkt an diese Online-TSE. Dort werden sie mit Daten zu Zeit und Datum sowie einer Seriennummer erg\u00e4nzt und mit einem digitalen Schl\u00fcssel signiert.&nbsp;<\/p>\n\n\n\n<p><strong>Zu kompliziert? Kein Problem. Ruft uns einfach an oder schickt uns eine E-Mail. Wir beraten Euch gerne dazu.<br><\/strong><\/p>\n\n\n\n<figure class=\"wp-block-image size-large\"><img loading=\"lazy\" decoding=\"async\" width=\"1024\" height=\"348\" src=\"https:\/\/d2dfxqxblmblx4.cloudfront.net\/wp-content\/uploads\/2020\/08\/14092351\/TSE-banner-1024x348.jpg\" alt=\"\" class=\"wp-image-78158\" srcset=\"https:\/\/d2dfxqxblmblx4.cloudfront.net\/wp-content\/uploads\/2020\/08\/14092351\/TSE-banner-1024x348.jpg 1024w, https:\/\/d2dfxqxblmblx4.cloudfront.net\/wp-content\/uploads\/2020\/08\/14092351\/TSE-banner-300x102.jpg 300w, https:\/\/d2dfxqxblmblx4.cloudfront.net\/wp-content\/uploads\/2020\/08\/14092351\/TSE-banner-768x261.jpg 768w, https:\/\/d2dfxqxblmblx4.cloudfront.net\/wp-content\/uploads\/2020\/08\/14092351\/TSE-banner-1536x522.jpg 1536w, https:\/\/d2dfxqxblmblx4.cloudfront.net\/wp-content\/uploads\/2020\/08\/14092351\/TSE-banner.jpg 1960w\" sizes=\"auto, (max-width: 1024px) 100vw, 1024px\" \/><\/figure>\n\n\n\n<h2 class=\"wp-block-heading\">Du hast bereits in eine TSE investiert oder ein teures Update gekauft, aber bist trotzdem ungl\u00fccklich mit deinem Anbieter?&nbsp;<\/h2>\n\n\n\n<p>Lass dich davon nicht gegen deinen Willen festhalten \u2013 wir helfen dir da raus!<\/p>\n\n\n\n<p><strong>Entscheide dich jetzt f\u00fcr Phorest und profitiere von einem Preisvorteil in H\u00f6he von 498,-\u20ac!<br><\/strong><\/p>\n\n\n\n<p>Das funktioniert so. Wir erlassen dir unsere Einrichtungsgeb\u00fchr im Wert von 399,-\u20ac und packen dir 12 Monate TSE Nutzung im Wert von 198,-\u20ac kostenlos oben drauf!<\/p>\n\n\n\n<p>So bist du rechtlich 100% sicher und kannst entspannt die anderen innovativen und gro\u00dfartigen Funktionen unserer Software zu deinen Vorteil nutzen.***<\/p>\n\n\n\n<p><em>**Bei Vertragsabschluss bis 31.12.2020 <\/em><br><em>***Mindestlaufzeit 24 Monate<\/em><\/p>\n\n\n\n<hr class=\"wp-block-separator\"\/>\n\n\n\n<p>Vielen Dank f\u00fcr&#8217;s Lesen. <\/p>\n","protected":false},"excerpt":{"rendered":"<p>Die Kassensicherungsgrundverordnung ist nicht nur ein erschreckend langes Wort sondern das letzte, worum sich Salons jetzt Gedanken machen wollen. Daher waren viele Saloninhaber in Deutschland so erleichtert als die Neuigkeit kam, dass die Nichtbeanstandungsfrist (noch so ein Wort), die am 30.9.2020 ablaufen sollte, verl\u00e4ngert wird. Als Partner von einer immer schneller wachsenden Community von Friseursalons, &hellip; <a href=\"https:\/\/www.phorest.com\/de\/blog\/schon-gewusst-die-tse-bestellfrist-endet-am-31-august-2020\/\">Continued<\/a><\/p>\n","protected":false},"author":40002,"featured_media":73724,"comment_status":"open","ping_status":"open","sticky":false,"template":"","format":"standard","meta":{"_acf_changed":false,"footnotes":""},"categories":[3748,3752,1],"tags":[9377,9371,9813,9376,9812],"class_list":["post-78112","post","type-post","status-publish","format-standard","has-post-thumbnail","hentry","category-news-events","category-software-updates","category-uncategorized","tag-kassenmeldepflicht","tag-kassensicherungsverordnung","tag-kassensichv","tag-technische-sicherheitseinrichtung","tag-tse"],"acf":[],"yoast_head":"<!-- This site is optimized with the Yoast SEO plugin v25.1 - https:\/\/yoast.com\/wordpress\/plugins\/seo\/ -->\n<title>Schon gewusst? Die TSE-Bestellfrist endet am 31. August 2020 | Phorest<\/title>\n<meta name=\"robots\" content=\"index, follow, max-snippet:-1, max-image-preview:large, max-video-preview:-1\" \/>\n<link rel=\"canonical\" href=\"https:\/\/www.phorest.com\/de\/blog\/schon-gewusst-die-tse-bestellfrist-endet-am-31-august-2020\/\" \/>\n<meta property=\"og:locale\" content=\"de_DE\" \/>\n<meta property=\"og:type\" content=\"article\" \/>\n<meta property=\"og:title\" content=\"Schon gewusst? Die TSE-Bestellfrist endet am 31. August 2020 | Phorest\" \/>\n<meta property=\"og:description\" content=\"Die Kassensicherungsgrundverordnung ist nicht nur ein erschreckend langes Wort sondern das letzte, worum sich Salons jetzt Gedanken machen wollen. Daher waren viele Saloninhaber in Deutschland so erleichtert als die Neuigkeit kam, dass die Nichtbeanstandungsfrist (noch so ein Wort), die am 30.9.2020 ablaufen sollte, verl\u00e4ngert wird. Als Partner von einer immer schneller wachsenden Community von Friseursalons, &hellip; Continued\" \/>\n<meta property=\"og:url\" content=\"https:\/\/www.phorest.com\/de\/blog\/schon-gewusst-die-tse-bestellfrist-endet-am-31-august-2020\/\" \/>\n<meta property=\"og:site_name\" content=\"Phorest\" \/>\n<meta property=\"article:publisher\" content=\"https:\/\/www.facebook.com\/phorestsalonsoftware\" \/>\n<meta property=\"article:published_time\" content=\"2020-08-14T09:36:38+00:00\" \/>\n<meta property=\"article:modified_time\" content=\"2021-01-27T09:06:26+00:00\" \/>\n<meta property=\"og:image\" content=\"https:\/\/d2dfxqxblmblx4.cloudfront.net\/wp-content\/uploads\/2020\/03\/22155952\/GettyImages-1167579980-150x150.jpg\" \/>\n\t<meta property=\"og:image:width\" content=\"808\" \/>\n\t<meta property=\"og:image:height\" content=\"432\" \/>\n\t<meta property=\"og:image:type\" content=\"image\/jpeg\" \/>\n<meta name=\"author\" content=\"Sarada Li Loock\" \/>\n<meta name=\"twitter:card\" content=\"summary_large_image\" \/>\n<meta name=\"twitter:image\" content=\"https:\/\/d2dfxqxblmblx4.cloudfront.net\/wp-content\/uploads\/2020\/03\/22155952\/GettyImages-1167579980-150x150.jpg\" \/>\n<meta name=\"twitter:creator\" content=\"@thephorestword\" \/>\n<meta name=\"twitter:site\" content=\"@thephorestword\" \/>\n<meta name=\"twitter:label1\" content=\"Written by\" \/>\n\t<meta name=\"twitter:data1\" content=\"Sarada Li Loock\" \/>\n\t<meta name=\"twitter:label2\" content=\"Est. reading time\" \/>\n\t<meta name=\"twitter:data2\" content=\"6 minutes\" \/>\n<script type=\"application\/ld+json\" class=\"yoast-schema-graph\">{\"@context\":\"https:\/\/schema.org\",\"@graph\":[{\"@type\":\"Article\",\"@id\":\"https:\/\/www.phorest.com\/de\/blog\/schon-gewusst-die-tse-bestellfrist-endet-am-31-august-2020\/#article\",\"isPartOf\":{\"@id\":\"https:\/\/www.phorest.com\/de\/blog\/schon-gewusst-die-tse-bestellfrist-endet-am-31-august-2020\/\"},\"author\":{\"name\":\"Sarada Li Loock\",\"@id\":\"https:\/\/www.phorest.com\/de\/#\/schema\/person\/515219242d32ba18f75663bb363f1c10\"},\"headline\":\"Schon gewusst? Die TSE-Bestellfrist endet am 31. August 2020\",\"datePublished\":\"2020-08-14T09:36:38+00:00\",\"dateModified\":\"2021-01-27T09:06:26+00:00\",\"mainEntityOfPage\":{\"@id\":\"https:\/\/www.phorest.com\/de\/blog\/schon-gewusst-die-tse-bestellfrist-endet-am-31-august-2020\/\"},\"wordCount\":1252,\"commentCount\":0,\"publisher\":{\"@id\":\"https:\/\/www.phorest.com\/de\/#organization\"},\"image\":{\"@id\":\"https:\/\/www.phorest.com\/de\/blog\/schon-gewusst-die-tse-bestellfrist-endet-am-31-august-2020\/#primaryimage\"},\"thumbnailUrl\":\"https:\/\/d2dfxqxblmblx4.cloudfront.net\/wp-content\/uploads\/2020\/03\/22155952\/GettyImages-1167579980.jpg\",\"keywords\":[\"Kassenmeldepflicht\",\"Kassensicherungsverordnung\",\"KassenSichV\",\"Technische Sicherheitseinrichtung\",\"TSE\"],\"articleSection\":[\"News &amp; Events\",\"Software-Updates\"],\"inLanguage\":\"de\",\"potentialAction\":[{\"@type\":\"CommentAction\",\"name\":\"Comment\",\"target\":[\"https:\/\/www.phorest.com\/de\/blog\/schon-gewusst-die-tse-bestellfrist-endet-am-31-august-2020\/#respond\"]}]},{\"@type\":\"WebPage\",\"@id\":\"https:\/\/www.phorest.com\/de\/blog\/schon-gewusst-die-tse-bestellfrist-endet-am-31-august-2020\/\",\"url\":\"https:\/\/www.phorest.com\/de\/blog\/schon-gewusst-die-tse-bestellfrist-endet-am-31-august-2020\/\",\"name\":\"Schon gewusst? Die TSE-Bestellfrist endet am 31. August 2020 | Phorest\",\"isPartOf\":{\"@id\":\"https:\/\/www.phorest.com\/de\/#website\"},\"primaryImageOfPage\":{\"@id\":\"https:\/\/www.phorest.com\/de\/blog\/schon-gewusst-die-tse-bestellfrist-endet-am-31-august-2020\/#primaryimage\"},\"image\":{\"@id\":\"https:\/\/www.phorest.com\/de\/blog\/schon-gewusst-die-tse-bestellfrist-endet-am-31-august-2020\/#primaryimage\"},\"thumbnailUrl\":\"https:\/\/d2dfxqxblmblx4.cloudfront.net\/wp-content\/uploads\/2020\/03\/22155952\/GettyImages-1167579980.jpg\",\"datePublished\":\"2020-08-14T09:36:38+00:00\",\"dateModified\":\"2021-01-27T09:06:26+00:00\",\"breadcrumb\":{\"@id\":\"https:\/\/www.phorest.com\/de\/blog\/schon-gewusst-die-tse-bestellfrist-endet-am-31-august-2020\/#breadcrumb\"},\"inLanguage\":\"de\",\"potentialAction\":[{\"@type\":\"ReadAction\",\"target\":[\"https:\/\/www.phorest.com\/de\/blog\/schon-gewusst-die-tse-bestellfrist-endet-am-31-august-2020\/\"]}]},{\"@type\":\"ImageObject\",\"inLanguage\":\"de\",\"@id\":\"https:\/\/www.phorest.com\/de\/blog\/schon-gewusst-die-tse-bestellfrist-endet-am-31-august-2020\/#primaryimage\",\"url\":\"https:\/\/d2dfxqxblmblx4.cloudfront.net\/wp-content\/uploads\/2020\/03\/22155952\/GettyImages-1167579980.jpg\",\"contentUrl\":\"https:\/\/d2dfxqxblmblx4.cloudfront.net\/wp-content\/uploads\/2020\/03\/22155952\/GettyImages-1167579980.jpg\",\"width\":808,\"height\":432,\"caption\":\"Woman signing document and hand holding pen putting signature at paper, order to authorize their rights.\"},{\"@type\":\"BreadcrumbList\",\"@id\":\"https:\/\/www.phorest.com\/de\/blog\/schon-gewusst-die-tse-bestellfrist-endet-am-31-august-2020\/#breadcrumb\",\"itemListElement\":[{\"@type\":\"ListItem\",\"position\":1,\"name\":\"Home\",\"item\":\"https:\/\/www.phorest.com\/de\/\"},{\"@type\":\"ListItem\",\"position\":2,\"name\":\"Schon gewusst? Die TSE-Bestellfrist endet am 31. August 2020\"}]},{\"@type\":\"WebSite\",\"@id\":\"https:\/\/www.phorest.com\/de\/#website\",\"url\":\"https:\/\/www.phorest.com\/de\/\",\"name\":\"Phorest\",\"description\":\"Salon Software - Hair &amp; Beauty - UK for Spa Management &amp; Appointments\",\"publisher\":{\"@id\":\"https:\/\/www.phorest.com\/de\/#organization\"},\"potentialAction\":[{\"@type\":\"SearchAction\",\"target\":{\"@type\":\"EntryPoint\",\"urlTemplate\":\"https:\/\/www.phorest.com\/de\/?s={search_term_string}\"},\"query-input\":{\"@type\":\"PropertyValueSpecification\",\"valueRequired\":true,\"valueName\":\"search_term_string\"}}],\"inLanguage\":\"de\"},{\"@type\":\"Organization\",\"@id\":\"https:\/\/www.phorest.com\/de\/#organization\",\"name\":\"Phorest Salon Software\",\"url\":\"https:\/\/www.phorest.com\/de\/\",\"logo\":{\"@type\":\"ImageObject\",\"inLanguage\":\"de\",\"@id\":\"https:\/\/www.phorest.com\/de\/#\/schema\/logo\/image\/\",\"url\":\"https:\/\/d2dfxqxblmblx4.cloudfront.net\/wp-content\/uploads\/2019\/10\/24141402\/phorest-acorn-logo1.png\",\"contentUrl\":\"https:\/\/d2dfxqxblmblx4.cloudfront.net\/wp-content\/uploads\/2019\/10\/24141402\/phorest-acorn-logo1.png\",\"width\":201,\"height\":202,\"caption\":\"Phorest Salon Software\"},\"image\":{\"@id\":\"https:\/\/www.phorest.com\/de\/#\/schema\/logo\/image\/\"},\"sameAs\":[\"https:\/\/www.facebook.com\/phorestsalonsoftware\",\"https:\/\/x.com\/thephorestword\",\"https:\/\/instagram.com\/phorest_salon_software\",\"https:\/\/www.linkedin.com\/company\/phorest?trk=company_name\",\"https:\/\/www.pinterest.com\/phorestss\/\",\"https:\/\/plus.google.com\/u\/0\/b\/101418954139594616916\/101418954139594616916\/posts\/p\/pub\"]},{\"@type\":\"Person\",\"@id\":\"https:\/\/www.phorest.com\/de\/#\/schema\/person\/515219242d32ba18f75663bb363f1c10\",\"name\":\"Sarada Li Loock\",\"image\":{\"@type\":\"ImageObject\",\"inLanguage\":\"de\",\"@id\":\"https:\/\/www.phorest.com\/de\/#\/schema\/person\/image\/\",\"url\":\"https:\/\/secure.gravatar.com\/avatar\/53bd352988f1fe080fe99b28d2b26032?s=96&d=mm&r=g\",\"contentUrl\":\"https:\/\/secure.gravatar.com\/avatar\/53bd352988f1fe080fe99b28d2b26032?s=96&d=mm&r=g\",\"caption\":\"Sarada Li Loock\"},\"description\":\"Sarada Loock war bis 2021 Teil unseres deutschsprachigen Marketingteams. Als geb\u00fcrtige Rheinl\u00e4nderin, hat sie sich ihren Master in Kommunikationswissenschaften und Marketing in Frankreich erarbeitet und lebt jetzt in Irland. Sie hat ihr Branchenwissen hier in den Phorest Ressourcen, wie auch in diversen Fachzeitschriften und Blogs wie\u00a0Friseur News,\u00a0Menschen im Salon\u00a0oder auch in einem Beitrag in\u00a0Estetica\u00a0geteilt.\",\"url\":\"https:\/\/www.phorest.com\/de\/blog\/author\/sarada-li-loock\/\"}]}<\/script>\n<!-- \/ Yoast SEO plugin. -->","yoast_head_json":{"title":"Schon gewusst? Die TSE-Bestellfrist endet am 31. August 2020 | Phorest","robots":{"index":"index","follow":"follow","max-snippet":"max-snippet:-1","max-image-preview":"max-image-preview:large","max-video-preview":"max-video-preview:-1"},"canonical":"https:\/\/www.phorest.com\/de\/blog\/schon-gewusst-die-tse-bestellfrist-endet-am-31-august-2020\/","og_locale":"de_DE","og_type":"article","og_title":"Schon gewusst? Die TSE-Bestellfrist endet am 31. August 2020 | Phorest","og_description":"Die Kassensicherungsgrundverordnung ist nicht nur ein erschreckend langes Wort sondern das letzte, worum sich Salons jetzt Gedanken machen wollen. Daher waren viele Saloninhaber in Deutschland so erleichtert als die Neuigkeit kam, dass die Nichtbeanstandungsfrist (noch so ein Wort), die am 30.9.2020 ablaufen sollte, verl\u00e4ngert wird. Als Partner von einer immer schneller wachsenden Community von Friseursalons, &hellip; Continued","og_url":"https:\/\/www.phorest.com\/de\/blog\/schon-gewusst-die-tse-bestellfrist-endet-am-31-august-2020\/","og_site_name":"Phorest","article_publisher":"https:\/\/www.facebook.com\/phorestsalonsoftware","article_published_time":"2020-08-14T09:36:38+00:00","article_modified_time":"2021-01-27T09:06:26+00:00","og_image":[{"width":808,"height":432,"url":"https:\/\/d2dfxqxblmblx4.cloudfront.net\/wp-content\/uploads\/2020\/03\/22155952\/GettyImages-1167579980-150x150.jpg","type":"image\/jpeg"}],"author":"Sarada Li Loock","twitter_card":"summary_large_image","twitter_image":"https:\/\/d2dfxqxblmblx4.cloudfront.net\/wp-content\/uploads\/2020\/03\/22155952\/GettyImages-1167579980-150x150.jpg","twitter_creator":"@thephorestword","twitter_site":"@thephorestword","twitter_misc":{"Written by":"Sarada Li Loock","Est. reading time":"6 minutes"},"schema":{"@context":"https:\/\/schema.org","@graph":[{"@type":"Article","@id":"https:\/\/www.phorest.com\/de\/blog\/schon-gewusst-die-tse-bestellfrist-endet-am-31-august-2020\/#article","isPartOf":{"@id":"https:\/\/www.phorest.com\/de\/blog\/schon-gewusst-die-tse-bestellfrist-endet-am-31-august-2020\/"},"author":{"name":"Sarada Li Loock","@id":"https:\/\/www.phorest.com\/de\/#\/schema\/person\/515219242d32ba18f75663bb363f1c10"},"headline":"Schon gewusst? Die TSE-Bestellfrist endet am 31. August 2020","datePublished":"2020-08-14T09:36:38+00:00","dateModified":"2021-01-27T09:06:26+00:00","mainEntityOfPage":{"@id":"https:\/\/www.phorest.com\/de\/blog\/schon-gewusst-die-tse-bestellfrist-endet-am-31-august-2020\/"},"wordCount":1252,"commentCount":0,"publisher":{"@id":"https:\/\/www.phorest.com\/de\/#organization"},"image":{"@id":"https:\/\/www.phorest.com\/de\/blog\/schon-gewusst-die-tse-bestellfrist-endet-am-31-august-2020\/#primaryimage"},"thumbnailUrl":"https:\/\/d2dfxqxblmblx4.cloudfront.net\/wp-content\/uploads\/2020\/03\/22155952\/GettyImages-1167579980.jpg","keywords":["Kassenmeldepflicht","Kassensicherungsverordnung","KassenSichV","Technische Sicherheitseinrichtung","TSE"],"articleSection":["News &amp; Events","Software-Updates"],"inLanguage":"de","potentialAction":[{"@type":"CommentAction","name":"Comment","target":["https:\/\/www.phorest.com\/de\/blog\/schon-gewusst-die-tse-bestellfrist-endet-am-31-august-2020\/#respond"]}]},{"@type":"WebPage","@id":"https:\/\/www.phorest.com\/de\/blog\/schon-gewusst-die-tse-bestellfrist-endet-am-31-august-2020\/","url":"https:\/\/www.phorest.com\/de\/blog\/schon-gewusst-die-tse-bestellfrist-endet-am-31-august-2020\/","name":"Schon gewusst? Die TSE-Bestellfrist endet am 31. August 2020 | Phorest","isPartOf":{"@id":"https:\/\/www.phorest.com\/de\/#website"},"primaryImageOfPage":{"@id":"https:\/\/www.phorest.com\/de\/blog\/schon-gewusst-die-tse-bestellfrist-endet-am-31-august-2020\/#primaryimage"},"image":{"@id":"https:\/\/www.phorest.com\/de\/blog\/schon-gewusst-die-tse-bestellfrist-endet-am-31-august-2020\/#primaryimage"},"thumbnailUrl":"https:\/\/d2dfxqxblmblx4.cloudfront.net\/wp-content\/uploads\/2020\/03\/22155952\/GettyImages-1167579980.jpg","datePublished":"2020-08-14T09:36:38+00:00","dateModified":"2021-01-27T09:06:26+00:00","breadcrumb":{"@id":"https:\/\/www.phorest.com\/de\/blog\/schon-gewusst-die-tse-bestellfrist-endet-am-31-august-2020\/#breadcrumb"},"inLanguage":"de","potentialAction":[{"@type":"ReadAction","target":["https:\/\/www.phorest.com\/de\/blog\/schon-gewusst-die-tse-bestellfrist-endet-am-31-august-2020\/"]}]},{"@type":"ImageObject","inLanguage":"de","@id":"https:\/\/www.phorest.com\/de\/blog\/schon-gewusst-die-tse-bestellfrist-endet-am-31-august-2020\/#primaryimage","url":"https:\/\/d2dfxqxblmblx4.cloudfront.net\/wp-content\/uploads\/2020\/03\/22155952\/GettyImages-1167579980.jpg","contentUrl":"https:\/\/d2dfxqxblmblx4.cloudfront.net\/wp-content\/uploads\/2020\/03\/22155952\/GettyImages-1167579980.jpg","width":808,"height":432,"caption":"Woman signing document and hand holding pen putting signature at paper, order to authorize their rights."},{"@type":"BreadcrumbList","@id":"https:\/\/www.phorest.com\/de\/blog\/schon-gewusst-die-tse-bestellfrist-endet-am-31-august-2020\/#breadcrumb","itemListElement":[{"@type":"ListItem","position":1,"name":"Home","item":"https:\/\/www.phorest.com\/de\/"},{"@type":"ListItem","position":2,"name":"Schon gewusst? Die TSE-Bestellfrist endet am 31. August 2020"}]},{"@type":"WebSite","@id":"https:\/\/www.phorest.com\/de\/#website","url":"https:\/\/www.phorest.com\/de\/","name":"Phorest","description":"Salon Software - Hair &amp; Beauty - UK for Spa Management &amp; Appointments","publisher":{"@id":"https:\/\/www.phorest.com\/de\/#organization"},"potentialAction":[{"@type":"SearchAction","target":{"@type":"EntryPoint","urlTemplate":"https:\/\/www.phorest.com\/de\/?s={search_term_string}"},"query-input":{"@type":"PropertyValueSpecification","valueRequired":true,"valueName":"search_term_string"}}],"inLanguage":"de"},{"@type":"Organization","@id":"https:\/\/www.phorest.com\/de\/#organization","name":"Phorest Salon Software","url":"https:\/\/www.phorest.com\/de\/","logo":{"@type":"ImageObject","inLanguage":"de","@id":"https:\/\/www.phorest.com\/de\/#\/schema\/logo\/image\/","url":"https:\/\/d2dfxqxblmblx4.cloudfront.net\/wp-content\/uploads\/2019\/10\/24141402\/phorest-acorn-logo1.png","contentUrl":"https:\/\/d2dfxqxblmblx4.cloudfront.net\/wp-content\/uploads\/2019\/10\/24141402\/phorest-acorn-logo1.png","width":201,"height":202,"caption":"Phorest Salon Software"},"image":{"@id":"https:\/\/www.phorest.com\/de\/#\/schema\/logo\/image\/"},"sameAs":["https:\/\/www.facebook.com\/phorestsalonsoftware","https:\/\/x.com\/thephorestword","https:\/\/instagram.com\/phorest_salon_software","https:\/\/www.linkedin.com\/company\/phorest?trk=company_name","https:\/\/www.pinterest.com\/phorestss\/","https:\/\/plus.google.com\/u\/0\/b\/101418954139594616916\/101418954139594616916\/posts\/p\/pub"]},{"@type":"Person","@id":"https:\/\/www.phorest.com\/de\/#\/schema\/person\/515219242d32ba18f75663bb363f1c10","name":"Sarada Li Loock","image":{"@type":"ImageObject","inLanguage":"de","@id":"https:\/\/www.phorest.com\/de\/#\/schema\/person\/image\/","url":"https:\/\/secure.gravatar.com\/avatar\/53bd352988f1fe080fe99b28d2b26032?s=96&d=mm&r=g","contentUrl":"https:\/\/secure.gravatar.com\/avatar\/53bd352988f1fe080fe99b28d2b26032?s=96&d=mm&r=g","caption":"Sarada Li Loock"},"description":"Sarada Loock war bis 2021 Teil unseres deutschsprachigen Marketingteams. Als geb\u00fcrtige Rheinl\u00e4nderin, hat sie sich ihren Master in Kommunikationswissenschaften und Marketing in Frankreich erarbeitet und lebt jetzt in Irland. Sie hat ihr Branchenwissen hier in den Phorest Ressourcen, wie auch in diversen Fachzeitschriften und Blogs wie\u00a0Friseur News,\u00a0Menschen im Salon\u00a0oder auch in einem Beitrag in\u00a0Estetica\u00a0geteilt.","url":"https:\/\/www.phorest.com\/de\/blog\/author\/sarada-li-loock\/"}]}},"_links":{"self":[{"href":"https:\/\/www.phorest.com\/de\/wp-json\/wp\/v2\/posts\/78112","targetHints":{"allow":["GET"]}}],"collection":[{"href":"https:\/\/www.phorest.com\/de\/wp-json\/wp\/v2\/posts"}],"about":[{"href":"https:\/\/www.phorest.com\/de\/wp-json\/wp\/v2\/types\/post"}],"author":[{"embeddable":true,"href":"https:\/\/www.phorest.com\/de\/wp-json\/wp\/v2\/users\/40002"}],"replies":[{"embeddable":true,"href":"https:\/\/www.phorest.com\/de\/wp-json\/wp\/v2\/comments?post=78112"}],"version-history":[{"count":5,"href":"https:\/\/www.phorest.com\/de\/wp-json\/wp\/v2\/posts\/78112\/revisions"}],"predecessor-version":[{"id":84193,"href":"https:\/\/www.phorest.com\/de\/wp-json\/wp\/v2\/posts\/78112\/revisions\/84193"}],"wp:featuredmedia":[{"embeddable":true,"href":"https:\/\/www.phorest.com\/de\/wp-json\/wp\/v2\/media\/73724"}],"wp:attachment":[{"href":"https:\/\/www.phorest.com\/de\/wp-json\/wp\/v2\/media?parent=78112"}],"wp:term":[{"taxonomy":"category","embeddable":true,"href":"https:\/\/www.phorest.com\/de\/wp-json\/wp\/v2\/categories?post=78112"},{"taxonomy":"post_tag","embeddable":true,"href":"https:\/\/www.phorest.com\/de\/wp-json\/wp\/v2\/tags?post=78112"}],"curies":[{"name":"wp","href":"https:\/\/api.w.org\/{rel}","templated":true}]}}