{"id":89270,"date":"2021-05-18T10:40:00","date_gmt":"2021-05-18T10:40:00","guid":{"rendered":"https:\/\/www.phorest.com\/?p=89270"},"modified":"2021-05-19T10:41:24","modified_gmt":"2021-05-19T10:41:24","slug":"the-new-normal-der-alltagswahnsinn-2-0-in-den-friseursalons","status":"publish","type":"post","link":"https:\/\/www.phorest.com\/de\/blog\/the-new-normal-der-alltagswahnsinn-2-0-in-den-friseursalons\/","title":{"rendered":"The New Normal &#8211; Der Alltagswahnsinn 2.0 in den Friseursalons"},"content":{"rendered":"\n<p>Was sich f\u00fcr Mitarbeitende im Friseursalon bei der Arbeit w\u00e4hrend der Covid-19-Pandemie ver\u00e4ndert hat.<\/p>\n\n\n\n<p>Seitdem die Covid-19-Pandemie im M\u00e4rz 2020 Deutschland getroffen hat, hat sich unser aller Alltag stark ver\u00e4ndert. Besonders den Mitarbeitenden der Friseursalons wurde und wird noch immer viel Flexibilit\u00e4t bei der Umsetzung der sich ver\u00e4ndernden Corona-Regeln abverlangt. Lange Monate mussten die Salons aufgrund der hohen Infektionszahlen geschlossen bleiben.<\/p>\n\n\n\n<p>Wir haben bereits ein Jahr \u201eLeben mit der Pandemie\u201c \u00fcberstanden. Seit kurzem d\u00fcrfen die Salons jetzt wieder ihrer Arbeit nachgehen. Allerdings nicht wie gewohnt, sondern angepasst an das New Normal. Die Salons haben Hygienekonzepte entwickelt und k\u00f6nnen wieder ihre Kund:innen empfangen. Diese lie\u00dfen sich nicht zweimal bitten. Trotz Ma\u00dfnahmen, wie Schnelltestpflicht und Masken kamen sie in Scharen. Das zeigt unser Vergleich zwischen dem Old Normal im M\u00e4rz 2019 und dem New Normal im M\u00e4rz 2021. In unserer Marktanalyse von \u00fcber 200 Salons in ganz Deutschland haben wir herausgefunden, dass im Schnitt 378 mehr Kund:innen ihre Friseursalons besuchten, um sich ihre Haarpracht auffrischen zu lassen.<\/p>\n\n\n\n<p>Eins k\u00f6nnen wir also definitiv sagen: Friseur:innen wurdet schmerzlich vermisst. Denn wer sonst schafft es, dass wir uns am Ende eines Besuchs wie ein frischer, neuer, fabelhafter Mensch f\u00fchlen?!<\/p>\n\n\n\n<figure class=\"wp-block-image size-large\"><img loading=\"lazy\" decoding=\"async\" width=\"1024\" height=\"719\" src=\"https:\/\/d2dfxqxblmblx4.cloudfront.net\/wp-content\/uploads\/2021\/05\/18095243\/New-Normal-v-Old-Normal-LANDSCAPE-1024x719.jpg\" alt=\"\" class=\"wp-image-89204\" srcset=\"https:\/\/d2dfxqxblmblx4.cloudfront.net\/wp-content\/uploads\/2021\/05\/18095243\/New-Normal-v-Old-Normal-LANDSCAPE-1024x719.jpg 1024w, https:\/\/d2dfxqxblmblx4.cloudfront.net\/wp-content\/uploads\/2021\/05\/18095243\/New-Normal-v-Old-Normal-LANDSCAPE-300x211.jpg 300w, https:\/\/d2dfxqxblmblx4.cloudfront.net\/wp-content\/uploads\/2021\/05\/18095243\/New-Normal-v-Old-Normal-LANDSCAPE-768x539.jpg 768w, https:\/\/d2dfxqxblmblx4.cloudfront.net\/wp-content\/uploads\/2021\/05\/18095243\/New-Normal-v-Old-Normal-LANDSCAPE-1536x1079.jpg 1536w, https:\/\/d2dfxqxblmblx4.cloudfront.net\/wp-content\/uploads\/2021\/05\/18095243\/New-Normal-v-Old-Normal-LANDSCAPE.jpg 1763w\" sizes=\"auto, (max-width: 1024px) 100vw, 1024px\" \/><\/figure>\n\n\n\n<p><a href=\"https:\/\/d2dfxqxblmblx4.cloudfront.net\/wp-content\/uploads\/2021\/05\/18095243\/New-Normal-v-Old-Normal-LANDSCAPE.jpg\" rel=\"noreferrer noopener nofollow\" target=\"_blank\"><strong>Hier klicken um die Grafik gr\u00f6\u00dfer zu sehen oder runterzuladen<\/strong><\/a><\/p>\n\n\n\n<p>Um der hohen Nachfrage an Terminen gerecht werden zu k\u00f6nnen, entschlossen sich 46% der Salons einen weiteren Tag in der Woche zu \u00f6ffnen und arbeiteten t\u00e4glich auch etwas mehr als eine Stunde l\u00e4nger. Durch die verl\u00e4ngerten \u00d6ffnungszeiten konnten 3-4 Kund:innen mehr pro Tag von ihrer Corona-M\u00e4hne befreit werden, bei gleichbleibender Anzahl der Mitarbeitenden.<\/p>\n\n\n\n<p>Wie zahlreiche YouTube-Videos belegen, hat die Lockdown-Langeweile zu einigen Haarexperimenten gef\u00fchrt, die nun von den Friseur:innen dieser Welt wieder in Ordnung gebracht werden m\u00fcssen. Pro Kopf brauchten sie dabei durchschnittlich gerade einmal neun Minuten l\u00e4nger, als im Old Normal. So erstrahlte das verschnittene oder falsch gef\u00e4rbte Haar im Nu wieder in neuem Glanz. Um die neue wunderbare Frisur angemessen pflegen zu k\u00f6nnen, entschieden sich viele Kund:innen im M\u00e4rz 2021 f\u00fcr professionelle Produkte des Salons, wodurch der Produktverkaufsumsatz um satte 54% anstieg. Der Ansturm der dankbaren Menschen auf die Friseursalons brachte zudem eine Umsatzsteigerung von 56% gegen\u00fcber 2019. Im Vergleich zum M\u00e4rz 2019 bezahlten die Kund:innen ca. 15\u20ac mehr pro Besuch, um ihren Corona-Mopp loszuwerden.<\/p>\n\n\n\n<p>Diese Zahlen zeigen wie unglaublich wichtig die allt\u00e4gliche Arbeit der Friseursalons f\u00fcr uns ist und wie dankbar wir f\u00fcr ihre Geduld und ihr Durchhalteverm\u00f6gen sein k\u00f6nnen.<\/p>\n\n\n\n<p>Wir wollen unsere Held:innen der Haare nicht mehr missen!<\/p>\n","protected":false},"excerpt":{"rendered":"<p>Was sich f\u00fcr Mitarbeitende im Friseursalon bei der Arbeit w\u00e4hrend der Covid-19-Pandemie ver\u00e4ndert hat. Seitdem die Covid-19-Pandemie im M\u00e4rz 2020 Deutschland getroffen hat, hat sich unser aller Alltag stark ver\u00e4ndert. Besonders den Mitarbeitenden der Friseursalons wurde und wird noch immer viel Flexibilit\u00e4t bei der Umsetzung der sich ver\u00e4ndernden Corona-Regeln abverlangt. Lange Monate mussten die Salons &hellip; <a href=\"https:\/\/www.phorest.com\/de\/blog\/the-new-normal-der-alltagswahnsinn-2-0-in-den-friseursalons\/\">Continued<\/a><\/p>\n","protected":false},"author":40060,"featured_media":76833,"comment_status":"open","ping_status":"open","sticky":false,"template":"","format":"standard","meta":{"_acf_changed":false,"footnotes":""},"categories":[3746],"tags":[],"class_list":["post-89270","post","type-post","status-publish","format-standard","has-post-thumbnail","hentry","category-mitarbeiterverwaltung"],"acf":[],"yoast_head":"<!-- This site is optimized with the Yoast SEO plugin v25.1 - https:\/\/yoast.com\/wordpress\/plugins\/seo\/ -->\n<title>The New Normal - Der Alltagswahnsinn 2.0 in den Friseursalons | Phorest<\/title>\n<meta name=\"robots\" content=\"index, follow, max-snippet:-1, max-image-preview:large, max-video-preview:-1\" \/>\n<link rel=\"canonical\" href=\"https:\/\/www.phorest.com\/de\/blog\/the-new-normal-der-alltagswahnsinn-2-0-in-den-friseursalons\/\" \/>\n<meta property=\"og:locale\" content=\"de_DE\" \/>\n<meta property=\"og:type\" content=\"article\" \/>\n<meta property=\"og:title\" content=\"The New Normal - Der Alltagswahnsinn 2.0 in den Friseursalons | Phorest\" \/>\n<meta property=\"og:description\" content=\"Was sich f\u00fcr Mitarbeitende im Friseursalon bei der Arbeit w\u00e4hrend der Covid-19-Pandemie ver\u00e4ndert hat. Seitdem die Covid-19-Pandemie im M\u00e4rz 2020 Deutschland getroffen hat, hat sich unser aller Alltag stark ver\u00e4ndert. Besonders den Mitarbeitenden der Friseursalons wurde und wird noch immer viel Flexibilit\u00e4t bei der Umsetzung der sich ver\u00e4ndernden Corona-Regeln abverlangt. Lange Monate mussten die Salons &hellip; Continued\" \/>\n<meta property=\"og:url\" content=\"https:\/\/www.phorest.com\/de\/blog\/the-new-normal-der-alltagswahnsinn-2-0-in-den-friseursalons\/\" \/>\n<meta property=\"og:site_name\" content=\"Phorest\" \/>\n<meta property=\"article:publisher\" content=\"https:\/\/www.facebook.com\/phorestsalonsoftware\" \/>\n<meta property=\"article:published_time\" content=\"2021-05-18T10:40:00+00:00\" \/>\n<meta property=\"article:modified_time\" content=\"2021-05-19T10:41:24+00:00\" \/>\n<meta property=\"og:image\" content=\"https:\/\/d2dfxqxblmblx4.cloudfront.net\/wp-content\/uploads\/2020\/07\/16162648\/USBeautyBookingHabits_2000px-150x150.jpg\" \/>\n\t<meta property=\"og:image:width\" content=\"2000\" \/>\n\t<meta property=\"og:image:height\" content=\"808\" \/>\n\t<meta property=\"og:image:type\" content=\"image\/jpeg\" \/>\n<meta name=\"author\" content=\"Ann-Kathrin Helm\" \/>\n<meta name=\"twitter:card\" content=\"summary_large_image\" \/>\n<meta name=\"twitter:image\" content=\"https:\/\/d2dfxqxblmblx4.cloudfront.net\/wp-content\/uploads\/2020\/07\/16162648\/USBeautyBookingHabits_2000px-150x150.jpg\" \/>\n<meta name=\"twitter:creator\" content=\"@thephorestword\" \/>\n<meta name=\"twitter:site\" content=\"@thephorestword\" \/>\n<meta name=\"twitter:label1\" content=\"Written by\" \/>\n\t<meta name=\"twitter:data1\" content=\"Ann-Kathrin Helm\" \/>\n\t<meta name=\"twitter:label2\" content=\"Est. reading time\" \/>\n\t<meta name=\"twitter:data2\" content=\"2 minutes\" \/>\n<script type=\"application\/ld+json\" class=\"yoast-schema-graph\">{\"@context\":\"https:\/\/schema.org\",\"@graph\":[{\"@type\":\"Article\",\"@id\":\"https:\/\/www.phorest.com\/de\/blog\/the-new-normal-der-alltagswahnsinn-2-0-in-den-friseursalons\/#article\",\"isPartOf\":{\"@id\":\"https:\/\/www.phorest.com\/de\/blog\/the-new-normal-der-alltagswahnsinn-2-0-in-den-friseursalons\/\"},\"author\":{\"name\":\"Ann-Kathrin Helm\",\"@id\":\"https:\/\/www.phorest.com\/de\/#\/schema\/person\/56a1801ae3d5b559a4450b5b0a308d27\"},\"headline\":\"The New Normal &#8211; Der Alltagswahnsinn 2.0 in den Friseursalons\",\"datePublished\":\"2021-05-18T10:40:00+00:00\",\"dateModified\":\"2021-05-19T10:41:24+00:00\",\"mainEntityOfPage\":{\"@id\":\"https:\/\/www.phorest.com\/de\/blog\/the-new-normal-der-alltagswahnsinn-2-0-in-den-friseursalons\/\"},\"wordCount\":448,\"commentCount\":0,\"publisher\":{\"@id\":\"https:\/\/www.phorest.com\/de\/#organization\"},\"image\":{\"@id\":\"https:\/\/www.phorest.com\/de\/blog\/the-new-normal-der-alltagswahnsinn-2-0-in-den-friseursalons\/#primaryimage\"},\"thumbnailUrl\":\"https:\/\/d2dfxqxblmblx4.cloudfront.net\/wp-content\/uploads\/2020\/07\/16162648\/USBeautyBookingHabits_2000px.jpg\",\"articleSection\":[\"Mitarbeiterverwaltung\"],\"inLanguage\":\"de\",\"potentialAction\":[{\"@type\":\"CommentAction\",\"name\":\"Comment\",\"target\":[\"https:\/\/www.phorest.com\/de\/blog\/the-new-normal-der-alltagswahnsinn-2-0-in-den-friseursalons\/#respond\"]}]},{\"@type\":\"WebPage\",\"@id\":\"https:\/\/www.phorest.com\/de\/blog\/the-new-normal-der-alltagswahnsinn-2-0-in-den-friseursalons\/\",\"url\":\"https:\/\/www.phorest.com\/de\/blog\/the-new-normal-der-alltagswahnsinn-2-0-in-den-friseursalons\/\",\"name\":\"The New Normal - Der Alltagswahnsinn 2.0 in den Friseursalons | Phorest\",\"isPartOf\":{\"@id\":\"https:\/\/www.phorest.com\/de\/#website\"},\"primaryImageOfPage\":{\"@id\":\"https:\/\/www.phorest.com\/de\/blog\/the-new-normal-der-alltagswahnsinn-2-0-in-den-friseursalons\/#primaryimage\"},\"image\":{\"@id\":\"https:\/\/www.phorest.com\/de\/blog\/the-new-normal-der-alltagswahnsinn-2-0-in-den-friseursalons\/#primaryimage\"},\"thumbnailUrl\":\"https:\/\/d2dfxqxblmblx4.cloudfront.net\/wp-content\/uploads\/2020\/07\/16162648\/USBeautyBookingHabits_2000px.jpg\",\"datePublished\":\"2021-05-18T10:40:00+00:00\",\"dateModified\":\"2021-05-19T10:41:24+00:00\",\"breadcrumb\":{\"@id\":\"https:\/\/www.phorest.com\/de\/blog\/the-new-normal-der-alltagswahnsinn-2-0-in-den-friseursalons\/#breadcrumb\"},\"inLanguage\":\"de\",\"potentialAction\":[{\"@type\":\"ReadAction\",\"target\":[\"https:\/\/www.phorest.com\/de\/blog\/the-new-normal-der-alltagswahnsinn-2-0-in-den-friseursalons\/\"]}]},{\"@type\":\"ImageObject\",\"inLanguage\":\"de\",\"@id\":\"https:\/\/www.phorest.com\/de\/blog\/the-new-normal-der-alltagswahnsinn-2-0-in-den-friseursalons\/#primaryimage\",\"url\":\"https:\/\/d2dfxqxblmblx4.cloudfront.net\/wp-content\/uploads\/2020\/07\/16162648\/USBeautyBookingHabits_2000px.jpg\",\"contentUrl\":\"https:\/\/d2dfxqxblmblx4.cloudfront.net\/wp-content\/uploads\/2020\/07\/16162648\/USBeautyBookingHabits_2000px.jpg\",\"width\":2000,\"height\":808},{\"@type\":\"BreadcrumbList\",\"@id\":\"https:\/\/www.phorest.com\/de\/blog\/the-new-normal-der-alltagswahnsinn-2-0-in-den-friseursalons\/#breadcrumb\",\"itemListElement\":[{\"@type\":\"ListItem\",\"position\":1,\"name\":\"Home\",\"item\":\"https:\/\/www.phorest.com\/de\/\"},{\"@type\":\"ListItem\",\"position\":2,\"name\":\"The New Normal &#8211; Der Alltagswahnsinn 2.0 in den Friseursalons\"}]},{\"@type\":\"WebSite\",\"@id\":\"https:\/\/www.phorest.com\/de\/#website\",\"url\":\"https:\/\/www.phorest.com\/de\/\",\"name\":\"Phorest\",\"description\":\"Salon Software - Hair &amp; Beauty - UK for Spa Management &amp; Appointments\",\"publisher\":{\"@id\":\"https:\/\/www.phorest.com\/de\/#organization\"},\"potentialAction\":[{\"@type\":\"SearchAction\",\"target\":{\"@type\":\"EntryPoint\",\"urlTemplate\":\"https:\/\/www.phorest.com\/de\/?s={search_term_string}\"},\"query-input\":{\"@type\":\"PropertyValueSpecification\",\"valueRequired\":true,\"valueName\":\"search_term_string\"}}],\"inLanguage\":\"de\"},{\"@type\":\"Organization\",\"@id\":\"https:\/\/www.phorest.com\/de\/#organization\",\"name\":\"Phorest Salon Software\",\"url\":\"https:\/\/www.phorest.com\/de\/\",\"logo\":{\"@type\":\"ImageObject\",\"inLanguage\":\"de\",\"@id\":\"https:\/\/www.phorest.com\/de\/#\/schema\/logo\/image\/\",\"url\":\"https:\/\/d2dfxqxblmblx4.cloudfront.net\/wp-content\/uploads\/2019\/10\/24141402\/phorest-acorn-logo1.png\",\"contentUrl\":\"https:\/\/d2dfxqxblmblx4.cloudfront.net\/wp-content\/uploads\/2019\/10\/24141402\/phorest-acorn-logo1.png\",\"width\":201,\"height\":202,\"caption\":\"Phorest Salon Software\"},\"image\":{\"@id\":\"https:\/\/www.phorest.com\/de\/#\/schema\/logo\/image\/\"},\"sameAs\":[\"https:\/\/www.facebook.com\/phorestsalonsoftware\",\"https:\/\/x.com\/thephorestword\",\"https:\/\/instagram.com\/phorest_salon_software\",\"https:\/\/www.linkedin.com\/company\/phorest?trk=company_name\",\"https:\/\/www.pinterest.com\/phorestss\/\",\"https:\/\/plus.google.com\/u\/0\/b\/101418954139594616916\/101418954139594616916\/posts\/p\/pub\"]},{\"@type\":\"Person\",\"@id\":\"https:\/\/www.phorest.com\/de\/#\/schema\/person\/56a1801ae3d5b559a4450b5b0a308d27\",\"name\":\"Ann-Kathrin Helm\",\"image\":{\"@type\":\"ImageObject\",\"inLanguage\":\"de\",\"@id\":\"https:\/\/www.phorest.com\/de\/#\/schema\/person\/image\/\",\"url\":\"https:\/\/d2dfxqxblmblx4.cloudfront.net\/wp-content\/uploads\/2021\/05\/13095446\/Ann-Kathrin_Helm-150x150.jpg\",\"contentUrl\":\"https:\/\/d2dfxqxblmblx4.cloudfront.net\/wp-content\/uploads\/2021\/05\/13095446\/Ann-Kathrin_Helm-150x150.jpg\",\"caption\":\"Ann-Kathrin Helm\"},\"description\":\"Ann-Kathrin Helm is our Marketing Executive for Germany, Austria &amp; Switzerland (DACH) here at Phorest Salon Software. She is responsible for customer communication in the DACH region. Her mother \u2013 a master hairdresser \u2013 instilled in her a passion for the industry from an early age. As a result, she understands the challenges and opportunities of the salon world firsthand. This deep connection is reflected in everything she does \u2013 from articles in professional magazines such as TOP HAIR, to targeted email campaigns, inspiring blog posts, and her mission to make Phorest\u2019s features and their benefits more accessible to the Phorest community. Her goal: to make marketing understandable, actionable, and \u2013 above all \u2013 effective, creating real value for beauty entrepreneurs.\",\"sameAs\":[\"https:\/\/www.phorest.com\/de\/\",\"https:\/\/www.linkedin.com\/in\/ann-kathrin-helm\/\"],\"url\":\"https:\/\/www.phorest.com\/de\/blog\/author\/ann-kathrin-helm-2\/\"}]}<\/script>\n<!-- \/ Yoast SEO plugin. -->","yoast_head_json":{"title":"The New Normal - Der Alltagswahnsinn 2.0 in den Friseursalons | Phorest","robots":{"index":"index","follow":"follow","max-snippet":"max-snippet:-1","max-image-preview":"max-image-preview:large","max-video-preview":"max-video-preview:-1"},"canonical":"https:\/\/www.phorest.com\/de\/blog\/the-new-normal-der-alltagswahnsinn-2-0-in-den-friseursalons\/","og_locale":"de_DE","og_type":"article","og_title":"The New Normal - Der Alltagswahnsinn 2.0 in den Friseursalons | Phorest","og_description":"Was sich f\u00fcr Mitarbeitende im Friseursalon bei der Arbeit w\u00e4hrend der Covid-19-Pandemie ver\u00e4ndert hat. Seitdem die Covid-19-Pandemie im M\u00e4rz 2020 Deutschland getroffen hat, hat sich unser aller Alltag stark ver\u00e4ndert. Besonders den Mitarbeitenden der Friseursalons wurde und wird noch immer viel Flexibilit\u00e4t bei der Umsetzung der sich ver\u00e4ndernden Corona-Regeln abverlangt. Lange Monate mussten die Salons &hellip; Continued","og_url":"https:\/\/www.phorest.com\/de\/blog\/the-new-normal-der-alltagswahnsinn-2-0-in-den-friseursalons\/","og_site_name":"Phorest","article_publisher":"https:\/\/www.facebook.com\/phorestsalonsoftware","article_published_time":"2021-05-18T10:40:00+00:00","article_modified_time":"2021-05-19T10:41:24+00:00","og_image":[{"width":2000,"height":808,"url":"https:\/\/d2dfxqxblmblx4.cloudfront.net\/wp-content\/uploads\/2020\/07\/16162648\/USBeautyBookingHabits_2000px-150x150.jpg","type":"image\/jpeg"}],"author":"Ann-Kathrin Helm","twitter_card":"summary_large_image","twitter_image":"https:\/\/d2dfxqxblmblx4.cloudfront.net\/wp-content\/uploads\/2020\/07\/16162648\/USBeautyBookingHabits_2000px-150x150.jpg","twitter_creator":"@thephorestword","twitter_site":"@thephorestword","twitter_misc":{"Written by":"Ann-Kathrin Helm","Est. reading time":"2 minutes"},"schema":{"@context":"https:\/\/schema.org","@graph":[{"@type":"Article","@id":"https:\/\/www.phorest.com\/de\/blog\/the-new-normal-der-alltagswahnsinn-2-0-in-den-friseursalons\/#article","isPartOf":{"@id":"https:\/\/www.phorest.com\/de\/blog\/the-new-normal-der-alltagswahnsinn-2-0-in-den-friseursalons\/"},"author":{"name":"Ann-Kathrin Helm","@id":"https:\/\/www.phorest.com\/de\/#\/schema\/person\/56a1801ae3d5b559a4450b5b0a308d27"},"headline":"The New Normal &#8211; Der Alltagswahnsinn 2.0 in den Friseursalons","datePublished":"2021-05-18T10:40:00+00:00","dateModified":"2021-05-19T10:41:24+00:00","mainEntityOfPage":{"@id":"https:\/\/www.phorest.com\/de\/blog\/the-new-normal-der-alltagswahnsinn-2-0-in-den-friseursalons\/"},"wordCount":448,"commentCount":0,"publisher":{"@id":"https:\/\/www.phorest.com\/de\/#organization"},"image":{"@id":"https:\/\/www.phorest.com\/de\/blog\/the-new-normal-der-alltagswahnsinn-2-0-in-den-friseursalons\/#primaryimage"},"thumbnailUrl":"https:\/\/d2dfxqxblmblx4.cloudfront.net\/wp-content\/uploads\/2020\/07\/16162648\/USBeautyBookingHabits_2000px.jpg","articleSection":["Mitarbeiterverwaltung"],"inLanguage":"de","potentialAction":[{"@type":"CommentAction","name":"Comment","target":["https:\/\/www.phorest.com\/de\/blog\/the-new-normal-der-alltagswahnsinn-2-0-in-den-friseursalons\/#respond"]}]},{"@type":"WebPage","@id":"https:\/\/www.phorest.com\/de\/blog\/the-new-normal-der-alltagswahnsinn-2-0-in-den-friseursalons\/","url":"https:\/\/www.phorest.com\/de\/blog\/the-new-normal-der-alltagswahnsinn-2-0-in-den-friseursalons\/","name":"The New Normal - Der Alltagswahnsinn 2.0 in den Friseursalons | Phorest","isPartOf":{"@id":"https:\/\/www.phorest.com\/de\/#website"},"primaryImageOfPage":{"@id":"https:\/\/www.phorest.com\/de\/blog\/the-new-normal-der-alltagswahnsinn-2-0-in-den-friseursalons\/#primaryimage"},"image":{"@id":"https:\/\/www.phorest.com\/de\/blog\/the-new-normal-der-alltagswahnsinn-2-0-in-den-friseursalons\/#primaryimage"},"thumbnailUrl":"https:\/\/d2dfxqxblmblx4.cloudfront.net\/wp-content\/uploads\/2020\/07\/16162648\/USBeautyBookingHabits_2000px.jpg","datePublished":"2021-05-18T10:40:00+00:00","dateModified":"2021-05-19T10:41:24+00:00","breadcrumb":{"@id":"https:\/\/www.phorest.com\/de\/blog\/the-new-normal-der-alltagswahnsinn-2-0-in-den-friseursalons\/#breadcrumb"},"inLanguage":"de","potentialAction":[{"@type":"ReadAction","target":["https:\/\/www.phorest.com\/de\/blog\/the-new-normal-der-alltagswahnsinn-2-0-in-den-friseursalons\/"]}]},{"@type":"ImageObject","inLanguage":"de","@id":"https:\/\/www.phorest.com\/de\/blog\/the-new-normal-der-alltagswahnsinn-2-0-in-den-friseursalons\/#primaryimage","url":"https:\/\/d2dfxqxblmblx4.cloudfront.net\/wp-content\/uploads\/2020\/07\/16162648\/USBeautyBookingHabits_2000px.jpg","contentUrl":"https:\/\/d2dfxqxblmblx4.cloudfront.net\/wp-content\/uploads\/2020\/07\/16162648\/USBeautyBookingHabits_2000px.jpg","width":2000,"height":808},{"@type":"BreadcrumbList","@id":"https:\/\/www.phorest.com\/de\/blog\/the-new-normal-der-alltagswahnsinn-2-0-in-den-friseursalons\/#breadcrumb","itemListElement":[{"@type":"ListItem","position":1,"name":"Home","item":"https:\/\/www.phorest.com\/de\/"},{"@type":"ListItem","position":2,"name":"The New Normal &#8211; Der Alltagswahnsinn 2.0 in den Friseursalons"}]},{"@type":"WebSite","@id":"https:\/\/www.phorest.com\/de\/#website","url":"https:\/\/www.phorest.com\/de\/","name":"Phorest","description":"Salon Software - Hair &amp; Beauty - UK for Spa Management &amp; Appointments","publisher":{"@id":"https:\/\/www.phorest.com\/de\/#organization"},"potentialAction":[{"@type":"SearchAction","target":{"@type":"EntryPoint","urlTemplate":"https:\/\/www.phorest.com\/de\/?s={search_term_string}"},"query-input":{"@type":"PropertyValueSpecification","valueRequired":true,"valueName":"search_term_string"}}],"inLanguage":"de"},{"@type":"Organization","@id":"https:\/\/www.phorest.com\/de\/#organization","name":"Phorest Salon Software","url":"https:\/\/www.phorest.com\/de\/","logo":{"@type":"ImageObject","inLanguage":"de","@id":"https:\/\/www.phorest.com\/de\/#\/schema\/logo\/image\/","url":"https:\/\/d2dfxqxblmblx4.cloudfront.net\/wp-content\/uploads\/2019\/10\/24141402\/phorest-acorn-logo1.png","contentUrl":"https:\/\/d2dfxqxblmblx4.cloudfront.net\/wp-content\/uploads\/2019\/10\/24141402\/phorest-acorn-logo1.png","width":201,"height":202,"caption":"Phorest Salon Software"},"image":{"@id":"https:\/\/www.phorest.com\/de\/#\/schema\/logo\/image\/"},"sameAs":["https:\/\/www.facebook.com\/phorestsalonsoftware","https:\/\/x.com\/thephorestword","https:\/\/instagram.com\/phorest_salon_software","https:\/\/www.linkedin.com\/company\/phorest?trk=company_name","https:\/\/www.pinterest.com\/phorestss\/","https:\/\/plus.google.com\/u\/0\/b\/101418954139594616916\/101418954139594616916\/posts\/p\/pub"]},{"@type":"Person","@id":"https:\/\/www.phorest.com\/de\/#\/schema\/person\/56a1801ae3d5b559a4450b5b0a308d27","name":"Ann-Kathrin Helm","image":{"@type":"ImageObject","inLanguage":"de","@id":"https:\/\/www.phorest.com\/de\/#\/schema\/person\/image\/","url":"https:\/\/d2dfxqxblmblx4.cloudfront.net\/wp-content\/uploads\/2021\/05\/13095446\/Ann-Kathrin_Helm-150x150.jpg","contentUrl":"https:\/\/d2dfxqxblmblx4.cloudfront.net\/wp-content\/uploads\/2021\/05\/13095446\/Ann-Kathrin_Helm-150x150.jpg","caption":"Ann-Kathrin Helm"},"description":"Ann-Kathrin Helm is our Marketing Executive for Germany, Austria &amp; Switzerland (DACH) here at Phorest Salon Software. She is responsible for customer communication in the DACH region. Her mother \u2013 a master hairdresser \u2013 instilled in her a passion for the industry from an early age. As a result, she understands the challenges and opportunities of the salon world firsthand. This deep connection is reflected in everything she does \u2013 from articles in professional magazines such as TOP HAIR, to targeted email campaigns, inspiring blog posts, and her mission to make Phorest\u2019s features and their benefits more accessible to the Phorest community. Her goal: to make marketing understandable, actionable, and \u2013 above all \u2013 effective, creating real value for beauty entrepreneurs.","sameAs":["https:\/\/www.phorest.com\/de\/","https:\/\/www.linkedin.com\/in\/ann-kathrin-helm\/"],"url":"https:\/\/www.phorest.com\/de\/blog\/author\/ann-kathrin-helm-2\/"}]}},"_links":{"self":[{"href":"https:\/\/www.phorest.com\/de\/wp-json\/wp\/v2\/posts\/89270","targetHints":{"allow":["GET"]}}],"collection":[{"href":"https:\/\/www.phorest.com\/de\/wp-json\/wp\/v2\/posts"}],"about":[{"href":"https:\/\/www.phorest.com\/de\/wp-json\/wp\/v2\/types\/post"}],"author":[{"embeddable":true,"href":"https:\/\/www.phorest.com\/de\/wp-json\/wp\/v2\/users\/40060"}],"replies":[{"embeddable":true,"href":"https:\/\/www.phorest.com\/de\/wp-json\/wp\/v2\/comments?post=89270"}],"version-history":[{"count":1,"href":"https:\/\/www.phorest.com\/de\/wp-json\/wp\/v2\/posts\/89270\/revisions"}],"predecessor-version":[{"id":89271,"href":"https:\/\/www.phorest.com\/de\/wp-json\/wp\/v2\/posts\/89270\/revisions\/89271"}],"wp:featuredmedia":[{"embeddable":true,"href":"https:\/\/www.phorest.com\/de\/wp-json\/wp\/v2\/media\/76833"}],"wp:attachment":[{"href":"https:\/\/www.phorest.com\/de\/wp-json\/wp\/v2\/media?parent=89270"}],"wp:term":[{"taxonomy":"category","embeddable":true,"href":"https:\/\/www.phorest.com\/de\/wp-json\/wp\/v2\/categories?post=89270"},{"taxonomy":"post_tag","embeddable":true,"href":"https:\/\/www.phorest.com\/de\/wp-json\/wp\/v2\/tags?post=89270"}],"curies":[{"name":"wp","href":"https:\/\/api.w.org\/{rel}","templated":true}]}}