{"id":91737,"date":"2021-06-25T17:30:00","date_gmt":"2021-06-25T17:30:00","guid":{"rendered":"https:\/\/www.phorest.com\/?p=91737"},"modified":"2022-12-09T09:07:33","modified_gmt":"2022-12-09T09:07:33","slug":"terminplanung-terminplaner-app-fuer-friseure-und-friseurinnen","status":"publish","type":"post","link":"https:\/\/www.phorest.com\/de\/blog\/terminplanung-terminplaner-app-fuer-friseure-und-friseurinnen\/","title":{"rendered":"Terminplaner App f\u00fcr Friseure und Friseurinnen"},"content":{"rendered":"\n<h2 class=\"wp-block-heading\">Buchungen \u00fcber die App-Funktion<\/h2>\n\n\n\n<p>F\u00fcr Salonbesitzer:innen gibt es zahlreiche Bed\u00fcrfnisse, die im Idealfall alle mit einer Software abgedeckt werden. Phorest bietet genau das. Mit der Phorest GO App erhalten Salonbetreiber:innen nicht nur eine vollst\u00e4ndige Management App f\u00fcr ihren Salon, sondern integriert auch ein Terminplaner-Feature. Mit der <a href=\"https:\/\/www.phorest.com\/de\/funktionen\/salon-management-app\/\" target=\"_blank\" rel=\"noreferrer noopener\">Phorest GO App<\/a> kannst du deinen Salon vom Tablet oder Smartphone aus managen. Ganz gleich, ob es sich um Dienstpl\u00e4ne, die Performance deiner Mitarbeitenden, Lagerwirtschaft oder eben die Terminplanung geht. Diese App erleichtert dir den Alltag. In Bezug auf die Terminplanung profitierst du vor allem von der h\u00f6chstm\u00f6glichen Flexibilit\u00e4t. Auch deine Mitarbeitenden profitieren von der\u00a0Phorest GO App. Direkt im Salon k\u00f6nnt ihr alle \u00fcber das Smartphone oder Tablet abkassieren, Folgetermine vereinbaren, die Lagerverwaltung machen und vieles mehr.<\/p>\n\n\n\n<div class=\"wp-block-image\"><figure class=\"aligncenter size-large is-resized\"><img loading=\"lazy\" decoding=\"async\" src=\"https:\/\/d2dfxqxblmblx4.cloudfront.net\/wp-content\/uploads\/2022\/12\/09081607\/DE_Manage-Your-Salon-Pho-Go.png\" alt=\"\" class=\"wp-image-119838\" width=\"500\" height=\"500\" srcset=\"https:\/\/d2dfxqxblmblx4.cloudfront.net\/wp-content\/uploads\/2022\/12\/09081607\/DE_Manage-Your-Salon-Pho-Go.png 1000w, https:\/\/d2dfxqxblmblx4.cloudfront.net\/wp-content\/uploads\/2022\/12\/09081607\/DE_Manage-Your-Salon-Pho-Go-300x300.png 300w, https:\/\/d2dfxqxblmblx4.cloudfront.net\/wp-content\/uploads\/2022\/12\/09081607\/DE_Manage-Your-Salon-Pho-Go-150x150.png 150w, https:\/\/d2dfxqxblmblx4.cloudfront.net\/wp-content\/uploads\/2022\/12\/09081607\/DE_Manage-Your-Salon-Pho-Go-768x768.png 768w\" sizes=\"auto, (max-width: 500px) 100vw, 500px\" \/><figcaption>Phorest GO Terminplaner App f\u00fcr Friseure und Friseurinnen<\/figcaption><\/figure><\/div>\n\n\n\n<h2 class=\"wp-block-heading\">Friseur Terminplaner App f\u00fcr iOS und Android<\/h2>\n\n\n\n<p>Du kannst die Phorest GO Salon Management Software, die allerdings nicht nur Termine bietet, sowohl f\u00fcr iOS und Android verwenden. Das bedeutet, dass du vollkommen flexibel bist und die App beispielsweise auf einem Android-Smartphone oder auf einem Apple-iPad und weiteren Ger\u00e4ten installieren kannst. Die Hairdresser App funktioniert von jedem Ger\u00e4t aus. Du kannst dich \u00fcber Smartphones und Tablets mit iOS- oder Android-Betriebssystem einloggen und die Funktionen der Phorest-Software einsehen.<\/p>\n\n\n\n<h2 class=\"wp-block-heading\">Lege Termine an und bearbeite sie<\/h2>\n\n\n\n<p>Mit der Phorest GO Salon Management App lassen sich Termine einerseits planen, aber auch ver\u00e4ndern. \u00c4ndere Zeiten, tausche Termine zwischen den Mitarbeitenden oder behalte die Termine des Tages ganz einfach im Blick.<\/p>\n\n\n\n<h2 class=\"wp-block-heading\">Kundeninformationen auf einen Blick einsehbar<\/h2>\n\n\n\n<p>Eine Terminplaner App f\u00fcr Friseure und Friseurinnen eignet sich nicht nur, um ihren Namen alle Ehre zu machen \u2013 Termine anzulegen. Stattdessen hast du in der App auch die M\u00f6glichkeit, alle Daten der Kund:innen auf einen Blick zu erfassen. Die Daten, Notizen, Formulare und Weiteres werden sicher in der Cloud gespeichert und du kannst per App darauf zugreifen. Durch die Tatsache, dass du dir bei einem Besuch jederzeit \u00fcber die App Notizen zu einer Kundin, bzw. einem Kunden machen kannst, bist du bestens auf deinen Gast eingestellt. Diese pers\u00f6nlichen Infos lassen sich schnell \u00fcber die Terminplaner App f\u00fcr Friseure erfassen, w\u00e4hrend du hinter deinem Gast stehst \u2013 bequem und unkompliziert \u00fcber das Smartphone oder Tablet.<\/p>\n\n\n<div class=\"relative lg:mb-10 overflow-hidden bg-green-dark\" >\n        <div class=\"container py-16 px-12 lg:py-24 flex items-center justify-center flex-wrap relative z-10\">\n         <div class=\"w-full mr-0 mb-6 md:mr-12 md:mb-0 md:w-2\/3\">\n         <h2 class=\"text-white mb-2 text-3xl text-center md:text-left lg:text-4xl\" style=\"color:white;\">Bereit zu sehen, wie die Phorest Salonsoftware deinem Salon hilft zu wachsen?<\/h2>\n        <\/div><button type=\"button\" data-modal=\"book-demo\" class=\"modal-trigger btn-demo-cta button block bg-red text-white hover:bg-red-light flex-shrink-0 demo-cta\">\n                                Demo buchen\n                            <\/button><\/div>\n    <\/div>\n\n\n\n<h2 class=\"wp-block-heading\">Zugriff f\u00fcr Mitarbeitende<\/h2>\n\n\n\n<p>Nicht nur f\u00fcr dich sind Termine in deinem Friseursalon wichtig. Auch Mitarbeitende wollen wissen, wie es um ihre Termine steht oder welche Kund:innen an welchen Tagen bei ihnen sind. Durch eine Terminplaner App kannst du auch Mitarbeitenden Zugriff gew\u00e4hren. Diese k\u00f6nnen \u00fcber die Phorest GO App Termine selbst anlegen oder ihre eigenen Dienstpl\u00e4ne einsehen. Die App bietet allerdings weitaus mehr als nur einen Terminplaner. Stattdessen lassen sich auch Vorher-Nachher-Bilder der Kund:innen hochladen, damit du diese eventuell sp\u00e4ter \u00fcber Social Media teilen kannst. Phorest GO bietet unbegrenzt viele Logins f\u00fcr Mitarbeitende. Du selbst w\u00e4hlst die Zugriffsebenen genau so, wie du es brauchst, damit die Daten deiner Kund:innen bestens gesch\u00fctzt sind.<\/p>\n\n\n\n<p>Die Phorest Go App ist Teil der All-in-one Salon-Software von Phorest. \u00dcber die Cloud ist sie voll mit dem Desktop integriert und alle Daten synchronisieren in Echtzeit.<\/p>\n\n\n\n<p>Lerne jetzt Phorest kennen und buche dir eine <a href=\"https:\/\/www.phorest.com\/demo\/\" target=\"_blank\" rel=\"noreferrer noopener\">unverbindliche Demo<\/a>.<\/p>\n\n\n\n<p>#TogetherWeGrow<\/p>\n","protected":false},"excerpt":{"rendered":"<p>Buchungen \u00fcber die App-Funktion F\u00fcr Salonbesitzer:innen gibt es zahlreiche Bed\u00fcrfnisse, die im Idealfall alle mit einer Software abgedeckt werden. Phorest bietet genau das. Mit der Phorest GO App erhalten Salonbetreiber:innen nicht nur eine vollst\u00e4ndige Management App f\u00fcr ihren Salon, sondern integriert auch ein Terminplaner-Feature. Mit der Phorest GO App kannst du deinen Salon vom Tablet &hellip; <a href=\"https:\/\/www.phorest.com\/de\/blog\/terminplanung-terminplaner-app-fuer-friseure-und-friseurinnen\/\">Continued<\/a><\/p>\n","protected":false},"author":40060,"featured_media":114448,"comment_status":"open","ping_status":"open","sticky":false,"template":"","format":"standard","meta":{"_acf_changed":false,"footnotes":""},"categories":[10798,10809,10800],"tags":[],"class_list":["post-91737","post","type-post","status-publish","format-standard","has-post-thumbnail","hentry","category-leite-dein-geschaft","category-management-app","category-terminplanung-leite-dein-geschaft"],"acf":[],"yoast_head":"<!-- This site is optimized with the Yoast SEO plugin v25.1 - https:\/\/yoast.com\/wordpress\/plugins\/seo\/ -->\n<title>Terminplaner App f\u00fcr Friseure und Friseurinnen | Phorest<\/title>\n<meta name=\"description\" content=\"Nie wieder Zettelwirtschaft \u2713 Verwalte deine Termine digital mit der Terminplaner App f\u00fcr Friseure und Friseurinnen | Phorest\" \/>\n<meta name=\"robots\" content=\"index, follow, max-snippet:-1, max-image-preview:large, max-video-preview:-1\" \/>\n<link rel=\"canonical\" href=\"https:\/\/www.phorest.com\/de\/blog\/terminplanung-terminplaner-app-fuer-friseure-und-friseurinnen\/\" \/>\n<meta property=\"og:locale\" content=\"de_DE\" \/>\n<meta property=\"og:type\" content=\"article\" \/>\n<meta property=\"og:title\" content=\"Terminplaner App f\u00fcr Friseure und Friseurinnen | Phorest\" \/>\n<meta property=\"og:description\" content=\"Nie wieder Zettelwirtschaft \u2713 Verwalte deine Termine digital mit der Terminplaner App f\u00fcr Friseure und Friseurinnen | Phorest\" \/>\n<meta property=\"og:url\" content=\"https:\/\/www.phorest.com\/de\/blog\/terminplanung-terminplaner-app-fuer-friseure-und-friseurinnen\/\" \/>\n<meta property=\"og:site_name\" content=\"Phorest\" \/>\n<meta property=\"article:publisher\" content=\"https:\/\/www.facebook.com\/phorestsalonsoftware\" \/>\n<meta property=\"article:published_time\" content=\"2021-06-25T17:30:00+00:00\" \/>\n<meta property=\"article:modified_time\" content=\"2022-12-09T09:07:33+00:00\" \/>\n<meta property=\"og:image\" content=\"https:\/\/d2dfxqxblmblx4.cloudfront.net\/wp-content\/uploads\/2022\/08\/22085224\/GettyImages-1340983238-150x150.jpg\" \/>\n\t<meta property=\"og:image:width\" content=\"724\" \/>\n\t<meta property=\"og:image:height\" content=\"483\" \/>\n\t<meta property=\"og:image:type\" content=\"image\/jpeg\" \/>\n<meta name=\"author\" content=\"Ann-Kathrin Helm\" \/>\n<meta name=\"twitter:card\" content=\"summary_large_image\" \/>\n<meta name=\"twitter:image\" content=\"https:\/\/d2dfxqxblmblx4.cloudfront.net\/wp-content\/uploads\/2022\/08\/22085224\/GettyImages-1340983238-150x150.jpg\" \/>\n<meta name=\"twitter:creator\" content=\"@thephorestword\" \/>\n<meta name=\"twitter:site\" content=\"@thephorestword\" \/>\n<meta name=\"twitter:label1\" content=\"Written by\" \/>\n\t<meta name=\"twitter:data1\" content=\"Ann-Kathrin Helm\" \/>\n\t<meta name=\"twitter:label2\" content=\"Est. reading time\" \/>\n\t<meta name=\"twitter:data2\" content=\"3 minutes\" \/>\n<script type=\"application\/ld+json\" class=\"yoast-schema-graph\">{\"@context\":\"https:\/\/schema.org\",\"@graph\":[{\"@type\":\"Article\",\"@id\":\"https:\/\/www.phorest.com\/de\/blog\/terminplanung-terminplaner-app-fuer-friseure-und-friseurinnen\/#article\",\"isPartOf\":{\"@id\":\"https:\/\/www.phorest.com\/de\/blog\/terminplanung-terminplaner-app-fuer-friseure-und-friseurinnen\/\"},\"author\":{\"name\":\"Ann-Kathrin Helm\",\"@id\":\"https:\/\/www.phorest.com\/de\/#\/schema\/person\/56a1801ae3d5b559a4450b5b0a308d27\"},\"headline\":\"Terminplaner App f\u00fcr Friseure und Friseurinnen\",\"datePublished\":\"2021-06-25T17:30:00+00:00\",\"dateModified\":\"2022-12-09T09:07:33+00:00\",\"mainEntityOfPage\":{\"@id\":\"https:\/\/www.phorest.com\/de\/blog\/terminplanung-terminplaner-app-fuer-friseure-und-friseurinnen\/\"},\"wordCount\":573,\"commentCount\":0,\"publisher\":{\"@id\":\"https:\/\/www.phorest.com\/de\/#organization\"},\"image\":{\"@id\":\"https:\/\/www.phorest.com\/de\/blog\/terminplanung-terminplaner-app-fuer-friseure-und-friseurinnen\/#primaryimage\"},\"thumbnailUrl\":\"https:\/\/d2dfxqxblmblx4.cloudfront.net\/wp-content\/uploads\/2022\/08\/22085224\/GettyImages-1340983238.jpg\",\"articleSection\":[\"Leite dein Gesch\u00e4ft\",\"Management-App\",\"Terminplanung\"],\"inLanguage\":\"de\",\"potentialAction\":[{\"@type\":\"CommentAction\",\"name\":\"Comment\",\"target\":[\"https:\/\/www.phorest.com\/de\/blog\/terminplanung-terminplaner-app-fuer-friseure-und-friseurinnen\/#respond\"]}]},{\"@type\":\"WebPage\",\"@id\":\"https:\/\/www.phorest.com\/de\/blog\/terminplanung-terminplaner-app-fuer-friseure-und-friseurinnen\/\",\"url\":\"https:\/\/www.phorest.com\/de\/blog\/terminplanung-terminplaner-app-fuer-friseure-und-friseurinnen\/\",\"name\":\"Terminplaner App f\u00fcr Friseure und Friseurinnen | Phorest\",\"isPartOf\":{\"@id\":\"https:\/\/www.phorest.com\/de\/#website\"},\"primaryImageOfPage\":{\"@id\":\"https:\/\/www.phorest.com\/de\/blog\/terminplanung-terminplaner-app-fuer-friseure-und-friseurinnen\/#primaryimage\"},\"image\":{\"@id\":\"https:\/\/www.phorest.com\/de\/blog\/terminplanung-terminplaner-app-fuer-friseure-und-friseurinnen\/#primaryimage\"},\"thumbnailUrl\":\"https:\/\/d2dfxqxblmblx4.cloudfront.net\/wp-content\/uploads\/2022\/08\/22085224\/GettyImages-1340983238.jpg\",\"datePublished\":\"2021-06-25T17:30:00+00:00\",\"dateModified\":\"2022-12-09T09:07:33+00:00\",\"description\":\"Nie wieder Zettelwirtschaft \u2713 Verwalte deine Termine digital mit der Terminplaner App f\u00fcr Friseure und Friseurinnen | Phorest\",\"breadcrumb\":{\"@id\":\"https:\/\/www.phorest.com\/de\/blog\/terminplanung-terminplaner-app-fuer-friseure-und-friseurinnen\/#breadcrumb\"},\"inLanguage\":\"de\",\"potentialAction\":[{\"@type\":\"ReadAction\",\"target\":[\"https:\/\/www.phorest.com\/de\/blog\/terminplanung-terminplaner-app-fuer-friseure-und-friseurinnen\/\"]}]},{\"@type\":\"ImageObject\",\"inLanguage\":\"de\",\"@id\":\"https:\/\/www.phorest.com\/de\/blog\/terminplanung-terminplaner-app-fuer-friseure-und-friseurinnen\/#primaryimage\",\"url\":\"https:\/\/d2dfxqxblmblx4.cloudfront.net\/wp-content\/uploads\/2022\/08\/22085224\/GettyImages-1340983238.jpg\",\"contentUrl\":\"https:\/\/d2dfxqxblmblx4.cloudfront.net\/wp-content\/uploads\/2022\/08\/22085224\/GettyImages-1340983238.jpg\",\"width\":724,\"height\":483,\"caption\":\"Latin woman of average age of 25 years talks by video call from the hairdresser with her cell phone\"},{\"@type\":\"BreadcrumbList\",\"@id\":\"https:\/\/www.phorest.com\/de\/blog\/terminplanung-terminplaner-app-fuer-friseure-und-friseurinnen\/#breadcrumb\",\"itemListElement\":[{\"@type\":\"ListItem\",\"position\":1,\"name\":\"Home\",\"item\":\"https:\/\/www.phorest.com\/de\/\"},{\"@type\":\"ListItem\",\"position\":2,\"name\":\"Terminplaner App f\u00fcr Friseure und Friseurinnen\"}]},{\"@type\":\"WebSite\",\"@id\":\"https:\/\/www.phorest.com\/de\/#website\",\"url\":\"https:\/\/www.phorest.com\/de\/\",\"name\":\"Phorest\",\"description\":\"Salon Software - Hair &amp; Beauty - UK for Spa Management &amp; Appointments\",\"publisher\":{\"@id\":\"https:\/\/www.phorest.com\/de\/#organization\"},\"potentialAction\":[{\"@type\":\"SearchAction\",\"target\":{\"@type\":\"EntryPoint\",\"urlTemplate\":\"https:\/\/www.phorest.com\/de\/?s={search_term_string}\"},\"query-input\":{\"@type\":\"PropertyValueSpecification\",\"valueRequired\":true,\"valueName\":\"search_term_string\"}}],\"inLanguage\":\"de\"},{\"@type\":\"Organization\",\"@id\":\"https:\/\/www.phorest.com\/de\/#organization\",\"name\":\"Phorest Salon Software\",\"url\":\"https:\/\/www.phorest.com\/de\/\",\"logo\":{\"@type\":\"ImageObject\",\"inLanguage\":\"de\",\"@id\":\"https:\/\/www.phorest.com\/de\/#\/schema\/logo\/image\/\",\"url\":\"https:\/\/d2dfxqxblmblx4.cloudfront.net\/wp-content\/uploads\/2019\/10\/24141402\/phorest-acorn-logo1.png\",\"contentUrl\":\"https:\/\/d2dfxqxblmblx4.cloudfront.net\/wp-content\/uploads\/2019\/10\/24141402\/phorest-acorn-logo1.png\",\"width\":201,\"height\":202,\"caption\":\"Phorest Salon Software\"},\"image\":{\"@id\":\"https:\/\/www.phorest.com\/de\/#\/schema\/logo\/image\/\"},\"sameAs\":[\"https:\/\/www.facebook.com\/phorestsalonsoftware\",\"https:\/\/x.com\/thephorestword\",\"https:\/\/instagram.com\/phorest_salon_software\",\"https:\/\/www.linkedin.com\/company\/phorest?trk=company_name\",\"https:\/\/www.pinterest.com\/phorestss\/\",\"https:\/\/plus.google.com\/u\/0\/b\/101418954139594616916\/101418954139594616916\/posts\/p\/pub\"]},{\"@type\":\"Person\",\"@id\":\"https:\/\/www.phorest.com\/de\/#\/schema\/person\/56a1801ae3d5b559a4450b5b0a308d27\",\"name\":\"Ann-Kathrin Helm\",\"image\":{\"@type\":\"ImageObject\",\"inLanguage\":\"de\",\"@id\":\"https:\/\/www.phorest.com\/de\/#\/schema\/person\/image\/\",\"url\":\"https:\/\/d2dfxqxblmblx4.cloudfront.net\/wp-content\/uploads\/2021\/05\/13095446\/Ann-Kathrin_Helm-150x150.jpg\",\"contentUrl\":\"https:\/\/d2dfxqxblmblx4.cloudfront.net\/wp-content\/uploads\/2021\/05\/13095446\/Ann-Kathrin_Helm-150x150.jpg\",\"caption\":\"Ann-Kathrin Helm\"},\"description\":\"Ann-Kathrin Helm is our Marketing Executive for Germany, Austria &amp; Switzerland (DACH) here at Phorest Salon Software. She is responsible for customer communication in the DACH region. Her mother \u2013 a master hairdresser \u2013 instilled in her a passion for the industry from an early age. As a result, she understands the challenges and opportunities of the salon world firsthand. This deep connection is reflected in everything she does \u2013 from articles in professional magazines such as TOP HAIR, to targeted email campaigns, inspiring blog posts, and her mission to make Phorest\u2019s features and their benefits more accessible to the Phorest community. Her goal: to make marketing understandable, actionable, and \u2013 above all \u2013 effective, creating real value for beauty entrepreneurs.\",\"sameAs\":[\"https:\/\/www.phorest.com\/de\/\",\"https:\/\/www.linkedin.com\/in\/ann-kathrin-helm\/\"],\"url\":\"https:\/\/www.phorest.com\/de\/blog\/author\/ann-kathrin-helm-2\/\"}]}<\/script>\n<!-- \/ Yoast SEO plugin. -->","yoast_head_json":{"title":"Terminplaner App f\u00fcr Friseure und Friseurinnen | Phorest","description":"Nie wieder Zettelwirtschaft \u2713 Verwalte deine Termine digital mit der Terminplaner App f\u00fcr Friseure und Friseurinnen | Phorest","robots":{"index":"index","follow":"follow","max-snippet":"max-snippet:-1","max-image-preview":"max-image-preview:large","max-video-preview":"max-video-preview:-1"},"canonical":"https:\/\/www.phorest.com\/de\/blog\/terminplanung-terminplaner-app-fuer-friseure-und-friseurinnen\/","og_locale":"de_DE","og_type":"article","og_title":"Terminplaner App f\u00fcr Friseure und Friseurinnen | Phorest","og_description":"Nie wieder Zettelwirtschaft \u2713 Verwalte deine Termine digital mit der Terminplaner App f\u00fcr Friseure und Friseurinnen | Phorest","og_url":"https:\/\/www.phorest.com\/de\/blog\/terminplanung-terminplaner-app-fuer-friseure-und-friseurinnen\/","og_site_name":"Phorest","article_publisher":"https:\/\/www.facebook.com\/phorestsalonsoftware","article_published_time":"2021-06-25T17:30:00+00:00","article_modified_time":"2022-12-09T09:07:33+00:00","og_image":[{"width":724,"height":483,"url":"https:\/\/d2dfxqxblmblx4.cloudfront.net\/wp-content\/uploads\/2022\/08\/22085224\/GettyImages-1340983238-150x150.jpg","type":"image\/jpeg"}],"author":"Ann-Kathrin Helm","twitter_card":"summary_large_image","twitter_image":"https:\/\/d2dfxqxblmblx4.cloudfront.net\/wp-content\/uploads\/2022\/08\/22085224\/GettyImages-1340983238-150x150.jpg","twitter_creator":"@thephorestword","twitter_site":"@thephorestword","twitter_misc":{"Written by":"Ann-Kathrin Helm","Est. reading time":"3 minutes"},"schema":{"@context":"https:\/\/schema.org","@graph":[{"@type":"Article","@id":"https:\/\/www.phorest.com\/de\/blog\/terminplanung-terminplaner-app-fuer-friseure-und-friseurinnen\/#article","isPartOf":{"@id":"https:\/\/www.phorest.com\/de\/blog\/terminplanung-terminplaner-app-fuer-friseure-und-friseurinnen\/"},"author":{"name":"Ann-Kathrin Helm","@id":"https:\/\/www.phorest.com\/de\/#\/schema\/person\/56a1801ae3d5b559a4450b5b0a308d27"},"headline":"Terminplaner App f\u00fcr Friseure und Friseurinnen","datePublished":"2021-06-25T17:30:00+00:00","dateModified":"2022-12-09T09:07:33+00:00","mainEntityOfPage":{"@id":"https:\/\/www.phorest.com\/de\/blog\/terminplanung-terminplaner-app-fuer-friseure-und-friseurinnen\/"},"wordCount":573,"commentCount":0,"publisher":{"@id":"https:\/\/www.phorest.com\/de\/#organization"},"image":{"@id":"https:\/\/www.phorest.com\/de\/blog\/terminplanung-terminplaner-app-fuer-friseure-und-friseurinnen\/#primaryimage"},"thumbnailUrl":"https:\/\/d2dfxqxblmblx4.cloudfront.net\/wp-content\/uploads\/2022\/08\/22085224\/GettyImages-1340983238.jpg","articleSection":["Leite dein Gesch\u00e4ft","Management-App","Terminplanung"],"inLanguage":"de","potentialAction":[{"@type":"CommentAction","name":"Comment","target":["https:\/\/www.phorest.com\/de\/blog\/terminplanung-terminplaner-app-fuer-friseure-und-friseurinnen\/#respond"]}]},{"@type":"WebPage","@id":"https:\/\/www.phorest.com\/de\/blog\/terminplanung-terminplaner-app-fuer-friseure-und-friseurinnen\/","url":"https:\/\/www.phorest.com\/de\/blog\/terminplanung-terminplaner-app-fuer-friseure-und-friseurinnen\/","name":"Terminplaner App f\u00fcr Friseure und Friseurinnen | Phorest","isPartOf":{"@id":"https:\/\/www.phorest.com\/de\/#website"},"primaryImageOfPage":{"@id":"https:\/\/www.phorest.com\/de\/blog\/terminplanung-terminplaner-app-fuer-friseure-und-friseurinnen\/#primaryimage"},"image":{"@id":"https:\/\/www.phorest.com\/de\/blog\/terminplanung-terminplaner-app-fuer-friseure-und-friseurinnen\/#primaryimage"},"thumbnailUrl":"https:\/\/d2dfxqxblmblx4.cloudfront.net\/wp-content\/uploads\/2022\/08\/22085224\/GettyImages-1340983238.jpg","datePublished":"2021-06-25T17:30:00+00:00","dateModified":"2022-12-09T09:07:33+00:00","description":"Nie wieder Zettelwirtschaft \u2713 Verwalte deine Termine digital mit der Terminplaner App f\u00fcr Friseure und Friseurinnen | Phorest","breadcrumb":{"@id":"https:\/\/www.phorest.com\/de\/blog\/terminplanung-terminplaner-app-fuer-friseure-und-friseurinnen\/#breadcrumb"},"inLanguage":"de","potentialAction":[{"@type":"ReadAction","target":["https:\/\/www.phorest.com\/de\/blog\/terminplanung-terminplaner-app-fuer-friseure-und-friseurinnen\/"]}]},{"@type":"ImageObject","inLanguage":"de","@id":"https:\/\/www.phorest.com\/de\/blog\/terminplanung-terminplaner-app-fuer-friseure-und-friseurinnen\/#primaryimage","url":"https:\/\/d2dfxqxblmblx4.cloudfront.net\/wp-content\/uploads\/2022\/08\/22085224\/GettyImages-1340983238.jpg","contentUrl":"https:\/\/d2dfxqxblmblx4.cloudfront.net\/wp-content\/uploads\/2022\/08\/22085224\/GettyImages-1340983238.jpg","width":724,"height":483,"caption":"Latin woman of average age of 25 years talks by video call from the hairdresser with her cell phone"},{"@type":"BreadcrumbList","@id":"https:\/\/www.phorest.com\/de\/blog\/terminplanung-terminplaner-app-fuer-friseure-und-friseurinnen\/#breadcrumb","itemListElement":[{"@type":"ListItem","position":1,"name":"Home","item":"https:\/\/www.phorest.com\/de\/"},{"@type":"ListItem","position":2,"name":"Terminplaner App f\u00fcr Friseure und Friseurinnen"}]},{"@type":"WebSite","@id":"https:\/\/www.phorest.com\/de\/#website","url":"https:\/\/www.phorest.com\/de\/","name":"Phorest","description":"Salon Software - Hair &amp; Beauty - UK for Spa Management &amp; Appointments","publisher":{"@id":"https:\/\/www.phorest.com\/de\/#organization"},"potentialAction":[{"@type":"SearchAction","target":{"@type":"EntryPoint","urlTemplate":"https:\/\/www.phorest.com\/de\/?s={search_term_string}"},"query-input":{"@type":"PropertyValueSpecification","valueRequired":true,"valueName":"search_term_string"}}],"inLanguage":"de"},{"@type":"Organization","@id":"https:\/\/www.phorest.com\/de\/#organization","name":"Phorest Salon Software","url":"https:\/\/www.phorest.com\/de\/","logo":{"@type":"ImageObject","inLanguage":"de","@id":"https:\/\/www.phorest.com\/de\/#\/schema\/logo\/image\/","url":"https:\/\/d2dfxqxblmblx4.cloudfront.net\/wp-content\/uploads\/2019\/10\/24141402\/phorest-acorn-logo1.png","contentUrl":"https:\/\/d2dfxqxblmblx4.cloudfront.net\/wp-content\/uploads\/2019\/10\/24141402\/phorest-acorn-logo1.png","width":201,"height":202,"caption":"Phorest Salon Software"},"image":{"@id":"https:\/\/www.phorest.com\/de\/#\/schema\/logo\/image\/"},"sameAs":["https:\/\/www.facebook.com\/phorestsalonsoftware","https:\/\/x.com\/thephorestword","https:\/\/instagram.com\/phorest_salon_software","https:\/\/www.linkedin.com\/company\/phorest?trk=company_name","https:\/\/www.pinterest.com\/phorestss\/","https:\/\/plus.google.com\/u\/0\/b\/101418954139594616916\/101418954139594616916\/posts\/p\/pub"]},{"@type":"Person","@id":"https:\/\/www.phorest.com\/de\/#\/schema\/person\/56a1801ae3d5b559a4450b5b0a308d27","name":"Ann-Kathrin Helm","image":{"@type":"ImageObject","inLanguage":"de","@id":"https:\/\/www.phorest.com\/de\/#\/schema\/person\/image\/","url":"https:\/\/d2dfxqxblmblx4.cloudfront.net\/wp-content\/uploads\/2021\/05\/13095446\/Ann-Kathrin_Helm-150x150.jpg","contentUrl":"https:\/\/d2dfxqxblmblx4.cloudfront.net\/wp-content\/uploads\/2021\/05\/13095446\/Ann-Kathrin_Helm-150x150.jpg","caption":"Ann-Kathrin Helm"},"description":"Ann-Kathrin Helm is our Marketing Executive for Germany, Austria &amp; Switzerland (DACH) here at Phorest Salon Software. She is responsible for customer communication in the DACH region. Her mother \u2013 a master hairdresser \u2013 instilled in her a passion for the industry from an early age. As a result, she understands the challenges and opportunities of the salon world firsthand. This deep connection is reflected in everything she does \u2013 from articles in professional magazines such as TOP HAIR, to targeted email campaigns, inspiring blog posts, and her mission to make Phorest\u2019s features and their benefits more accessible to the Phorest community. Her goal: to make marketing understandable, actionable, and \u2013 above all \u2013 effective, creating real value for beauty entrepreneurs.","sameAs":["https:\/\/www.phorest.com\/de\/","https:\/\/www.linkedin.com\/in\/ann-kathrin-helm\/"],"url":"https:\/\/www.phorest.com\/de\/blog\/author\/ann-kathrin-helm-2\/"}]}},"_links":{"self":[{"href":"https:\/\/www.phorest.com\/de\/wp-json\/wp\/v2\/posts\/91737","targetHints":{"allow":["GET"]}}],"collection":[{"href":"https:\/\/www.phorest.com\/de\/wp-json\/wp\/v2\/posts"}],"about":[{"href":"https:\/\/www.phorest.com\/de\/wp-json\/wp\/v2\/types\/post"}],"author":[{"embeddable":true,"href":"https:\/\/www.phorest.com\/de\/wp-json\/wp\/v2\/users\/40060"}],"replies":[{"embeddable":true,"href":"https:\/\/www.phorest.com\/de\/wp-json\/wp\/v2\/comments?post=91737"}],"version-history":[{"count":4,"href":"https:\/\/www.phorest.com\/de\/wp-json\/wp\/v2\/posts\/91737\/revisions"}],"predecessor-version":[{"id":119879,"href":"https:\/\/www.phorest.com\/de\/wp-json\/wp\/v2\/posts\/91737\/revisions\/119879"}],"wp:featuredmedia":[{"embeddable":true,"href":"https:\/\/www.phorest.com\/de\/wp-json\/wp\/v2\/media\/114448"}],"wp:attachment":[{"href":"https:\/\/www.phorest.com\/de\/wp-json\/wp\/v2\/media?parent=91737"}],"wp:term":[{"taxonomy":"category","embeddable":true,"href":"https:\/\/www.phorest.com\/de\/wp-json\/wp\/v2\/categories?post=91737"},{"taxonomy":"post_tag","embeddable":true,"href":"https:\/\/www.phorest.com\/de\/wp-json\/wp\/v2\/tags?post=91737"}],"curies":[{"name":"wp","href":"https:\/\/api.w.org\/{rel}","templated":true}]}}