{"id":20881,"date":"2017-10-20T08:10:04","date_gmt":"2017-10-20T07:10:04","guid":{"rendered":"https:\/\/phorest-ob-staging.com\/?p=20881"},"modified":"2018-01-15T09:52:38","modified_gmt":"2018-01-15T08:52:38","slug":"jos-olisin-kampaamon-tai-hoitolan-omistaja-niin","status":"publish","type":"post","link":"https:\/\/www.phorest.com\/fi\/blog\/jos-olisin-kampaamon-tai-hoitolan-omistaja-niin\/","title":{"rendered":"Jos Olisin Kauneushoitolan tai Kampaamon Omistaja Niin&#8230;"},"content":{"rendered":"<p>Aika ajoin saamme viesti\u00e4 blogin lukijoilta. Usein s\u00e4hk\u00f6postien aiheina on avun tai lis\u00e4ohjeiden saaminen\u00a0 (vastaamme n\u00e4ihin aina mielell\u00e4mme) . Muutaman kerran olemme kuitenkin saaneet erinomaisia ehdotuksia tulevien blogien aiheista. T\u00e4m\u00e4n blogin idea tuli kampaamoyritt\u00e4j\u00e4 Chris Parkerilta Iso-Britanniasta: <strong>&#8220;Jos olisit kauneushoitolan tai\u00a0<\/strong><strong>kampaamon\u00a0<\/strong><strong>omistaja niin mit\u00e4 tekisit mahdollisesti paremmin tai eri tavalla <\/strong><strong>hius- ja kauneusalalla?&#8221;\u00a0<\/strong><\/p>\n<p>Mielest\u00e4mme t\u00e4m\u00e4 oli aivan loistava kysymys. Phorestin ty\u00f6ntekij\u00f6ill\u00e4 on paljon kokemusta hius- ja kauneusalasta, joten p\u00e4\u00e4timme kysy\u00e4 yrityksemme eri osastojen ty\u00f6ntekij\u00f6ilt\u00e4 mit\u00e4 mielt\u00e4 he ovat kysymyksest\u00e4.<\/p>\n<p><!--more--><\/p>\n<h2>Me Kysyimme Phorestin Eri Osastoilta Mit\u00e4 He Tekisiv\u00e4t Toisin Jos He Olisivat Hoitolan Tai Kampaamon Omistajia&#8230;<\/h2>\n<h3><strong>Tommi Harju,\u00a0 Phorest Finlandin toimitusjohtaja<\/strong><\/h3>\n<h4>Bisneskoulutus&#8230;<\/h4>\n<p><span style=\"font-weight: 400;\">&#8220;Min\u00e4 nostaisin puheenaiheeksi bisneskoulutuksen puutteen hius- ja kauneusalalla. Vastavalmistuneita ja hyvin koulutettuja ty\u00f6ntekij\u00f6it\u00e4 l\u00f6ytyy melko hyvin kampaamoiden ja hoitoloiden palvelukseen. Ongelmia syntyy kun n\u00e4m\u00e4 ty\u00f6ntekiji\u00e4t l\u00e4htev\u00e4t eteenp\u00e4in urallaan perustamaan omaa yrityst\u00e4\u00e4n. Ty\u00f6nkuvan muutos pelk\u00e4st\u00e4 kampaajasta liikkeenomistajaksi on todella suuri askel uralla, mutta silti koulut tarjoavat v\u00e4h\u00e4n tai ei yht\u00e4\u00e4n koulutusta t\u00e4st\u00e4. Esimerkiksi matkailu- ja ravintola-alan opiskelijat k\u00e4yv\u00e4t hotellin tai ravintolan johtamiseen liittyvi\u00e4 kursseja. Jos hius- ja kauneusalalla koulujen opetuksessa painotettaisiin\u00a0<\/span>enemm\u00e4n liiketoimintaosaamista, uskon ett\u00e4 hius-ja kauneusala kokisi suuren muutoksen.&#8221;<\/p>\n<h3><strong>Mia Hagel, Phorestin koulutusvastaava<\/strong><\/h3>\n<h4>Koulutus&#8230;<\/h4>\n<p>&#8220;Kouluttaisin tiimilleni enemm\u00e4n, kuin pelk\u00e4t liikkeen tarjoamat hoidot ja palvelut. Kysyisin itselt\u00e4ni ensin `Mik\u00e4 on asiakkaan polku kampaamossani ja mik\u00e4 on eri tiimin j\u00e4senten rooli t\u00e4ss\u00e4?` Pohtisin kaikkia aspekteja: miten asiakas\u00a0otetaan vastaa, miten heit\u00e4 tervehdit\u00e4\u00e4n\u00a0 ja mill\u00e4 tavoin neuvoa heit\u00e4 niin ett\u00e4 k\u00e4ynti tuntuisi mahdollisimman persoonalliselta, koska sit\u00e4 sen tulisi olla.&#8221;<\/p>\n<h4>Tiimipalavereissa keskustelua liiketoiminnallisista tavoitteista&#8230;<\/h4>\n<p>&#8220;Tiimipalaverit olisivat lyhyit\u00e4, s\u00e4\u00e4nn\u00f6llisi\u00e4 ja pakollisia, sek\u00e4 minulla olisi my\u00f6s koulutussuunnitelma jokaista ty\u00f6ntekij\u00e4\u00e4 varten. N\u00e4iden lis\u00e4ksi nostaisin aika ajoin hintoja (en pahoittelisi t\u00e4t\u00e4 koskaan), enk\u00e4 tarjoaisi alennuksia palveluistani. Asiakkaan keskim\u00e4\u00e4r\u00e4inen kulutus per k\u00e4ynti on niin t\u00e4rke\u00e4 asia, ett\u00e4 pyrkisin my\u00f6s saamaan tiimini ymm\u00e4rt\u00e4m\u00e4\u00e4n oheistuotteiden myynnin t\u00e4rkeyden. Jos olet t\u00e4yteen varattu niin oheistuotemyynti on ainoa keino, jolla voit nostaa rahallista tulostasi.&#8221;<\/p>\n<p>&#8220;Jos johtaisin kampaamoa tai hoitolaa keskittyisin my\u00f6s asiakaspysyvyyteen, koska usein niin iso osa markkinointibudjetista kuluu uusien asiakkaiden hankintaan. Tekisin mieluummin paljon t\u00f6it\u00e4 nykyisen asiakastietokannan kasvattamisen eteen. Lopuksi k\u00e4ytt\u00e4isin aikaa markkinointikalenterin ja tulevaisuuden strategian suunnitteluun.&#8221;<\/p>\n<p><img loading=\"lazy\" decoding=\"async\" class=\"wp-image-20889 aligncenter\" src=\"https:\/\/d2dfxqxblmblx4.cloudfront.net\/wp-content\/uploads\/2017\/10\/19122548\/kampaamon-omistaja.jpg\" alt=\"kampaamon omistaja\" width=\"591\" height=\"394\" srcset=\"https:\/\/d2dfxqxblmblx4.cloudfront.net\/wp-content\/uploads\/2017\/10\/19122548\/kampaamon-omistaja.jpg 1024w, https:\/\/d2dfxqxblmblx4.cloudfront.net\/wp-content\/uploads\/2017\/10\/19122548\/kampaamon-omistaja-300x200.jpg 300w, https:\/\/d2dfxqxblmblx4.cloudfront.net\/wp-content\/uploads\/2017\/10\/19122548\/kampaamon-omistaja-768x512.jpg 768w\" sizes=\"auto, (max-width: 591px) 100vw, 591px\" \/><\/p>\n<h3><strong>Tommi Virkkunen, Phorestin markkinointivastaava<\/strong><\/h3>\n<h4>Oikeat markkinat&#8230;<\/h4>\n<p>&#8220;Jos minulla olisi mahdollisuus py\u00f6ritt\u00e4\u00e4 kampaamoa tai hoitolaa, v\u00e4ltt\u00e4isin alennuksia ja kilpailemista hinnoilla. T\u00e4m\u00e4 on oravanpy\u00f6r\u00e4. Sen sijaan miettisin asemaani markkinoilla ja kysyisin itselt\u00e4ni kuinka korkealuokkaista palvelua haluan tarjota. Vai hakeutuisinko markkinoille, joissa hieman matalampi hinta on p\u00e4\u00e4asia? Sinun tulisi rakentaa liiketoimintasi t\u00e4m\u00e4n p\u00e4\u00e4t\u00f6ksen pohjalle.<\/p>\n<p>Jos yrit\u00e4t tarjota korkealuokkaista palvelua, mutta k\u00e4yt\u00e4t alennuksia tai yrit\u00e4t menn\u00e4 sielt\u00e4 miss\u00e4 aita on matalin, luultavasti ep\u00e4onnistut luomaan oikeanlaisen kokemuksen. Samoin jos saat her\u00e4tetty\u00e4 ihmisiss\u00e4 &#8220;vau&#8221;-kokemuksen, mutta t\u00e4ht\u00e4\u00e4t halvemman hinnan markkinoille niin liiketoimintasi on kest\u00e4m\u00e4tt\u00f6m\u00e4ll\u00e4 pohjalla. Mieti sanan &#8220;ei&#8221; voimaa. Jos pyrit tarjoamaan ensiluokkaista palvelua, jotkut ihmiset sanovat aina luonnostaan, ett\u00e4 yrityksesi on liian kallis heille. Positiivisesta kulmasta katsottuna t\u00e4m\u00e4 tarkoittaa, ett\u00e4 ihmiset ymm\u00e4rt\u00e4v\u00e4t mit\u00e4 yrit\u00e4t saavuttaa ja mink\u00e4laisia asiakkaita yrit\u00e4t houkutella. Toinen asia, varaa tarpeeksi aikaa ihmisten palkkaamiseen. Tapaa niin paljon ihmisi\u00e4 kuin mahdollista ennen kuin palkkaat jonkun. \u00c4l\u00e4 miss\u00e4\u00e4n nimess\u00e4 palkkaa uutta ty\u00f6ntekij\u00e4\u00e4, koska sinun t\u00e4ytyy saada joku nopeasti. T\u00e4m\u00e4 kostautuu sinulle tulevaisuudessa!&#8221;<\/p>\n<h4>Yrityskulttuuri&#8230;<\/h4>\n<p>&#8220;Varmista ett\u00e4 kulttuurisi perustuu oppimiseen. Tarjoa koulutusta, kysy palautetta asioista ja anna jopa nuorempien ty\u00f6ntekij\u00f6iden tehd\u00e4 p\u00e4\u00e4t\u00f6ksi\u00e4. Aloita <span style=\"font-weight: 400;\">p\u00e4\u00e4t\u00f6ksist\u00e4<\/span>, jotka eiv\u00e4t ole <span style=\"font-weight: 400;\">liiketoiminnalle<\/span> kriittisi\u00e4 esim. &#8220;Miten sin\u00e4 sisustaisit odotushuoneen?&#8221; Antamalla heille vastuuta asioissa auttaa t\u00e4m\u00e4 heit\u00e4 tuntemaan olevansa osa liiketoimintaa. Pyyt\u00e4m\u00e4ll\u00e4 ihmisi\u00e4 v\u00e4litt\u00e4m\u00e4\u00e4n, ei aina riit\u00e4.&#8221;<\/p>\n<h4>Markkinointi ja poistuminen turvalliselta alueelta&#8230;<\/h4>\n<p>&#8220;Hanki mahdollisimman pian markkinoinnin koulutusta. Jos olet pienempi yritys, k\u00e4yt\u00e4 Facebook live\u00e4 ja Instagram storya saamaan ihmiset osaksi kampaamon tai hoitolasi matkaa, siit\u00e4 huolimatta kuinka uusi tai vanha yrityksesi on. Jos jaat osaamistasi niin ihmiset tiet\u00e4v\u00e4t, ett\u00e4 olet ammattilainen ja useimmat asiakkaat haluavat ammattilaisen hoitavan heid\u00e4n ihonsa tai hiukset. Laittamalla itsesi esille luot luottamusta ja poistat ennakkoluuloja asiakkailta, jotka eiv\u00e4t ole k\u00e4yneet sinulla aikaisemmin. Ja viimeiseksi, pid\u00e4 <span style=\"font-weight: 400;\">viikoittainen<\/span> tapaaminen, jossa asetat pieni\u00e4 viikkotavoitteita. Kerro selke\u00e4sti mit\u00e4 odotat ja delegoi velvollisuuksia oheistuotteiden myyntiin liittyen. Huom. ei &#8220;teht\u00e4vi\u00e4&#8221; vaan velvollisuuksia.&#8221;<\/p>\n<h3><strong>Merilyn Lilleleht, Phorestin kehitysvastaava<\/strong><\/h3>\n<h4>Kommunikoinnista ja arvojen jakamisesta&#8230;<\/h4>\n<p>&#8220;Oma ty\u00f6ni on melko kaukana siit\u00e4 mit\u00e4 liittyy kampaamon tai hoitolan johtamiseen, mutta t\u00e4ss\u00e4 muutamia asioita, joita tekisin jos aloittaisin hius- tai kauneusalan yrityksen. Neuvoni perustuvat\u00a0<span style=\"font-weight: 400;\">kokemukseeni<\/span> erilaisten ja kokoisten tiimien johtamisesta.<\/p>\n<p>Liikkeesi ty\u00f6ntekij\u00f6iden tulisi arvostaa samoja asioita, ymm\u00e4rt\u00e4\u00e4 mik\u00e4 on missiosi ja tavoitella yrityksellesi asettettuja\u00a0tavoitteita. Puhu heille, koska ainoa keino, jonka avulla ymm\u00e4rr\u00e4t liiketoimintaasi on ottamalla siit\u00e4 selv\u00e4\u00e4 esimerkiksi keskusteluilla ty\u00f6ntekij\u00f6idesi kanssa, eik\u00e4 istumalla tietokoneen takana analysoimalla tilastoja. Sinun t\u00e4ytyy ymm\u00e4rt\u00e4\u00e4 heit\u00e4, ja puhua heille haasteista ja sis\u00e4piirin tiedoista koskien yrityst\u00e4si. On my\u00f6s t\u00e4rke\u00e4\u00e4 pit\u00e4\u00e4 viikottaisia tapaamisia, joissa ihmiset voivat kertoa mit\u00e4 on meneill\u00e4\u00e4n, kuinka kiireisi\u00e4 he ovat sek\u00e4 mit\u00e4 haasteita he kohtaavat p\u00e4ivitt\u00e4isess\u00e4 ty\u00f6ss\u00e4\u00e4n.<\/p>\n<h4>Koulutuksesta ja markkinoinnista..<\/h4>\n<p>Ty\u00f6ntekij\u00e4si k\u00e4ytt\u00e4v\u00e4t huomattavan osan ajastaan asiakkaiden kanssa ty\u00f6skentelyyn. Sinun tulisi investoida koulutukseen siit\u00e4 kuinka haluat ett\u00e4 palvelusi hoidetaan ja varmistaa, ett\u00e4 n\u00e4m\u00e4 siirtyv\u00e4t my\u00f6s p\u00e4ivitt\u00e4iseen arkeen. Koulutukset my\u00f6s pit\u00e4v\u00e4t ty\u00f6ntekij\u00e4si innovatiivisina, auttavat heit\u00e4 olemaan ajan tasalla alan uusista trendeist\u00e4 ja tuomaan uusia ideoita kampaamoon tai hoitolaan. Viel\u00e4 viimeinen asia: laita yrityksesi ihmisten esille, markkinoi itse\u00e4si, osallistu alan keskusteluihin ja saa ty\u00f6ntekij\u00e4si esittelem\u00e4\u00e4n heid\u00e4n t\u00f6it\u00e4\u00e4n niin ett\u00e4 voit markkinoida yrityst\u00e4si samalla.<\/p>\n<h3><strong>Kirsti Sipil\u00e4, Phorestin myyntiosasto<\/strong><\/h3>\n<h4>Asiakaspysyvyydest\u00e4&#8230;<\/h4>\n<p>&#8220;Siit\u00e4 miten olen n\u00e4hnyt ihmisten k\u00e4ytt\u00e4v\u00e4n Phorestia, voin sanoa ettei markkinoinnin tulisi olla toissijainen asia, vaan jotain mit\u00e4 ihmisten tulisi tehd\u00e4 kuten kampaamon siistin\u00e4 pit\u00e4minen. T\u00e4m\u00e4n voimme n\u00e4hd\u00e4 muutamassa ominaisuudessa kuten<a href=\"https:\/\/www.phorest.com\/fi\/blog\/asiakas-reconnect-tehokas-tapa-saada-asiakkaat-takaisin-kampaamoon-ja-kauneushoitolaan\/\"> Phorestin Client ReConnect ty\u00f6kalussa<\/a>, jonka avulla pystyt pysym\u00e4\u00e4n l\u00e4heisess\u00e4 yhteydess\u00e4 asiakkaisiin, ja saamaan heid\u00e4t palaamaan yh\u00e4 uudestaan. T\u00e4m\u00e4n ei v\u00e4ltt\u00e4m\u00e4tt\u00e4 tarvitse olla riippuvainen j\u00e4rjestelm\u00e4st\u00e4 vaan joku ty\u00f6ntekij\u00f6ist\u00e4 voi my\u00f6s k\u00e4yd\u00e4 l\u00e4pi asiakaslistan ja katsoa kuinka usein he k\u00e4yv\u00e4t verrattuna siihen, koska he viimeksi olivat hoidossa. Kun otat yhteytt\u00e4 vakioasiakkaisiin etk\u00e4 niihin, jotka ovat jo ajautuneet jonkun muun yrityksen palveluihin, saat niin paljon huomattavamman vaikutuksen asiakaspysyvyyteen.<\/p>\n<p>Liikkeen omistajana pit\u00e4isin t\u00e4t\u00e4 ehdottomasti t\u00e4rkeimp\u00e4n\u00e4 asiana hyv\u00e4n asiakaspalvelun rinnalla. Pit\u00e4isin kirjaa asiakaspysyvyydest\u00e4 ja uudestaan aikoja varaavista asiakkaista. Tekisin my\u00f6s suunnitelman, jonka avulla pit\u00e4isin asiakaspysyvyyden prosentit korkeina.<\/p>\n<blockquote><p>Liittyen aiheeseen |\u00a0<a href=\"https:\/\/www.phorest.com\/fi\/blog\/2-numero-jotka-kertovat-kuinka-kampaamo-tai-hoitolasi-menestyy\/\">2 numeroa, jotka kertovat kuinka kampaamo tai hoitolasi menestyy<\/a><\/p><\/blockquote>\n<p>Maailma on siirtym\u00e4ss\u00e4 kohti kokemukseen perustuvaa taloutta. T\u00e4m\u00e4 taas tarkoittaa, ett\u00e4 hius- ja kauneusala on hyvin sijoittunut t\u00e4h\u00e4n muutokseen. Mit\u00e4 sin\u00e4 teet t\u00e4m\u00e4n muutoksen hy\u00f6dynt\u00e4miseksi?<\/p>\n<p>Kiitos kun luit,<\/p>\n<p>#LetsGrow<\/p>\n<hr \/>\n<h5>Featured imaged shot on location of\u00a0<a href=\"https:\/\/www.lesleysbeautyclinic.com\/\" rel=\"noopener\">Lesley\u2019s Beauty Clinic<\/a>, in Dublin. \u00a9 2017 Phorest Salon Software.<\/h5>\n","protected":false},"excerpt":{"rendered":"<p>Aika ajoin saamme viesti\u00e4 blogin lukijoilta. Usein s\u00e4hk\u00f6postien aiheina on avun tai lis\u00e4ohjeiden saaminen\u00a0 (vastaamme n\u00e4ihin aina mielell\u00e4mme) . Muutaman kerran olemme kuitenkin saaneet erinomaisia ehdotuksia tulevien blogien aiheista. T\u00e4m\u00e4n blogin idea tuli kampaamoyritt\u00e4j\u00e4 Chris Parkerilta Iso-Britanniasta: &#8220;Jos olisit kauneushoitolan tai\u00a0kampaamon\u00a0omistaja niin mit\u00e4 tekisit mahdollisesti paremmin tai eri tavalla hius- ja kauneusalalla?&#8221;\u00a0 Mielest\u00e4mme t\u00e4m\u00e4 oli &hellip; <a href=\"https:\/\/www.phorest.com\/fi\/blog\/jos-olisin-kampaamon-tai-hoitolan-omistaja-niin\/\">Continued<\/a><\/p>\n","protected":false},"author":36,"featured_media":20520,"comment_status":"open","ping_status":"open","sticky":false,"template":"","format":"standard","meta":{"_acf_changed":false,"footnotes":""},"categories":[3554],"tags":[3913,4898,3914],"class_list":["post-20881","post","type-post","status-publish","format-standard","has-post-thumbnail","hentry","category-hallinta","tag-kampaamo-yrittajyys","tag-kauneushoitola-yrittaja","tag-parturi-kampaamo-yrittaja"],"acf":[],"yoast_head":"<!-- This site is optimized with the Yoast SEO plugin v25.1 - https:\/\/yoast.com\/wordpress\/plugins\/seo\/ -->\n<title>Jos Olisin Kauneushoitolan tai Kampaamon Omistaja Niin... | Phorest<\/title>\n<meta name=\"description\" content=\"Jos olisit kauneushoitolan tai\u00a0kampaamon\u00a0omistaja niin mit\u00e4 tekisit mahdollisesti paremmin tai eri tavalla hius- ja kauneusalalla?\" \/>\n<meta name=\"robots\" content=\"index, follow, max-snippet:-1, max-image-preview:large, max-video-preview:-1\" \/>\n<link rel=\"canonical\" href=\"https:\/\/www.phorest.com\/fi\/blog\/jos-olisin-kampaamon-tai-hoitolan-omistaja-niin\/\" \/>\n<meta property=\"og:locale\" content=\"fi_FI\" \/>\n<meta property=\"og:type\" content=\"article\" \/>\n<meta property=\"og:title\" content=\"Jos Olisin Kauneushoitolan tai Kampaamon Omistaja Niin... | Phorest\" \/>\n<meta property=\"og:description\" content=\"Jos olisit kauneushoitolan tai\u00a0kampaamon\u00a0omistaja niin mit\u00e4 tekisit mahdollisesti paremmin tai eri tavalla hius- ja kauneusalalla?\" \/>\n<meta property=\"og:url\" content=\"https:\/\/www.phorest.com\/fi\/blog\/jos-olisin-kampaamon-tai-hoitolan-omistaja-niin\/\" \/>\n<meta property=\"og:site_name\" content=\"Phorest\" \/>\n<meta property=\"article:publisher\" content=\"https:\/\/www.facebook.com\/phorestsalonsoftware\" \/>\n<meta property=\"article:published_time\" content=\"2017-10-20T07:10:04+00:00\" \/>\n<meta property=\"article:modified_time\" content=\"2018-01-15T08:52:38+00:00\" \/>\n<meta property=\"og:image\" content=\"https:\/\/d2dfxqxblmblx4.cloudfront.net\/wp-content\/uploads\/2017\/10\/16113605\/ChangeInTheIndustry_1200x940_NewDimensions-150x150.jpg\" \/>\n\t<meta property=\"og:image:width\" content=\"1153\" \/>\n\t<meta property=\"og:image:height\" content=\"442\" \/>\n\t<meta property=\"og:image:type\" content=\"image\/jpeg\" \/>\n<meta name=\"author\" content=\"Tommi Virkkunen\" \/>\n<meta name=\"twitter:card\" content=\"summary_large_image\" \/>\n<meta name=\"twitter:image\" content=\"https:\/\/d2dfxqxblmblx4.cloudfront.net\/wp-content\/uploads\/2017\/10\/16113605\/ChangeInTheIndustry_1200x940_NewDimensions-150x150.jpg\" \/>\n<meta name=\"twitter:creator\" content=\"@thephorestword\" \/>\n<meta name=\"twitter:site\" content=\"@thephorestword\" \/>\n<meta name=\"twitter:label1\" content=\"Written by\" \/>\n\t<meta name=\"twitter:data1\" content=\"Tommi Virkkunen\" \/>\n\t<meta name=\"twitter:label2\" content=\"Est. reading time\" \/>\n\t<meta name=\"twitter:data2\" content=\"6 minutes\" \/>\n<script type=\"application\/ld+json\" class=\"yoast-schema-graph\">{\"@context\":\"https:\/\/schema.org\",\"@graph\":[{\"@type\":\"Article\",\"@id\":\"https:\/\/www.phorest.com\/fi\/blog\/jos-olisin-kampaamon-tai-hoitolan-omistaja-niin\/#article\",\"isPartOf\":{\"@id\":\"https:\/\/www.phorest.com\/fi\/blog\/jos-olisin-kampaamon-tai-hoitolan-omistaja-niin\/\"},\"author\":{\"name\":\"Tommi Virkkunen\",\"@id\":\"https:\/\/www.phorest.com\/fi\/#\/schema\/person\/aad6ab51b8d64c51203b5695183c86bb\"},\"headline\":\"Jos Olisin Kauneushoitolan tai Kampaamon Omistaja Niin&#8230;\",\"datePublished\":\"2017-10-20T07:10:04+00:00\",\"dateModified\":\"2018-01-15T08:52:38+00:00\",\"mainEntityOfPage\":{\"@id\":\"https:\/\/www.phorest.com\/fi\/blog\/jos-olisin-kampaamon-tai-hoitolan-omistaja-niin\/\"},\"wordCount\":1214,\"commentCount\":0,\"publisher\":{\"@id\":\"https:\/\/www.phorest.com\/fi\/#organization\"},\"image\":{\"@id\":\"https:\/\/www.phorest.com\/fi\/blog\/jos-olisin-kampaamon-tai-hoitolan-omistaja-niin\/#primaryimage\"},\"thumbnailUrl\":\"https:\/\/d2dfxqxblmblx4.cloudfront.net\/wp-content\/uploads\/2017\/10\/16113605\/ChangeInTheIndustry_1200x940_NewDimensions.jpg\",\"keywords\":[\"kampaamo yritt\u00e4jyys\",\"kauneushoitola yritt\u00e4j\u00e4\",\"parturi-kampaamo yritt\u00e4j\u00e4\"],\"articleSection\":[\"Hallinta\"],\"inLanguage\":\"fi-FI\",\"potentialAction\":[{\"@type\":\"CommentAction\",\"name\":\"Comment\",\"target\":[\"https:\/\/www.phorest.com\/fi\/blog\/jos-olisin-kampaamon-tai-hoitolan-omistaja-niin\/#respond\"]}]},{\"@type\":\"WebPage\",\"@id\":\"https:\/\/www.phorest.com\/fi\/blog\/jos-olisin-kampaamon-tai-hoitolan-omistaja-niin\/\",\"url\":\"https:\/\/www.phorest.com\/fi\/blog\/jos-olisin-kampaamon-tai-hoitolan-omistaja-niin\/\",\"name\":\"Jos Olisin Kauneushoitolan tai Kampaamon Omistaja Niin... | Phorest\",\"isPartOf\":{\"@id\":\"https:\/\/www.phorest.com\/fi\/#website\"},\"primaryImageOfPage\":{\"@id\":\"https:\/\/www.phorest.com\/fi\/blog\/jos-olisin-kampaamon-tai-hoitolan-omistaja-niin\/#primaryimage\"},\"image\":{\"@id\":\"https:\/\/www.phorest.com\/fi\/blog\/jos-olisin-kampaamon-tai-hoitolan-omistaja-niin\/#primaryimage\"},\"thumbnailUrl\":\"https:\/\/d2dfxqxblmblx4.cloudfront.net\/wp-content\/uploads\/2017\/10\/16113605\/ChangeInTheIndustry_1200x940_NewDimensions.jpg\",\"datePublished\":\"2017-10-20T07:10:04+00:00\",\"dateModified\":\"2018-01-15T08:52:38+00:00\",\"description\":\"Jos olisit kauneushoitolan tai\u00a0kampaamon\u00a0omistaja niin mit\u00e4 tekisit mahdollisesti paremmin tai eri tavalla hius- ja kauneusalalla?\",\"breadcrumb\":{\"@id\":\"https:\/\/www.phorest.com\/fi\/blog\/jos-olisin-kampaamon-tai-hoitolan-omistaja-niin\/#breadcrumb\"},\"inLanguage\":\"fi-FI\",\"potentialAction\":[{\"@type\":\"ReadAction\",\"target\":[\"https:\/\/www.phorest.com\/fi\/blog\/jos-olisin-kampaamon-tai-hoitolan-omistaja-niin\/\"]}]},{\"@type\":\"ImageObject\",\"inLanguage\":\"fi-FI\",\"@id\":\"https:\/\/www.phorest.com\/fi\/blog\/jos-olisin-kampaamon-tai-hoitolan-omistaja-niin\/#primaryimage\",\"url\":\"https:\/\/d2dfxqxblmblx4.cloudfront.net\/wp-content\/uploads\/2017\/10\/16113605\/ChangeInTheIndustry_1200x940_NewDimensions.jpg\",\"contentUrl\":\"https:\/\/d2dfxqxblmblx4.cloudfront.net\/wp-content\/uploads\/2017\/10\/16113605\/ChangeInTheIndustry_1200x940_NewDimensions.jpg\",\"width\":1153,\"height\":442,\"caption\":\"kampaamon omistaja\"},{\"@type\":\"BreadcrumbList\",\"@id\":\"https:\/\/www.phorest.com\/fi\/blog\/jos-olisin-kampaamon-tai-hoitolan-omistaja-niin\/#breadcrumb\",\"itemListElement\":[{\"@type\":\"ListItem\",\"position\":1,\"name\":\"Home\",\"item\":\"https:\/\/www.phorest.com\/fi\/\"},{\"@type\":\"ListItem\",\"position\":2,\"name\":\"Jos Olisin Kauneushoitolan tai Kampaamon Omistaja Niin&#8230;\"}]},{\"@type\":\"WebSite\",\"@id\":\"https:\/\/www.phorest.com\/fi\/#website\",\"url\":\"https:\/\/www.phorest.com\/fi\/\",\"name\":\"Phorest\",\"description\":\"Salon Software for Hair, Beauty, Barber &amp; Spa Businesses\",\"publisher\":{\"@id\":\"https:\/\/www.phorest.com\/fi\/#organization\"},\"potentialAction\":[{\"@type\":\"SearchAction\",\"target\":{\"@type\":\"EntryPoint\",\"urlTemplate\":\"https:\/\/www.phorest.com\/fi\/?s={search_term_string}\"},\"query-input\":{\"@type\":\"PropertyValueSpecification\",\"valueRequired\":true,\"valueName\":\"search_term_string\"}}],\"inLanguage\":\"fi-FI\"},{\"@type\":\"Organization\",\"@id\":\"https:\/\/www.phorest.com\/fi\/#organization\",\"name\":\"Phorest Salon Software\",\"url\":\"https:\/\/www.phorest.com\/fi\/\",\"logo\":{\"@type\":\"ImageObject\",\"inLanguage\":\"fi-FI\",\"@id\":\"https:\/\/www.phorest.com\/fi\/#\/schema\/logo\/image\/\",\"url\":\"https:\/\/d2dfxqxblmblx4.cloudfront.net\/wp-content\/uploads\/2019\/10\/24141402\/phorest-acorn-logo1.png\",\"contentUrl\":\"https:\/\/d2dfxqxblmblx4.cloudfront.net\/wp-content\/uploads\/2019\/10\/24141402\/phorest-acorn-logo1.png\",\"width\":201,\"height\":202,\"caption\":\"Phorest Salon Software\"},\"image\":{\"@id\":\"https:\/\/www.phorest.com\/fi\/#\/schema\/logo\/image\/\"},\"sameAs\":[\"https:\/\/www.facebook.com\/phorestsalonsoftware\",\"https:\/\/x.com\/thephorestword\",\"https:\/\/instagram.com\/phorest_salon_software\",\"https:\/\/www.linkedin.com\/company\/phorest?trk=company_name\",\"https:\/\/www.pinterest.com\/phorestss\/\",\"https:\/\/plus.google.com\/u\/0\/b\/101418954139594616916\/101418954139594616916\/posts\/p\/pub\"]},{\"@type\":\"Person\",\"@id\":\"https:\/\/www.phorest.com\/fi\/#\/schema\/person\/aad6ab51b8d64c51203b5695183c86bb\",\"name\":\"Tommi Virkkunen\",\"image\":{\"@type\":\"ImageObject\",\"inLanguage\":\"fi-FI\",\"@id\":\"https:\/\/www.phorest.com\/fi\/#\/schema\/person\/image\/\",\"url\":\"https:\/\/d2dfxqxblmblx4.cloudfront.net\/wp-content\/uploads\/2019\/01\/28102639\/Tommi-V-150x150.jpg\",\"contentUrl\":\"https:\/\/d2dfxqxblmblx4.cloudfront.net\/wp-content\/uploads\/2019\/01\/28102639\/Tommi-V-150x150.jpg\",\"caption\":\"Tommi Virkkunen\"},\"description\":\"Moi blogin lukijat, vastaan Phorestin Finlandin markkinoinnista ja osana p\u00e4ivitt\u00e4ist\u00e4 ty\u00f6t\u00e4ni pyrin l\u00f6yt\u00e4m\u00e4\u00e4n teille parhaat vinkit kampaamon ja kauneushoitolan py\u00f6ritt\u00e4miseen blogin muodossa. Kirjoitan blogia yhteisty\u00f6ss\u00e4 meid\u00e4n mahtavan kansainv\u00e4lisen markkinointitiimin kanssa, joten kaikki vinkit artikkeleihin tulevat suoraan hius- ja kauneusalan huipulta. Jos sinulla tulee mieleen ideoita tai kehitt\u00e4misehdotuksia blogia koskien, niin laita viesti\u00e4.\",\"sameAs\":[\"https:\/\/www.linkedin.com\/in\/tommivirkkunen\/\"],\"url\":\"https:\/\/www.phorest.com\/fi\/blog\/author\/tommi-v\/\"}]}<\/script>\n<!-- \/ Yoast SEO plugin. -->","yoast_head_json":{"title":"Jos Olisin Kauneushoitolan tai Kampaamon Omistaja Niin... | Phorest","description":"Jos olisit kauneushoitolan tai\u00a0kampaamon\u00a0omistaja niin mit\u00e4 tekisit mahdollisesti paremmin tai eri tavalla hius- ja kauneusalalla?","robots":{"index":"index","follow":"follow","max-snippet":"max-snippet:-1","max-image-preview":"max-image-preview:large","max-video-preview":"max-video-preview:-1"},"canonical":"https:\/\/www.phorest.com\/fi\/blog\/jos-olisin-kampaamon-tai-hoitolan-omistaja-niin\/","og_locale":"fi_FI","og_type":"article","og_title":"Jos Olisin Kauneushoitolan tai Kampaamon Omistaja Niin... | Phorest","og_description":"Jos olisit kauneushoitolan tai\u00a0kampaamon\u00a0omistaja niin mit\u00e4 tekisit mahdollisesti paremmin tai eri tavalla hius- ja kauneusalalla?","og_url":"https:\/\/www.phorest.com\/fi\/blog\/jos-olisin-kampaamon-tai-hoitolan-omistaja-niin\/","og_site_name":"Phorest","article_publisher":"https:\/\/www.facebook.com\/phorestsalonsoftware","article_published_time":"2017-10-20T07:10:04+00:00","article_modified_time":"2018-01-15T08:52:38+00:00","og_image":[{"width":1153,"height":442,"url":"https:\/\/d2dfxqxblmblx4.cloudfront.net\/wp-content\/uploads\/2017\/10\/16113605\/ChangeInTheIndustry_1200x940_NewDimensions-150x150.jpg","type":"image\/jpeg"}],"author":"Tommi Virkkunen","twitter_card":"summary_large_image","twitter_image":"https:\/\/d2dfxqxblmblx4.cloudfront.net\/wp-content\/uploads\/2017\/10\/16113605\/ChangeInTheIndustry_1200x940_NewDimensions-150x150.jpg","twitter_creator":"@thephorestword","twitter_site":"@thephorestword","twitter_misc":{"Written by":"Tommi Virkkunen","Est. reading time":"6 minutes"},"schema":{"@context":"https:\/\/schema.org","@graph":[{"@type":"Article","@id":"https:\/\/www.phorest.com\/fi\/blog\/jos-olisin-kampaamon-tai-hoitolan-omistaja-niin\/#article","isPartOf":{"@id":"https:\/\/www.phorest.com\/fi\/blog\/jos-olisin-kampaamon-tai-hoitolan-omistaja-niin\/"},"author":{"name":"Tommi Virkkunen","@id":"https:\/\/www.phorest.com\/fi\/#\/schema\/person\/aad6ab51b8d64c51203b5695183c86bb"},"headline":"Jos Olisin Kauneushoitolan tai Kampaamon Omistaja Niin&#8230;","datePublished":"2017-10-20T07:10:04+00:00","dateModified":"2018-01-15T08:52:38+00:00","mainEntityOfPage":{"@id":"https:\/\/www.phorest.com\/fi\/blog\/jos-olisin-kampaamon-tai-hoitolan-omistaja-niin\/"},"wordCount":1214,"commentCount":0,"publisher":{"@id":"https:\/\/www.phorest.com\/fi\/#organization"},"image":{"@id":"https:\/\/www.phorest.com\/fi\/blog\/jos-olisin-kampaamon-tai-hoitolan-omistaja-niin\/#primaryimage"},"thumbnailUrl":"https:\/\/d2dfxqxblmblx4.cloudfront.net\/wp-content\/uploads\/2017\/10\/16113605\/ChangeInTheIndustry_1200x940_NewDimensions.jpg","keywords":["kampaamo yritt\u00e4jyys","kauneushoitola yritt\u00e4j\u00e4","parturi-kampaamo yritt\u00e4j\u00e4"],"articleSection":["Hallinta"],"inLanguage":"fi-FI","potentialAction":[{"@type":"CommentAction","name":"Comment","target":["https:\/\/www.phorest.com\/fi\/blog\/jos-olisin-kampaamon-tai-hoitolan-omistaja-niin\/#respond"]}]},{"@type":"WebPage","@id":"https:\/\/www.phorest.com\/fi\/blog\/jos-olisin-kampaamon-tai-hoitolan-omistaja-niin\/","url":"https:\/\/www.phorest.com\/fi\/blog\/jos-olisin-kampaamon-tai-hoitolan-omistaja-niin\/","name":"Jos Olisin Kauneushoitolan tai Kampaamon Omistaja Niin... | Phorest","isPartOf":{"@id":"https:\/\/www.phorest.com\/fi\/#website"},"primaryImageOfPage":{"@id":"https:\/\/www.phorest.com\/fi\/blog\/jos-olisin-kampaamon-tai-hoitolan-omistaja-niin\/#primaryimage"},"image":{"@id":"https:\/\/www.phorest.com\/fi\/blog\/jos-olisin-kampaamon-tai-hoitolan-omistaja-niin\/#primaryimage"},"thumbnailUrl":"https:\/\/d2dfxqxblmblx4.cloudfront.net\/wp-content\/uploads\/2017\/10\/16113605\/ChangeInTheIndustry_1200x940_NewDimensions.jpg","datePublished":"2017-10-20T07:10:04+00:00","dateModified":"2018-01-15T08:52:38+00:00","description":"Jos olisit kauneushoitolan tai\u00a0kampaamon\u00a0omistaja niin mit\u00e4 tekisit mahdollisesti paremmin tai eri tavalla hius- ja kauneusalalla?","breadcrumb":{"@id":"https:\/\/www.phorest.com\/fi\/blog\/jos-olisin-kampaamon-tai-hoitolan-omistaja-niin\/#breadcrumb"},"inLanguage":"fi-FI","potentialAction":[{"@type":"ReadAction","target":["https:\/\/www.phorest.com\/fi\/blog\/jos-olisin-kampaamon-tai-hoitolan-omistaja-niin\/"]}]},{"@type":"ImageObject","inLanguage":"fi-FI","@id":"https:\/\/www.phorest.com\/fi\/blog\/jos-olisin-kampaamon-tai-hoitolan-omistaja-niin\/#primaryimage","url":"https:\/\/d2dfxqxblmblx4.cloudfront.net\/wp-content\/uploads\/2017\/10\/16113605\/ChangeInTheIndustry_1200x940_NewDimensions.jpg","contentUrl":"https:\/\/d2dfxqxblmblx4.cloudfront.net\/wp-content\/uploads\/2017\/10\/16113605\/ChangeInTheIndustry_1200x940_NewDimensions.jpg","width":1153,"height":442,"caption":"kampaamon omistaja"},{"@type":"BreadcrumbList","@id":"https:\/\/www.phorest.com\/fi\/blog\/jos-olisin-kampaamon-tai-hoitolan-omistaja-niin\/#breadcrumb","itemListElement":[{"@type":"ListItem","position":1,"name":"Home","item":"https:\/\/www.phorest.com\/fi\/"},{"@type":"ListItem","position":2,"name":"Jos Olisin Kauneushoitolan tai Kampaamon Omistaja Niin&#8230;"}]},{"@type":"WebSite","@id":"https:\/\/www.phorest.com\/fi\/#website","url":"https:\/\/www.phorest.com\/fi\/","name":"Phorest","description":"Salon Software for Hair, Beauty, Barber &amp; Spa Businesses","publisher":{"@id":"https:\/\/www.phorest.com\/fi\/#organization"},"potentialAction":[{"@type":"SearchAction","target":{"@type":"EntryPoint","urlTemplate":"https:\/\/www.phorest.com\/fi\/?s={search_term_string}"},"query-input":{"@type":"PropertyValueSpecification","valueRequired":true,"valueName":"search_term_string"}}],"inLanguage":"fi-FI"},{"@type":"Organization","@id":"https:\/\/www.phorest.com\/fi\/#organization","name":"Phorest Salon Software","url":"https:\/\/www.phorest.com\/fi\/","logo":{"@type":"ImageObject","inLanguage":"fi-FI","@id":"https:\/\/www.phorest.com\/fi\/#\/schema\/logo\/image\/","url":"https:\/\/d2dfxqxblmblx4.cloudfront.net\/wp-content\/uploads\/2019\/10\/24141402\/phorest-acorn-logo1.png","contentUrl":"https:\/\/d2dfxqxblmblx4.cloudfront.net\/wp-content\/uploads\/2019\/10\/24141402\/phorest-acorn-logo1.png","width":201,"height":202,"caption":"Phorest Salon Software"},"image":{"@id":"https:\/\/www.phorest.com\/fi\/#\/schema\/logo\/image\/"},"sameAs":["https:\/\/www.facebook.com\/phorestsalonsoftware","https:\/\/x.com\/thephorestword","https:\/\/instagram.com\/phorest_salon_software","https:\/\/www.linkedin.com\/company\/phorest?trk=company_name","https:\/\/www.pinterest.com\/phorestss\/","https:\/\/plus.google.com\/u\/0\/b\/101418954139594616916\/101418954139594616916\/posts\/p\/pub"]},{"@type":"Person","@id":"https:\/\/www.phorest.com\/fi\/#\/schema\/person\/aad6ab51b8d64c51203b5695183c86bb","name":"Tommi Virkkunen","image":{"@type":"ImageObject","inLanguage":"fi-FI","@id":"https:\/\/www.phorest.com\/fi\/#\/schema\/person\/image\/","url":"https:\/\/d2dfxqxblmblx4.cloudfront.net\/wp-content\/uploads\/2019\/01\/28102639\/Tommi-V-150x150.jpg","contentUrl":"https:\/\/d2dfxqxblmblx4.cloudfront.net\/wp-content\/uploads\/2019\/01\/28102639\/Tommi-V-150x150.jpg","caption":"Tommi Virkkunen"},"description":"Moi blogin lukijat, vastaan Phorestin Finlandin markkinoinnista ja osana p\u00e4ivitt\u00e4ist\u00e4 ty\u00f6t\u00e4ni pyrin l\u00f6yt\u00e4m\u00e4\u00e4n teille parhaat vinkit kampaamon ja kauneushoitolan py\u00f6ritt\u00e4miseen blogin muodossa. Kirjoitan blogia yhteisty\u00f6ss\u00e4 meid\u00e4n mahtavan kansainv\u00e4lisen markkinointitiimin kanssa, joten kaikki vinkit artikkeleihin tulevat suoraan hius- ja kauneusalan huipulta. Jos sinulla tulee mieleen ideoita tai kehitt\u00e4misehdotuksia blogia koskien, niin laita viesti\u00e4.","sameAs":["https:\/\/www.linkedin.com\/in\/tommivirkkunen\/"],"url":"https:\/\/www.phorest.com\/fi\/blog\/author\/tommi-v\/"}]}},"_links":{"self":[{"href":"https:\/\/www.phorest.com\/fi\/wp-json\/wp\/v2\/posts\/20881","targetHints":{"allow":["GET"]}}],"collection":[{"href":"https:\/\/www.phorest.com\/fi\/wp-json\/wp\/v2\/posts"}],"about":[{"href":"https:\/\/www.phorest.com\/fi\/wp-json\/wp\/v2\/types\/post"}],"author":[{"embeddable":true,"href":"https:\/\/www.phorest.com\/fi\/wp-json\/wp\/v2\/users\/36"}],"replies":[{"embeddable":true,"href":"https:\/\/www.phorest.com\/fi\/wp-json\/wp\/v2\/comments?post=20881"}],"version-history":[{"count":0,"href":"https:\/\/www.phorest.com\/fi\/wp-json\/wp\/v2\/posts\/20881\/revisions"}],"wp:featuredmedia":[{"embeddable":true,"href":"https:\/\/www.phorest.com\/fi\/wp-json\/wp\/v2\/media\/20520"}],"wp:attachment":[{"href":"https:\/\/www.phorest.com\/fi\/wp-json\/wp\/v2\/media?parent=20881"}],"wp:term":[{"taxonomy":"category","embeddable":true,"href":"https:\/\/www.phorest.com\/fi\/wp-json\/wp\/v2\/categories?post=20881"},{"taxonomy":"post_tag","embeddable":true,"href":"https:\/\/www.phorest.com\/fi\/wp-json\/wp\/v2\/tags?post=20881"}],"curies":[{"name":"wp","href":"https:\/\/api.w.org\/{rel}","templated":true}]}}